{"id":41512,"date":"2022-08-27T07:45:00","date_gmt":"2022-08-27T10:45:00","guid":{"rendered":"https:\/\/blogopara.com.br\/?p=41512"},"modified":"2022-08-26T19:00:40","modified_gmt":"2022-08-26T22:00:40","slug":"em-1o-programa-na-tv-acm-neto-recorda-trabalho-em-salvador-destaca-andancas-pela-bahia-e-diz-que-estado-pode-ser-muito-mais-forte","status":"publish","type":"post","link":"https:\/\/blogopara.com.br\/index.php\/2022\/08\/27\/em-1o-programa-na-tv-acm-neto-recorda-trabalho-em-salvador-destaca-andancas-pela-bahia-e-diz-que-estado-pode-ser-muito-mais-forte","title":{"rendered":"Em 1\u00ba programa na TV, ACM Neto recorda trabalho em Salvador, destaca andan\u00e7as pela Bahia e diz que estado pode ser muito mais forte"},"content":{"rendered":"<p style=\"text-align: justify;\">Propaganda eleitoral de estreia do candidato a governador ainda ressaltou que Neto trabalhou com tr\u00eas presidentes diferentes e foi eleito melhor prefeito do Brasil em todos os anos<\/p>\n<p style=\"text-align: justify;\">No primeiro programa eleitoral na TV, que foi ao ar nesta sexta-feira (26), o candidato a governador ACM Neto (Uni\u00e3o Brasil) recordou o trabalho realizado na Prefeitura de Salvador, destacou ter percorrido mais de 200 munic\u00edpios da Bahia antes mesmo do in\u00edcio da campanha e afirmou que o estado pode ser muito mais forte. O programa de estreia ainda ressaltou que Neto trabalhou com tr\u00eas presidentes da Rep\u00fablica diferentes e foi eleito melhor prefeito do Brasil em todos os anos, refor\u00e7ando o discurso de que est\u00e1 preparado para governar com qualquer um dos escolhidos para comandar o Pal\u00e1cio do Planalto.<\/p>\n<p style=\"text-align: justify;\">A abertura da propaganda eleitoral foi com a releitura do jingle \u201cACM, meu amor\u201d, que foi apresentado durante o lan\u00e7amento da pr\u00e9-candidatura de Neto ao governo do estado, em dezembro passado. Durante sua fala, ACM Neto disse que, logo ap\u00f3s ter deixado a Prefeitura de Salvador, decidiu colocar o p\u00e9 na estrada e andar pelo estado. \u201cNunca houve um candidato a governador que tenha percorrido mais de 200 munic\u00edpios antes mesmo de come\u00e7ar a campanha eleitoral\u201d, frisou.<\/p>\n<p style=\"text-align: justify;\">\u201cLogo depois que eu passei o bast\u00e3o para o atual prefeito Bruno Reis (Uni\u00e3o Brasil), a gente come\u00e7ou novamente a andar pela Bahia, porque eu sabia que era essencial eu atualizar a minha vis\u00e3o sobre as quest\u00f5es do estado, para eu poder ver de perto essa bahia do presente e sobretudo compreender qual \u00e9 a Bahia do futuro sonhada pelos baianos\u201d, continuou Neto.<\/p>\n<p style=\"text-align: justify;\">O candidato da coliga\u00e7\u00e3o \u201cPra Mudar a Bahia&#8221; ressaltou a necessidade de planejamento e trabalho para mudar o estado. &#8220;Eu sou um cara de trabalho, eu sou um cara que corro atr\u00e1s, que suo a camisa e eu tenho certeza que a Bahia pode mudar. Eu tenho certeza que a Bahia pode ser um estado muito mais forte. Agora, para isso trabalhar com planejamento, correr atr\u00e1s da solu\u00e7\u00e3o dos principais problemas no nosso estado\u201d, disse.<\/p>\n<p style=\"text-align: justify;\">O programa mostrou que, em 2013, o Brasil era governado pela ex-presidente Dilma Rousseff (PT). Em 2016, o chefe do Pal\u00e1cio do Planalto era Michel Temer (MDB), enquanto em 2019 o pa\u00eds era comandado pelo atual presidente Jair Bolsonaro (PL). Em todos estes anos, salientou a propaganda eleitoral, Neto foi eleito o melhor prefeito do Brasil. Isso refor\u00e7a o discurso de Neto, que, ao longo de sua caminhada pela Bahia, tem dito que est\u00e1 preparado para governar o estado com qualquer presidente eleito pelos brasileiros.<\/p>\n<p style=\"text-align: justify;\">Ao longo do programa, diversos relatos foram apresentados. Primeiro, de moradores de Salvador destacando o trabalho de Neto na capital baiana. \u201cNeto \u00e9 amor, a gente v\u00ea o amor dele pela Bahia\u201d, diz uma das entrevistadas. \u201cMuitos n\u00e3o acreditavam, e a prova est\u00e1 a\u00ed\u201d, afirmou outro. \u201cPara administrar a Bahia tem que ser um grande gestor e ACM Neto provou\u201d, salientou outro participante.<\/p>\n<p style=\"text-align: justify;\">Depois vieram relatos de pessoas que moram em diversos munic\u00edpios do interior do estado, que relataram a necessidade de mudan\u00e7a no governo e apontaram problemas em diversas \u00e1reas, em especial na seguran\u00e7a p\u00fablica, sa\u00fade, gera\u00e7\u00e3o de emprego e pol\u00edticas para a juventude.<\/p>\n\n\n<p>Ascom ACM Neto<\/p>\n","protected":false},"excerpt":{"rendered":"<p>Propaganda eleitoral de estreia do candidato a governador ainda ressaltou que Neto trabalhou com tr\u00eas presidentes diferentes e foi eleito melhor prefeito do Brasil em todos os anos No primeiro programa eleitoral na TV, que foi ao ar nesta sexta-feira (26), o candidato a governador ACM Neto (Uni\u00e3o Brasil) recordou o trabalho realizado na Prefeitura [&hellip;]<\/p>\n","protected":false},"author":1,"featured_media":38539,"comment_status":"closed","ping_status":"open","sticky":false,"template":"","format":"standard","meta":{"_uag_custom_page_level_css":"","_monsterinsights_skip_tracking":false,"_monsterinsights_sitenote_active":false,"_monsterinsights_sitenote_note":"","_monsterinsights_sitenote_category":0,"jetpack_post_was_ever_published":false,"_jetpack_newsletter_access":"","_jetpack_dont_email_post_to_subs":false,"_jetpack_newsletter_tier_id":0,"_jetpack_memberships_contains_paywalled_content":false,"_jetpack_memberships_contains_paid_content":false,"footnotes":"","jetpack_publicize_message":"","jetpack_publicize_feature_enabled":true,"jetpack_social_post_already_shared":true,"jetpack_social_options":{"image_generator_settings":{"template":"highway","default_image_id":0,"font":"","enabled":false},"version":2}},"categories":[199,197],"tags":[],"class_list":["post-41512","post","type-post","status-publish","format-standard","has-post-thumbnail","hentry","category-bahia","category-politica"],"jetpack_publicize_connections":[],"jetpack_featured_media_url":"https:\/\/blogopara.com.br\/wp-content\/uploads\/2022\/06\/ACM-neto-foto-assessoria.jpg","uagb_featured_image_src":{"full":["https:\/\/blogopara.com.br\/wp-content\/uploads\/2022\/06\/ACM-neto-foto-assessoria.jpg",500,333,false],"thumbnail":["https:\/\/blogopara.com.br\/wp-content\/uploads\/2022\/06\/ACM-neto-foto-assessoria-150x150.jpg",150,150,true],"medium":["https:\/\/blogopara.com.br\/wp-content\/uploads\/2022\/06\/ACM-neto-foto-assessoria-300x200.jpg",300,200,true],"medium_large":["https:\/\/blogopara.com.br\/wp-content\/uploads\/2022\/06\/ACM-neto-foto-assessoria.jpg",500,333,false],"large":["https:\/\/blogopara.com.br\/wp-content\/uploads\/2022\/06\/ACM-neto-foto-assessoria.jpg",500,333,false],"1536x1536":["https:\/\/blogopara.com.br\/wp-content\/uploads\/2022\/06\/ACM-neto-foto-assessoria.jpg",500,333,false],"2048x2048":["https:\/\/blogopara.com.br\/wp-content\/uploads\/2022\/06\/ACM-neto-foto-assessoria.jpg",500,333,false],"mantranews-slider-large":["https:\/\/blogopara.com.br\/wp-content\/uploads\/2022\/06\/ACM-neto-foto-assessoria.jpg",500,333,false],"mantranews-featured-medium":["https:\/\/blogopara.com.br\/wp-content\/uploads\/2022\/06\/ACM-neto-foto-assessoria-420x307.jpg",420,307,true],"mantranews-featured-long":["https:\/\/blogopara.com.br\/wp-content\/uploads\/2022\/06\/ACM-neto-foto-assessoria-300x333.jpg",300,333,true],"mantranews-block-medium":["https:\/\/blogopara.com.br\/wp-content\/uploads\/2022\/06\/ACM-neto-foto-assessoria-464x290.jpg",464,290,true],"mantranews-carousel-image":["https:\/\/blogopara.com.br\/wp-content\/uploads\/2022\/06\/ACM-neto-foto-assessoria.jpg",500,333,false],"mantranews-block-thumb":["https:\/\/blogopara.com.br\/wp-content\/uploads\/2022\/06\/ACM-neto-foto-assessoria-322x230.jpg",322,230,true],"mantranews-single-large":["https:\/\/blogopara.com.br\/wp-content\/uploads\/2022\/06\/ACM-neto-foto-assessoria.jpg",500,333,false]},"uagb_author_info":{"display_name":"Reda\u00e7\u00e3o geral","author_link":"https:\/\/blogopara.com.br\/index.php\/author\/blogopara"},"uagb_comment_info":0,"uagb_excerpt":"Propaganda eleitoral de estreia do candidato a governador ainda ressaltou que Neto trabalhou com tr\u00eas presidentes diferentes e foi eleito melhor prefeito do Brasil em todos os anos No primeiro programa eleitoral na TV, que foi ao ar nesta sexta-feira (26), o candidato a governador ACM Neto (Uni\u00e3o Brasil) recordou o trabalho realizado na Prefeitura&hellip;","jetpack_sharing_enabled":true,"jetpack_likes_enabled":true,"_links":{"self":[{"href":"https:\/\/blogopara.com.br\/index.php\/wp-json\/wp\/v2\/posts\/41512","targetHints":{"allow":["GET"]}}],"collection":[{"href":"https:\/\/blogopara.com.br\/index.php\/wp-json\/wp\/v2\/posts"}],"about":[{"href":"https:\/\/blogopara.com.br\/index.php\/wp-json\/wp\/v2\/types\/post"}],"author":[{"embeddable":true,"href":"https:\/\/blogopara.com.br\/index.php\/wp-json\/wp\/v2\/users\/1"}],"replies":[{"embeddable":true,"href":"https:\/\/blogopara.com.br\/index.php\/wp-json\/wp\/v2\/comments?post=41512"}],"version-history":[{"count":1,"href":"https:\/\/blogopara.com.br\/index.php\/wp-json\/wp\/v2\/posts\/41512\/revisions"}],"predecessor-version":[{"id":41513,"href":"https:\/\/blogopara.com.br\/index.php\/wp-json\/wp\/v2\/posts\/41512\/revisions\/41513"}],"wp:featuredmedia":[{"embeddable":true,"href":"https:\/\/blogopara.com.br\/index.php\/wp-json\/wp\/v2\/media\/38539"}],"wp:attachment":[{"href":"https:\/\/blogopara.com.br\/index.php\/wp-json\/wp\/v2\/media?parent=41512"}],"wp:term":[{"taxonomy":"category","embeddable":true,"href":"https:\/\/blogopara.com.br\/index.php\/wp-json\/wp\/v2\/categories?post=41512"},{"taxonomy":"post_tag","embeddable":true,"href":"https:\/\/blogopara.com.br\/index.php\/wp-json\/wp\/v2\/tags?post=41512"}],"curies":[{"name":"wp","href":"https:\/\/api.w.org\/{rel}","templated":true}]}}