{"id":41532,"date":"2022-08-27T11:45:00","date_gmt":"2022-08-27T14:45:00","guid":{"rendered":"https:\/\/blogopara.com.br\/?p=41532"},"modified":"2022-08-27T09:07:35","modified_gmt":"2022-08-27T12:07:35","slug":"marcha-para-jesus-acontecera-neste-sabado-em-juazeiro-e-pretende-reunir-multidao-pelas-ruas-da-cidade","status":"publish","type":"post","link":"https:\/\/blogopara.com.br\/index.php\/2022\/08\/27\/marcha-para-jesus-acontecera-neste-sabado-em-juazeiro-e-pretende-reunir-multidao-pelas-ruas-da-cidade","title":{"rendered":"Marcha para Jesus acontecer\u00e1 neste s\u00e1bado em Juazeiro e pretende reunir multid\u00e3o pelas ruas da cidade"},"content":{"rendered":"<p style=\"font-weight: 400; text-align: justify;\">A 20\u00aa edi\u00e7\u00e3o da Marcha para Jesus \u201cUnidos pelo Reino\u201d acontece neste s\u00e1bado(27) em Juazeiro e pretende reunir cerca de 20 mil pessoas no momento de louvor e adora\u00e7\u00e3o pelas ruas da cidade. A Prefeitura de Juazeiro, principal apoiadora do evento, est\u00e1 com tudo planejado para que a Marcha para Jesus seja um verdadeiro sucesso.<br \/><br \/>\u201cEstamos trabalhando junto ao Conselho de Pastores de Juazeiro (Copaj), da Confedera\u00e7\u00e3o de Pastores, Obreiros e L\u00edderes (Cpol) que s\u00e3o os respons\u00e1veis por esse evento para que ele possa ocorrer da melhor maneira poss\u00edvel. Muita gente de Juazeiro e regi\u00e3o, muitas caravanas vindo de outros locais e, com isso, precisamos garantir estrutura e a hospitalidade j\u00e1 bem conhecida do povo juazeirense\u201d, diz o secret\u00e1rio de Cultura, Turismo e Esportes, S\u00e9rgio Fernandes.<br \/><br \/>O ordenamento do tr\u00e2nsito ser\u00e1 feito pela Companhia de Seguran\u00e7a, Tr\u00e2nsito e Transporte (CSTT), que estar\u00e1 com agentes de tr\u00e2nsito em motocicletas dando o suporte de seguran\u00e7a. Al\u00e9m disso, a Guarda Civil Municipal (GCM) tamb\u00e9m atuar\u00e1 no evento, com equipe do Grupamento de Interven\u00e7\u00e3o R\u00e1pido Ostensivo (GIRO) tamb\u00e9m em motocicletas.<br \/><br \/><strong>Programa\u00e7\u00e3o<\/strong><br \/><br \/>A concentra\u00e7\u00e3o ser\u00e1 \u00e0s 16h na Lagoa de Calu. De l\u00e1, um trio sair\u00e1 a caminho da Adolfo Viana at\u00e9 chegar \u00e0 Orla 2, onde ir\u00e3o haver shows musicais com Pastor Fernando e Tambores Remidos e Marquinhos Gomes, al\u00e9m de momentos de ora\u00e7\u00e3o.<br \/><br \/>Durante o percurso, minist\u00e9rios de louvor de diversas igrejas ir\u00e3o tocar e cantar para os participantes.<\/p>\n<p style=\"font-weight: 400; text-align: justify;\">Na Orla 2 haver\u00e1 ainda um espa\u00e7o voltado para servi\u00e7os de sa\u00fade, com\u00a0aferi\u00e7\u00e3o de press\u00e3o, glicemia, sa\u00fade bucal,\u00a0 massagem terap\u00eautica e relaxante feitas pela Equipe da Unibras.\u00a0<\/p>\n\n\n<p>Ascom Seculte PMJ<\/p>\n","protected":false},"excerpt":{"rendered":"<p>A 20\u00aa edi\u00e7\u00e3o da Marcha para Jesus \u201cUnidos pelo Reino\u201d acontece neste s\u00e1bado(27) em Juazeiro e pretende reunir cerca de 20 mil pessoas no momento de louvor e adora\u00e7\u00e3o pelas ruas da cidade. A Prefeitura de Juazeiro, principal apoiadora do evento, est\u00e1 com tudo planejado para que a Marcha para Jesus seja um verdadeiro sucesso. [&hellip;]<\/p>\n","protected":false},"author":1,"featured_media":41535,"comment_status":"closed","ping_status":"open","sticky":false,"template":"","format":"standard","meta":{"_uag_custom_page_level_css":"","_monsterinsights_skip_tracking":false,"_monsterinsights_sitenote_active":false,"_monsterinsights_sitenote_note":"","_monsterinsights_sitenote_category":0,"jetpack_post_was_ever_published":false,"_jetpack_newsletter_access":"","_jetpack_dont_email_post_to_subs":false,"_jetpack_newsletter_tier_id":0,"_jetpack_memberships_contains_paywalled_content":false,"_jetpack_memberships_contains_paid_content":false,"footnotes":"","jetpack_publicize_message":"","jetpack_publicize_feature_enabled":true,"jetpack_social_post_already_shared":true,"jetpack_social_options":{"image_generator_settings":{"template":"highway","default_image_id":0,"font":"","enabled":false},"version":2}},"categories":[1506,203],"tags":[],"class_list":["post-41532","post","type-post","status-publish","format-standard","has-post-thumbnail","hentry","category-cultura","category-juazeiro"],"jetpack_publicize_connections":[],"jetpack_featured_media_url":"https:\/\/blogopara.com.br\/wp-content\/uploads\/2022\/08\/NJ.jpg","uagb_featured_image_src":{"full":["https:\/\/blogopara.com.br\/wp-content\/uploads\/2022\/08\/NJ.jpg",500,500,false],"thumbnail":["https:\/\/blogopara.com.br\/wp-content\/uploads\/2022\/08\/NJ-150x150.jpg",150,150,true],"medium":["https:\/\/blogopara.com.br\/wp-content\/uploads\/2022\/08\/NJ-300x300.jpg",300,300,true],"medium_large":["https:\/\/blogopara.com.br\/wp-content\/uploads\/2022\/08\/NJ.jpg",500,500,false],"large":["https:\/\/blogopara.com.br\/wp-content\/uploads\/2022\/08\/NJ.jpg",500,500,false],"1536x1536":["https:\/\/blogopara.com.br\/wp-content\/uploads\/2022\/08\/NJ.jpg",500,500,false],"2048x2048":["https:\/\/blogopara.com.br\/wp-content\/uploads\/2022\/08\/NJ.jpg",500,500,false],"mantranews-slider-large":["https:\/\/blogopara.com.br\/wp-content\/uploads\/2022\/08\/NJ.jpg",500,500,false],"mantranews-featured-medium":["https:\/\/blogopara.com.br\/wp-content\/uploads\/2022\/08\/NJ-420x307.jpg",420,307,true],"mantranews-featured-long":["https:\/\/blogopara.com.br\/wp-content\/uploads\/2022\/08\/NJ-300x443.jpg",300,443,true],"mantranews-block-medium":["https:\/\/blogopara.com.br\/wp-content\/uploads\/2022\/08\/NJ-464x290.jpg",464,290,true],"mantranews-carousel-image":["https:\/\/blogopara.com.br\/wp-content\/uploads\/2022\/08\/NJ.jpg",500,500,false],"mantranews-block-thumb":["https:\/\/blogopara.com.br\/wp-content\/uploads\/2022\/08\/NJ-322x230.jpg",322,230,true],"mantranews-single-large":["https:\/\/blogopara.com.br\/wp-content\/uploads\/2022\/08\/NJ.jpg",500,500,false]},"uagb_author_info":{"display_name":"Reda\u00e7\u00e3o geral","author_link":"https:\/\/blogopara.com.br\/index.php\/author\/blogopara"},"uagb_comment_info":0,"uagb_excerpt":"A 20\u00aa edi\u00e7\u00e3o da Marcha para Jesus \u201cUnidos pelo Reino\u201d acontece neste s\u00e1bado(27) em Juazeiro e pretende reunir cerca de 20 mil pessoas no momento de louvor e adora\u00e7\u00e3o pelas ruas da cidade. A Prefeitura de Juazeiro, principal apoiadora do evento, est\u00e1 com tudo planejado para que a Marcha para Jesus seja um verdadeiro sucesso.&hellip;","jetpack_sharing_enabled":true,"jetpack_likes_enabled":true,"_links":{"self":[{"href":"https:\/\/blogopara.com.br\/index.php\/wp-json\/wp\/v2\/posts\/41532","targetHints":{"allow":["GET"]}}],"collection":[{"href":"https:\/\/blogopara.com.br\/index.php\/wp-json\/wp\/v2\/posts"}],"about":[{"href":"https:\/\/blogopara.com.br\/index.php\/wp-json\/wp\/v2\/types\/post"}],"author":[{"embeddable":true,"href":"https:\/\/blogopara.com.br\/index.php\/wp-json\/wp\/v2\/users\/1"}],"replies":[{"embeddable":true,"href":"https:\/\/blogopara.com.br\/index.php\/wp-json\/wp\/v2\/comments?post=41532"}],"version-history":[{"count":1,"href":"https:\/\/blogopara.com.br\/index.php\/wp-json\/wp\/v2\/posts\/41532\/revisions"}],"predecessor-version":[{"id":41536,"href":"https:\/\/blogopara.com.br\/index.php\/wp-json\/wp\/v2\/posts\/41532\/revisions\/41536"}],"wp:featuredmedia":[{"embeddable":true,"href":"https:\/\/blogopara.com.br\/index.php\/wp-json\/wp\/v2\/media\/41535"}],"wp:attachment":[{"href":"https:\/\/blogopara.com.br\/index.php\/wp-json\/wp\/v2\/media?parent=41532"}],"wp:term":[{"taxonomy":"category","embeddable":true,"href":"https:\/\/blogopara.com.br\/index.php\/wp-json\/wp\/v2\/categories?post=41532"},{"taxonomy":"post_tag","embeddable":true,"href":"https:\/\/blogopara.com.br\/index.php\/wp-json\/wp\/v2\/tags?post=41532"}],"curies":[{"name":"wp","href":"https:\/\/api.w.org\/{rel}","templated":true}]}}