{"id":41584,"date":"2022-08-28T11:35:00","date_gmt":"2022-08-28T14:35:00","guid":{"rendered":"https:\/\/blogopara.com.br\/?p=41584"},"modified":"2022-08-27T23:12:36","modified_gmt":"2022-08-28T02:12:36","slug":"festival-gastronomico-sabores-de-juazeiro-tera-oficinas-preparatorias-para-estabelecimentos-participantes","status":"publish","type":"post","link":"https:\/\/blogopara.com.br\/index.php\/2022\/08\/28\/festival-gastronomico-sabores-de-juazeiro-tera-oficinas-preparatorias-para-estabelecimentos-participantes","title":{"rendered":"Festival Gastron\u00f4mico Sabores de Juazeiro ter\u00e1 oficinas preparat\u00f3rias para estabelecimentos participantes"},"content":{"rendered":"\n\n<p style=\"text-align: justify;\">A segunda edi\u00e7\u00e3o do Festival Gastron\u00f4mico \u201cSabores de Juazeiro\u201d ser\u00e1 \u00a0s\u00f3 em outubro, mas os preparativos est\u00e3o de vento em popa. Com o tema \u201cOs Frutos do S\u00e3o Francisco\u201d, o festival visa valorizar a nossa rica produ\u00e7\u00e3o local, principalmente da fruticultura, pesca, ovinocultura e tamb\u00e9m da caprinocultura. 64 estabelecimentos se cadastraram para participar em 2022 \u2013 um n\u00famero maior do que o ano passado &#8211; e os propriet\u00e1rios dos restaurantes participar\u00e3o, entre os dias 29 e 31 de agosto, de oficinas preparat\u00f3rias.<br \/><br \/>Na segunda e ter\u00e7a-feira (29 e 30), a oficina \u201cUso e Valoriza\u00e7\u00e3o dos ingredientes locais\u201d, com o chef Leandro Nascimento e a chef Denise Lins acontecer\u00e1 no Restaurante Catingueiros, na Orla 2, a partir das 9h; j\u00e1 na quarta-feira (31), ser\u00e1 a vez da oficina \u201cElabora\u00e7\u00e3o de Coquet\u00e9is\u201d, que ocorrer\u00e1 no Alpendre, \u00e0s 15h com o\u00a0 chef Junior Rocha.<br \/><br \/>A novidade deste ano \u00e9 que al\u00e9m das categorias prato principal, petiscos, lanches e sobremesa, foi inclu\u00edda a categoria de drinks. \u201cDecidimos inserir esta categoria uma vez que o tema traz os frutos da regi\u00e3o, como a nossa uva e a nossa manga conhecidas mundialmente, possam tamb\u00e9m estarem presentes no evento\u201d, explica o gerente do Sebrae, organizador do evento, Carlos Cointeiro.<br \/><br \/>A Prefeitura Municipal de Juazeiro \u00e9 parceira do Festival Gastron\u00f4mico, atrav\u00e9s da Secretaria de Cultura, Turismo e Esportes (Seculte) e Ag\u00eancia de Desenvolvimento Econ\u00f4mico, Agricultura e Pecu\u00e1ria (Adeap), e j\u00e1 incluiu o evento no calend\u00e1rio oficial da cidade. \u201cO Festival Gastron\u00f4mico, que ir\u00e1 acontecer de 14 a 30 de outubro, \u00e9 uma excelente oportunidade para que as empresas do setor possam mostrar seus pratos \u00e0 popula\u00e7\u00e3o e aos turistas, alavancando assim a economia e o turismo local, uma vez que muita gente procura saborear as del\u00edcias peculiares da nossa terra. Esperamos que todos os propriet\u00e1rios cadastrados \u00a0possam participar das oficinas, que s\u00e3o importantes para a culmin\u00e2ncia do Festival\u201d, destaca o gestor de Projetos de Cultura e Turismo de Juazeiro, Edvaldo Franciolli.<\/p>\n\n\n<p>Ascom Seculte<\/p>\n","protected":false},"excerpt":{"rendered":"<p>A segunda edi\u00e7\u00e3o do Festival Gastron\u00f4mico \u201cSabores de Juazeiro\u201d ser\u00e1 \u00a0s\u00f3 em outubro, mas os preparativos est\u00e3o de vento em popa. Com o tema \u201cOs Frutos do S\u00e3o Francisco\u201d, o festival visa valorizar a nossa rica produ\u00e7\u00e3o local, principalmente da fruticultura, pesca, ovinocultura e tamb\u00e9m da caprinocultura. 64 estabelecimentos se cadastraram para participar em 2022 [&hellip;]<\/p>\n","protected":false},"author":1,"featured_media":41585,"comment_status":"closed","ping_status":"open","sticky":false,"template":"","format":"standard","meta":{"_uag_custom_page_level_css":"","_monsterinsights_skip_tracking":false,"_monsterinsights_sitenote_active":false,"_monsterinsights_sitenote_note":"","_monsterinsights_sitenote_category":0,"jetpack_post_was_ever_published":false,"_jetpack_newsletter_access":"","_jetpack_dont_email_post_to_subs":false,"_jetpack_newsletter_tier_id":0,"_jetpack_memberships_contains_paywalled_content":false,"_jetpack_memberships_contains_paid_content":false,"footnotes":"","jetpack_publicize_message":"","jetpack_publicize_feature_enabled":true,"jetpack_social_post_already_shared":true,"jetpack_social_options":{"image_generator_settings":{"template":"highway","default_image_id":0,"font":"","enabled":false},"version":2}},"categories":[203],"tags":[],"class_list":["post-41584","post","type-post","status-publish","format-standard","has-post-thumbnail","hentry","category-juazeiro"],"jetpack_publicize_connections":[],"jetpack_featured_media_url":"https:\/\/blogopara.com.br\/wp-content\/uploads\/2022\/08\/Oficinas-Festival-Gastronomico-2.jpg","uagb_featured_image_src":{"full":["https:\/\/blogopara.com.br\/wp-content\/uploads\/2022\/08\/Oficinas-Festival-Gastronomico-2.jpg",500,500,false],"thumbnail":["https:\/\/blogopara.com.br\/wp-content\/uploads\/2022\/08\/Oficinas-Festival-Gastronomico-2-150x150.jpg",150,150,true],"medium":["https:\/\/blogopara.com.br\/wp-content\/uploads\/2022\/08\/Oficinas-Festival-Gastronomico-2-300x300.jpg",300,300,true],"medium_large":["https:\/\/blogopara.com.br\/wp-content\/uploads\/2022\/08\/Oficinas-Festival-Gastronomico-2.jpg",500,500,false],"large":["https:\/\/blogopara.com.br\/wp-content\/uploads\/2022\/08\/Oficinas-Festival-Gastronomico-2.jpg",500,500,false],"1536x1536":["https:\/\/blogopara.com.br\/wp-content\/uploads\/2022\/08\/Oficinas-Festival-Gastronomico-2.jpg",500,500,false],"2048x2048":["https:\/\/blogopara.com.br\/wp-content\/uploads\/2022\/08\/Oficinas-Festival-Gastronomico-2.jpg",500,500,false],"mantranews-slider-large":["https:\/\/blogopara.com.br\/wp-content\/uploads\/2022\/08\/Oficinas-Festival-Gastronomico-2.jpg",500,500,false],"mantranews-featured-medium":["https:\/\/blogopara.com.br\/wp-content\/uploads\/2022\/08\/Oficinas-Festival-Gastronomico-2-420x307.jpg",420,307,true],"mantranews-featured-long":["https:\/\/blogopara.com.br\/wp-content\/uploads\/2022\/08\/Oficinas-Festival-Gastronomico-2-300x443.jpg",300,443,true],"mantranews-block-medium":["https:\/\/blogopara.com.br\/wp-content\/uploads\/2022\/08\/Oficinas-Festival-Gastronomico-2-464x290.jpg",464,290,true],"mantranews-carousel-image":["https:\/\/blogopara.com.br\/wp-content\/uploads\/2022\/08\/Oficinas-Festival-Gastronomico-2.jpg",500,500,false],"mantranews-block-thumb":["https:\/\/blogopara.com.br\/wp-content\/uploads\/2022\/08\/Oficinas-Festival-Gastronomico-2-322x230.jpg",322,230,true],"mantranews-single-large":["https:\/\/blogopara.com.br\/wp-content\/uploads\/2022\/08\/Oficinas-Festival-Gastronomico-2.jpg",500,500,false]},"uagb_author_info":{"display_name":"Reda\u00e7\u00e3o geral","author_link":"https:\/\/blogopara.com.br\/index.php\/author\/blogopara"},"uagb_comment_info":0,"uagb_excerpt":"A segunda edi\u00e7\u00e3o do Festival Gastron\u00f4mico \u201cSabores de Juazeiro\u201d ser\u00e1 \u00a0s\u00f3 em outubro, mas os preparativos est\u00e3o de vento em popa. Com o tema \u201cOs Frutos do S\u00e3o Francisco\u201d, o festival visa valorizar a nossa rica produ\u00e7\u00e3o local, principalmente da fruticultura, pesca, ovinocultura e tamb\u00e9m da caprinocultura. 64 estabelecimentos se cadastraram para participar em 2022&hellip;","jetpack_sharing_enabled":true,"jetpack_likes_enabled":true,"_links":{"self":[{"href":"https:\/\/blogopara.com.br\/index.php\/wp-json\/wp\/v2\/posts\/41584","targetHints":{"allow":["GET"]}}],"collection":[{"href":"https:\/\/blogopara.com.br\/index.php\/wp-json\/wp\/v2\/posts"}],"about":[{"href":"https:\/\/blogopara.com.br\/index.php\/wp-json\/wp\/v2\/types\/post"}],"author":[{"embeddable":true,"href":"https:\/\/blogopara.com.br\/index.php\/wp-json\/wp\/v2\/users\/1"}],"replies":[{"embeddable":true,"href":"https:\/\/blogopara.com.br\/index.php\/wp-json\/wp\/v2\/comments?post=41584"}],"version-history":[{"count":1,"href":"https:\/\/blogopara.com.br\/index.php\/wp-json\/wp\/v2\/posts\/41584\/revisions"}],"predecessor-version":[{"id":41586,"href":"https:\/\/blogopara.com.br\/index.php\/wp-json\/wp\/v2\/posts\/41584\/revisions\/41586"}],"wp:featuredmedia":[{"embeddable":true,"href":"https:\/\/blogopara.com.br\/index.php\/wp-json\/wp\/v2\/media\/41585"}],"wp:attachment":[{"href":"https:\/\/blogopara.com.br\/index.php\/wp-json\/wp\/v2\/media?parent=41584"}],"wp:term":[{"taxonomy":"category","embeddable":true,"href":"https:\/\/blogopara.com.br\/index.php\/wp-json\/wp\/v2\/categories?post=41584"},{"taxonomy":"post_tag","embeddable":true,"href":"https:\/\/blogopara.com.br\/index.php\/wp-json\/wp\/v2\/tags?post=41584"}],"curies":[{"name":"wp","href":"https:\/\/api.w.org\/{rel}","templated":true}]}}