{"id":41643,"date":"2022-08-29T09:32:24","date_gmt":"2022-08-29T12:32:24","guid":{"rendered":"https:\/\/blogopara.com.br\/?p=41643"},"modified":"2022-08-29T09:32:33","modified_gmt":"2022-08-29T12:32:33","slug":"neto-tem-tudo-para-ganhar-a-eleicao-no-primeiro-turno-diz-leo-prates","status":"publish","type":"post","link":"https:\/\/blogopara.com.br\/index.php\/2022\/08\/29\/neto-tem-tudo-para-ganhar-a-eleicao-no-primeiro-turno-diz-leo-prates","title":{"rendered":"\u201cNeto tem tudo para ganhar a elei\u00e7\u00e3o no primeiro turno\u201d, diz Leo Prates"},"content":{"rendered":"<p class=\"Normal tm5\" style=\"text-align: justify;\"><span class=\"tm6\">O deputado estadual Leo Prates (PDT) acredita que o candidato do Uni\u00e3o Brasil ao governo da Bahia, ACM Neto, pode levar a elei\u00e7\u00e3o no primeiro turno. \u201cEu acho, a minha avalia\u00e7\u00e3o \u00e9 que, por enquanto, ACM Neto tem tudo para ganhar a elei\u00e7\u00e3o no primeiro turno. A elei\u00e7\u00e3o s\u00f3 se ganha no dia, n\u00f3s estamos com a sand\u00e1lia da humildade, correndo nos munic\u00edpios da Bahia, trabalhando. Vamos apresentar o melhor plano de governo entre os candidatos a governador. Agora, n\u00f3s temos todas a chances e condi\u00e7\u00f5es de ganhar a elei\u00e7\u00e3o no primeiro turno. Temos o melhor candidato, temos as melhores propostas e estamos vendo o sentimento popular abra\u00e7ando a candidatura de ACM Neto\u201d, disse, em entrevista \u00e0\u00a0<\/span><strong><span class=\"tm7\">Tribuna<\/span><\/strong><span class=\"tm6\">.<\/span><\/p>\n<p class=\"Normal tm5\" style=\"text-align: justify;\"><span class=\"tm6\">Para ele, a elei\u00e7\u00e3o ao governo da Bahia n\u00e3o ser\u00e1 casada com o pleito nacional. \u201cAcho que o eleitor est\u00e1 independente, o eleitor n\u00e3o quer mais essa coisa de bloco, essa coisa autorit\u00e1ria de cima para baixo. Acho que o eleitor est\u00e1 refletindo qual as melhores propostas, qual o melhor candidato a presidente e vai fazer essa reflex\u00e3o cargo a cargo. Eu n\u00e3o acho mais que o voto vai ser entrela\u00e7ado.\u201d, pontuou.<\/span><\/p>\n<p class=\"Normal tm5\" style=\"text-align: justify;\"><strong><span class=\"tm7\">Tribuna \u2013 Como o senhor v\u00ea o desenrolar do in\u00edcio da campanha? H\u00e1 uma expectativa de uma vit\u00f3ria de ACM Neto no primeiro turno ou na sua avalia\u00e7\u00e3o pode haver um segundo turno?<\/span><\/strong><\/p>\n<p class=\"Normal tm5\" style=\"text-align: justify;\"><strong><span class=\"tm7\">Leo Prates \u2013<\/span><\/strong><span class=\"tm6\">\u00a0Eu acho, a minha avalia\u00e7\u00e3o \u00e9 que, por enquanto, ACM Neto tem tudo para ganhar a elei\u00e7\u00e3o no primeiro turno. A elei\u00e7\u00e3o s\u00f3 se ganha no dia, n\u00f3s estamos com a sand\u00e1lia da humildade, correndo nos munic\u00edpios da Bahia, trabalhando. Vamos apresentar o melhor plano de governo entre os candidatos a governador. Agora, n\u00f3s temos todas a chances e condi\u00e7\u00f5es de ganhar a elei\u00e7\u00e3o no primeiro turno. Temos o melhor candidato, temos as melhores propostas e estamos vendo o sentimento popular abra\u00e7ando a candidatura de ACM Neto.<\/span><\/p>\n<p class=\"Normal tm5\" style=\"text-align: justify;\"><strong><span class=\"tm7\">Tribuna \u2013 O senhor acredita que a elei\u00e7\u00e3o nacional de presidente pode de alguma forma influenciar a elei\u00e7\u00e3o aqui na Bahia. Por exemplo, Lula especificamente, pode ajudar a crescer, ou s\u00e3o coisas separadas?<\/span><\/strong><\/p>\n<p class=\"Normal tm5\" style=\"text-align: justify;\"><strong><span class=\"tm7\">L\u00e9o Prates \u2013\u00a0<\/span><\/strong><span class=\"tm6\">Acho que o eleitor est\u00e1 independente, o eleitor n\u00e3o quer mais essa coisa de bloco, essa coisa autorit\u00e1ria de cima para baixo. Acho que o eleitor est\u00e1 refletindo qual as melhores propostas, qual o melhor candidato a presidente e vai fazer essa reflex\u00e3o cargo a cargo. Eu n\u00e3o acho mais que o voto vai ser entrela\u00e7ado.<\/span><\/p>\n<p class=\"Normal tm5\" style=\"text-align: justify;\"><strong><span class=\"tm7\">Tribuna \u2013 Caso o senhor seja eleito para a C\u00e2mara Federal, qual ser\u00e1 sua principal \u00e1rea de atua\u00e7\u00e3o, qual sua principal bandeira que o senhor focar\u00e1 para a Bahia e para o Brasil?<\/span><\/strong><\/p>\n<p class=\"Normal tm5\" style=\"text-align: justify;\"><strong><span class=\"tm7\">L\u00e9o Prates \u2013<\/span><\/strong><span class=\"tm6\">\u00a0Irei trabalhar fortemente pela sa\u00fade e pelo social, ser\u00e3o minhas duas principais bandeiras. S\u00e3o as \u00e1reas, inclusive, que eu ocupei secretarias no munic\u00edpio de Salvador. S\u00e3o as \u00e1reas que, como vereador, me trouxeram destaque. Especialmente na \u00e1rea social, no movimento da pessoa com defici\u00eancia, depois eu me aproximei pelo movimento da pessoa em situa\u00e7\u00e3o de rua e por \u00faltimo dos movimentos da sa\u00fade. Ent\u00e3o essas ser\u00e3o minhas principais \u00e1reas: sa\u00fade e social. Acho que adquiri conhecimento, bagagem, na minha vida para poder contribuir com meu pa\u00eds e contribuir com meu estado nesses dois campos.<\/span><\/p>\n<p class=\"Normal tm5\" style=\"text-align: justify;\"><strong><span class=\"tm7\">Tribuna \u2013 Al\u00e9m da sa\u00fade, quais as principais ou a principal car\u00eancia na Bahia, hoje, e que o governo do estado atual n\u00e3o conseguiu ainda consolidar pol\u00edticas eficazes para resolver os gargalos?<\/span><\/strong><\/p>\n<p class=\"Normal tm5\" style=\"text-align: justify;\"><strong><span class=\"tm7\">L\u00e9o Prates \u2013<\/span><\/strong><span class=\"tm6\">\u00a0O principal desafio do pr\u00f3ximo governo ser\u00e1 a educa\u00e7\u00e3o, sem sombra de d\u00favidas. Ainda tem indicadores da \u00e1rea de educa\u00e7\u00e3o que deixam muito a desejar. Eu acredito que o desafio do pr\u00f3ximo governador ser\u00e1 dentro das \u00e1reas a educa\u00e7\u00e3o, eu acho que a educa\u00e7\u00e3o \u00e9 a \u00e1rea onde se deve ter o maior investimento e um olhar mais cauteloso do pr\u00f3ximo governador, seja quem for. A gente est\u00e1 acompanhando ACM Neto, mas acho que essa \u00e9 uma \u00e1rea que precisa de um olhar especial. E na \u00e1rea da sa\u00fade eu acredito que o governo do estado tem que participar mais da aten\u00e7\u00e3o prim\u00e1ria. A lei do SUS diz que o SUS \u00e9 tripartite (prefeituras, governo do estado e governo federal), ent\u00e3o a gente precisa de um investimento maci\u00e7o do governo do estado na aten\u00e7\u00e3o prim\u00e1ria. Inclusive como alguns estados v\u00eam fazendo premiando prefeituras que melhoram indicadores, por exemplos indicadores associados ao AVC, a infarto, indicadores que possam reduzir a demanda por atendimento a sa\u00fade.<\/span><\/p>\n<p class=\"Normal tm5\" style=\"text-align: justify;\"><strong><span class=\"tm7\">Tribuna \u2013 Como o senhor est\u00e1 vendo o desempenho dos candidatos \u00e0 Presid\u00eancia e de Ciro Gomes? Ainda h\u00e1 possibilidade de um crescimento, de ir para o segundo turno a disputa?<\/span><\/strong><\/p>\n<p class=\"Normal tm5\" style=\"text-align: justify;\"><strong><span class=\"tm7\">L\u00e9o Prates \u2013<\/span><\/strong><span class=\"tm6\">\u00a0Eu acredito que sim, eu acho que a elei\u00e7\u00e3o est\u00e1 muito ainda entre torcidas organizadas, ontem n\u00f3s come\u00e7amos um novo momento da elei\u00e7\u00e3o, come\u00e7aram as entrevistas com os candidatos a presid\u00eancia e eu acho que com a entrada de Ciro Gomes ele vai mostrar que \u00e9 o melhor candidato para o Brasil. Al\u00e9m de que \u00e9 o candidato que na sua pr\u00e9-campanha mais prestigiou a Bahia, porque pegou uma vice baiana, vice-prefeita de Salvador, me refiro a Ana Paula Matos. Ent\u00e3o isso mostra a prioridade que Ciro Gomes dar\u00e1 a Bahia, caso eleito.<\/span><\/p>\n<p class=\"Normal tm5\" style=\"text-align: justify;\"><strong><span class=\"tm7\">Tribuna \u2013 Ana Paula como vice de Ciro, que contribui\u00e7\u00e3o o senhor acha que ela pode dar e agregar \u00e0 chapa de Ciro Gomes, num eventual governo?<\/span><\/strong><\/p>\n<p class=\"Normal tm5\" style=\"text-align: justify;\"><strong><span class=\"tm7\">L\u00e9o Prates \u2013<\/span><\/strong><span class=\"tm6\">\u00a0Eu acho que Ana Paula traz tr\u00eas atr\u00e1s para chapa de Ciro que s\u00e3o muito importantes. A primeira dela \u00e9 a quest\u00e3o da mulher, da igualdade, da luta, ela \u00e9 uma mulher de luta e uma mulher que venceu pelos seus pr\u00f3prios m\u00e9ritos. Eu tenho uma admira\u00e7\u00e3o enorme pela vice-prefeita e atual pr\u00e9-candidata a vice-presid\u00eancia da Rep\u00fablica, Ana Paula Matos. E eu acho que ela traz um olhar especial para a quest\u00e3o social, que \u00e9 uma coisa que n\u00f3s temos at\u00e9 como intercess\u00e3o das nossas atua\u00e7\u00f5es na vida p\u00fablica. E para a educa\u00e7\u00e3o, Ana Paula foi diretora da secretaria de educa\u00e7\u00e3o, foi secret\u00e1ria de promo\u00e7\u00e3o social, ent\u00e3o eu acho que Ana Paula traz o que a Bahia tem de melhor para chapa de Ciro Gomes.<\/span><\/p>\n<p class=\"Normal tm5\" style=\"text-align: justify;\"><strong><span class=\"tm7\">Tribuna \u2013 O senhor acha que mais \u00e0 frente, quem sabe, existe a possibilidade de ACM Neto apoiar Ciro Gomes?<\/span><\/strong><\/p>\n<p class=\"Normal tm5\" style=\"text-align: justify;\"><strong><span class=\"tm7\">L\u00e9o Prates<\/span><\/strong>\u00a0<strong><span class=\"tm7\">\u2013\u00a0<\/span><\/strong><span class=\"tm6\">Acho dif\u00edcil isso por conta que, eu volto a dizer eu acredito numa vit\u00f3ria de ACM Neto no primeiro turno. ACM tem no seu palanque o PDT, que lan\u00e7ou Ciro Gomes, tem o Republicanos, que apoia Bolsonaro, tem o Solidariedade, que apoia Lula, tem o PSDB, que est\u00e1 na chapa com a Simone Tebet. Ent\u00e3o, ACM tem v\u00e1rios partidos que est\u00e3o em v\u00e1rios campos diversos, ou seja, ACM Neto inverteu a l\u00f3gica da pol\u00edtica de normalmente se replicar as coliga\u00e7\u00f5es nacionais. ACM Neto \u00e9, hoje, individualmente o candidato que tem mais votos na Bahia, dentro das pesquisas que est\u00e3o sendo apresentadas. Ent\u00e3o, eu acho muito dif\u00edcil ACM Neto quebrar essa l\u00f3gica e se atrelar a qualquer candidato, qualquer que seja ele, acho muito dif\u00edcil isso acontecer. Mas acredito que ACM Neto manter\u00e1 o palanque aberto como ele sempre colocou para os candidatos que est\u00e3o dentro do seu campo pol\u00edtico.<\/span><\/p>\n<p class=\"Normal tm5\" style=\"text-align: justify;\"><strong><span class=\"tm7\">Tribuna \u2013 Como \u00e9 o clima hoje dentro do PDT baiano, existe algum tipo de atrito entre as principais lideran\u00e7as, como est\u00e1 essa quest\u00e3o a\u00ed?<\/span><\/strong><\/p>\n<p class=\"Normal tm5\" style=\"text-align: justify;\"><strong><span class=\"tm7\">L\u00e9o Prates \u2013<\/span><\/strong><span class=\"tm6\">\u00a0O clima \u00e9 de uni\u00e3o, Felix Mendon\u00e7a J\u00fanior \u00e9 um grande amigo que eu tenho, Ana Paula Matos \u00e9 uma pessoa que n\u00f3s temos uma rela\u00e7\u00e3o h\u00e1 mais de 20 anos, \u00e9 uma pessoa do nosso grupo pol\u00edtico, nosso eu digo do prefeito Bruno Reis e do atual pr\u00e9-candidato ACM Neto. Entre n\u00f3s tr\u00eas, \u00e9 uma rela\u00e7\u00e3o de fraternidade, irmandade e de grande amizade, \u00e9 um clima de paz.<\/span><\/p>\n<p class=\"Normal tm5\" style=\"text-align: justify;\"><strong><span class=\"tm7\">Tribuna \u2013 Voltando \u00e0 quest\u00e3o da sa\u00fade, como o senhor enxerga a situa\u00e7\u00e3o hoje no estado? Aprofundando um pouco o que o senhor disse no in\u00edcio, o que falta aperfei\u00e7oar e resolver de problema, de car\u00eancia?<\/span><\/strong><\/p>\n<p class=\"Normal tm5\" style=\"text-align: justify;\"><strong><span class=\"tm7\">L\u00e9o Prates \u2013<\/span><\/strong><span class=\"tm6\">\u00a0Eu acho que, como ACM Neto diz, \u201co governo do estado tem que matar mais no peito os problemas que existem por todos os munic\u00edpios\u201d. E eu volto a dizer, h\u00e1 um discurso equivocado que posto de sa\u00fade \u00e9 responsabilidade do munic\u00edpio e n\u00e3o \u00e9, a lei do SUS diz que \u00e9 tripartite (responsabilidade do governo federal, responsabilidade do governo estatual e responsabilidade das prefeituras), a responsabilidade \u00e9 dos tr\u00eas. N\u00f3s precisamos de um investimento maci\u00e7o do governo do estado com programas, inclusive o Rio Grande do Norte hoje tem grandes programas para a aten\u00e7\u00e3o prim\u00e1ria, eu volto a dizer em indicadores da aten\u00e7\u00e3o prim\u00e1ria, inclusive premiando os munic\u00edpios que conseguirem reduzir. Eu acredito que esse \u00e9 um ponto. A descentraliza\u00e7\u00e3o do servi\u00e7o de sa\u00fade, por exemplo a gente falou das pessoas com defici\u00eancia, hoje voc\u00ea tem um centro, o CPREV, concentrado em Salvador. N\u00f3s, inclusive, aqui na assembleia apresentamos um projeto de indica\u00e7\u00e3o ao governo do estado pela descentraliza\u00e7\u00e3o do CPREV. Ent\u00e3o, a descentraliza\u00e7\u00e3o dos servi\u00e7os de sa\u00fade, eu acho que \u00e9 um dos grandes desafios. Al\u00e9m do que a melhoria da log\u00edstica para pacientes graves que est\u00e3o no interior do estado e t\u00eam dificuldade na log\u00edstica de transporte quando regulados pela regula\u00e7\u00e3o estadual. Acredito que esses s\u00e3o os avan\u00e7os que a Bahia espera do pr\u00f3ximo governador.<\/span><\/p>\n<p class=\"Normal tm5\" style=\"text-align: justify;\"><strong><span class=\"tm7\">Tribuna \u2013 A seguran\u00e7a tem sido um assunto muito abordado por ACM Neto e outros candidatos na Bahia, o senhor acha que essa \u00e9 uma quest\u00e3o tamb\u00e9m para o pr\u00f3ximo governador?<\/span><\/strong><\/p>\n<p class=\"Normal tm5\" style=\"text-align: justify;\"><strong><span class=\"tm7\">L\u00e9o Prates \u2013<\/span><\/strong><span class=\"tm6\">\u00a0Eu acho que seguran\u00e7a p\u00fablica \u00e9 um direito do cidad\u00e3o. Ent\u00e3o, eu acho salutar qualquer tipo de debate que possa trazer melhorias para qualquer \u00e1rea que seja direito do cidad\u00e3o soteropolitano e baiano. Eu acho tamb\u00e9m que n\u00f3s precisamos avan\u00e7ar bastante nos programas estaduais da a\u00e9rea social. Veja que ACM Neto criou o aux\u00edlio emergencial na prefeitura de Salvador, n\u00f3s criamos o M\u00e3e Salvador na sa\u00fade, que n\u00f3s indicamos at\u00e9 que fosse para o M\u00e3e Bahia. E o que \u00e9 o M\u00e3e Salvador? N\u00f3s temos muito problema de crian\u00e7a nascendo com s\u00edfilis cong\u00eanita, s\u00edfilis transmitida de m\u00e3e para filho, isso traz uma falta de qualidade de vida para a crian\u00e7a, um sofrimento enorme para as mam\u00e3es, que deveria ser o momento mais especial e um problema para o sistema p\u00fablico de sa\u00fade, porque essa crian\u00e7a vai entrar no sistema j\u00e1 muito nova e n\u00e3o vai sair mais, porque ela vai precisar sempre de tratamento especializado. Ent\u00e3o, preven\u00e7\u00e3o. Ent\u00e3o, eu acho que o avan\u00e7o dos programas estaduais na a\u00e9rea social \u00e9 uma das prioridades do pr\u00f3ximo governador deve ter, porque a obriga\u00e7\u00e3o do estado \u00e9 cuidar das pessoas que mais precisam e est\u00e3o mais vulner\u00e1veis.<\/span><\/p>\n","protected":false},"excerpt":{"rendered":"<p>O deputado estadual Leo Prates (PDT) acredita que o candidato do Uni\u00e3o Brasil ao governo da Bahia, ACM Neto, pode levar a elei\u00e7\u00e3o no primeiro turno. \u201cEu acho, a minha avalia\u00e7\u00e3o \u00e9 que, por enquanto, ACM Neto tem tudo para ganhar a elei\u00e7\u00e3o no primeiro turno. A elei\u00e7\u00e3o s\u00f3 se ganha no dia, n\u00f3s estamos [&hellip;]<\/p>\n","protected":false},"author":1,"featured_media":41644,"comment_status":"closed","ping_status":"open","sticky":false,"template":"","format":"standard","meta":{"_uag_custom_page_level_css":"","_monsterinsights_skip_tracking":false,"_monsterinsights_sitenote_active":false,"_monsterinsights_sitenote_note":"","_monsterinsights_sitenote_category":0,"jetpack_post_was_ever_published":false,"_jetpack_newsletter_access":"","_jetpack_dont_email_post_to_subs":false,"_jetpack_newsletter_tier_id":0,"_jetpack_memberships_contains_paywalled_content":false,"_jetpack_memberships_contains_paid_content":false,"footnotes":"","jetpack_publicize_message":"","jetpack_publicize_feature_enabled":true,"jetpack_social_post_already_shared":true,"jetpack_social_options":{"image_generator_settings":{"template":"highway","default_image_id":0,"font":"","enabled":false},"version":2}},"categories":[199,197],"tags":[1705,1327,10113],"class_list":["post-41643","post","type-post","status-publish","format-standard","has-post-thumbnail","hentry","category-bahia","category-politica","tag-acm-neto","tag-eleicoes-2022","tag-leo-prates-2"],"jetpack_publicize_connections":[],"jetpack_featured_media_url":"https:\/\/blogopara.com.br\/wp-content\/uploads\/2022\/08\/leo_prates_2_widelg.jpg","uagb_featured_image_src":{"full":["https:\/\/blogopara.com.br\/wp-content\/uploads\/2022\/08\/leo_prates_2_widelg.jpg",500,281,false],"thumbnail":["https:\/\/blogopara.com.br\/wp-content\/uploads\/2022\/08\/leo_prates_2_widelg-150x150.jpg",150,150,true],"medium":["https:\/\/blogopara.com.br\/wp-content\/uploads\/2022\/08\/leo_prates_2_widelg-300x169.jpg",300,169,true],"medium_large":["https:\/\/blogopara.com.br\/wp-content\/uploads\/2022\/08\/leo_prates_2_widelg.jpg",500,281,false],"large":["https:\/\/blogopara.com.br\/wp-content\/uploads\/2022\/08\/leo_prates_2_widelg.jpg",500,281,false],"1536x1536":["https:\/\/blogopara.com.br\/wp-content\/uploads\/2022\/08\/leo_prates_2_widelg.jpg",500,281,false],"2048x2048":["https:\/\/blogopara.com.br\/wp-content\/uploads\/2022\/08\/leo_prates_2_widelg.jpg",500,281,false],"mantranews-slider-large":["https:\/\/blogopara.com.br\/wp-content\/uploads\/2022\/08\/leo_prates_2_widelg.jpg",500,281,false],"mantranews-featured-medium":["https:\/\/blogopara.com.br\/wp-content\/uploads\/2022\/08\/leo_prates_2_widelg-420x281.jpg",420,281,true],"mantranews-featured-long":["https:\/\/blogopara.com.br\/wp-content\/uploads\/2022\/08\/leo_prates_2_widelg-300x281.jpg",300,281,true],"mantranews-block-medium":["https:\/\/blogopara.com.br\/wp-content\/uploads\/2022\/08\/leo_prates_2_widelg-464x281.jpg",464,281,true],"mantranews-carousel-image":["https:\/\/blogopara.com.br\/wp-content\/uploads\/2022\/08\/leo_prates_2_widelg.jpg",500,281,false],"mantranews-block-thumb":["https:\/\/blogopara.com.br\/wp-content\/uploads\/2022\/08\/leo_prates_2_widelg-322x230.jpg",322,230,true],"mantranews-single-large":["https:\/\/blogopara.com.br\/wp-content\/uploads\/2022\/08\/leo_prates_2_widelg.jpg",500,281,false]},"uagb_author_info":{"display_name":"Reda\u00e7\u00e3o geral","author_link":"https:\/\/blogopara.com.br\/index.php\/author\/blogopara"},"uagb_comment_info":0,"uagb_excerpt":"O deputado estadual Leo Prates (PDT) acredita que o candidato do Uni\u00e3o Brasil ao governo da Bahia, ACM Neto, pode levar a elei\u00e7\u00e3o no primeiro turno. \u201cEu acho, a minha avalia\u00e7\u00e3o \u00e9 que, por enquanto, ACM Neto tem tudo para ganhar a elei\u00e7\u00e3o no primeiro turno. A elei\u00e7\u00e3o s\u00f3 se ganha no dia, n\u00f3s estamos&hellip;","jetpack_sharing_enabled":true,"jetpack_likes_enabled":true,"_links":{"self":[{"href":"https:\/\/blogopara.com.br\/index.php\/wp-json\/wp\/v2\/posts\/41643","targetHints":{"allow":["GET"]}}],"collection":[{"href":"https:\/\/blogopara.com.br\/index.php\/wp-json\/wp\/v2\/posts"}],"about":[{"href":"https:\/\/blogopara.com.br\/index.php\/wp-json\/wp\/v2\/types\/post"}],"author":[{"embeddable":true,"href":"https:\/\/blogopara.com.br\/index.php\/wp-json\/wp\/v2\/users\/1"}],"replies":[{"embeddable":true,"href":"https:\/\/blogopara.com.br\/index.php\/wp-json\/wp\/v2\/comments?post=41643"}],"version-history":[{"count":1,"href":"https:\/\/blogopara.com.br\/index.php\/wp-json\/wp\/v2\/posts\/41643\/revisions"}],"predecessor-version":[{"id":41645,"href":"https:\/\/blogopara.com.br\/index.php\/wp-json\/wp\/v2\/posts\/41643\/revisions\/41645"}],"wp:featuredmedia":[{"embeddable":true,"href":"https:\/\/blogopara.com.br\/index.php\/wp-json\/wp\/v2\/media\/41644"}],"wp:attachment":[{"href":"https:\/\/blogopara.com.br\/index.php\/wp-json\/wp\/v2\/media?parent=41643"}],"wp:term":[{"taxonomy":"category","embeddable":true,"href":"https:\/\/blogopara.com.br\/index.php\/wp-json\/wp\/v2\/categories?post=41643"},{"taxonomy":"post_tag","embeddable":true,"href":"https:\/\/blogopara.com.br\/index.php\/wp-json\/wp\/v2\/tags?post=41643"}],"curies":[{"name":"wp","href":"https:\/\/api.w.org\/{rel}","templated":true}]}}