{"id":41664,"date":"2022-08-30T12:45:00","date_gmt":"2022-08-30T15:45:00","guid":{"rendered":"https:\/\/blogopara.com.br\/?p=41664"},"modified":"2022-08-29T21:47:32","modified_gmt":"2022-08-30T00:47:32","slug":"prefeitura-de-juazeiro-decreta-ponto-facultativo-no-municipio-no-dia-9-de-setembro","status":"publish","type":"post","link":"https:\/\/blogopara.com.br\/index.php\/2022\/08\/30\/prefeitura-de-juazeiro-decreta-ponto-facultativo-no-municipio-no-dia-9-de-setembro","title":{"rendered":"Prefeitura de Juazeiro decreta ponto facultativo no munic\u00edpio no dia 9 de setembro"},"content":{"rendered":"<p style=\"text-align: justify;\">A Prefeitura de Juazeiro decretou ponto facultativo no pr\u00f3ximo dia 9 de setembro, data seguinte ao feriado municipal religioso dedicado \u00e0 Nossa Senhora das Grotas, padroeira da Diocese de Juazeiro, celebrado no dia 8 de setembro.<\/p>\n<p style=\"text-align: justify;\">Por este motivo, na sexta-feira da pr\u00f3xima semana (9) as reparti\u00e7\u00f5es municipais no \u00e2mbito da Administra\u00e7\u00e3o Direta, Indireta e Aut\u00e1rquica do munic\u00edpio de Juazeiro n\u00e3o ir\u00e3o funcionar, mantendo-se apenas em funcionamento os servi\u00e7os considerados essenciais, que n\u00e3o podem suspender as atividades, a exemplo da limpeza p\u00fablica, abastecimento de \u00e1gua e atendimentos de sa\u00fade de emerg\u00eancia, como SAMU e UPA.<\/p>\n\n\n<p>Ascom PMJ<\/p>\n","protected":false},"excerpt":{"rendered":"<p>A Prefeitura de Juazeiro decretou ponto facultativo no pr\u00f3ximo dia 9 de setembro, data seguinte ao feriado municipal religioso dedicado \u00e0 Nossa Senhora das Grotas, padroeira da Diocese de Juazeiro, celebrado no dia 8 de setembro. Por este motivo, na sexta-feira da pr\u00f3xima semana (9) as reparti\u00e7\u00f5es municipais no \u00e2mbito da Administra\u00e7\u00e3o Direta, Indireta e [&hellip;]<\/p>\n","protected":false},"author":1,"featured_media":28444,"comment_status":"closed","ping_status":"open","sticky":false,"template":"","format":"standard","meta":{"_uag_custom_page_level_css":"","_monsterinsights_skip_tracking":false,"_monsterinsights_sitenote_active":false,"_monsterinsights_sitenote_note":"","_monsterinsights_sitenote_category":0,"jetpack_post_was_ever_published":false,"_jetpack_newsletter_access":"","_jetpack_dont_email_post_to_subs":false,"_jetpack_newsletter_tier_id":0,"_jetpack_memberships_contains_paywalled_content":false,"_jetpack_memberships_contains_paid_content":false,"footnotes":"","jetpack_publicize_message":"","jetpack_publicize_feature_enabled":true,"jetpack_social_post_already_shared":true,"jetpack_social_options":{"image_generator_settings":{"template":"highway","default_image_id":0,"font":"","enabled":false},"version":2}},"categories":[203],"tags":[340],"class_list":["post-41664","post","type-post","status-publish","format-standard","has-post-thumbnail","hentry","category-juazeiro","tag-prefeitura-de-juazeiro"],"jetpack_publicize_connections":[],"jetpack_featured_media_url":"https:\/\/blogopara.com.br\/wp-content\/uploads\/2021\/09\/thumbnail_Paco-Municipal-9-1.jpg","uagb_featured_image_src":{"full":["https:\/\/blogopara.com.br\/wp-content\/uploads\/2021\/09\/thumbnail_Paco-Municipal-9-1.jpg",500,333,false],"thumbnail":["https:\/\/blogopara.com.br\/wp-content\/uploads\/2021\/09\/thumbnail_Paco-Municipal-9-1-150x150.jpg",150,150,true],"medium":["https:\/\/blogopara.com.br\/wp-content\/uploads\/2021\/09\/thumbnail_Paco-Municipal-9-1-300x200.jpg",300,200,true],"medium_large":["https:\/\/blogopara.com.br\/wp-content\/uploads\/2021\/09\/thumbnail_Paco-Municipal-9-1.jpg",500,333,false],"large":["https:\/\/blogopara.com.br\/wp-content\/uploads\/2021\/09\/thumbnail_Paco-Municipal-9-1.jpg",500,333,false],"1536x1536":["https:\/\/blogopara.com.br\/wp-content\/uploads\/2021\/09\/thumbnail_Paco-Municipal-9-1.jpg",500,333,false],"2048x2048":["https:\/\/blogopara.com.br\/wp-content\/uploads\/2021\/09\/thumbnail_Paco-Municipal-9-1.jpg",500,333,false],"mantranews-slider-large":["https:\/\/blogopara.com.br\/wp-content\/uploads\/2021\/09\/thumbnail_Paco-Municipal-9-1.jpg",500,333,false],"mantranews-featured-medium":["https:\/\/blogopara.com.br\/wp-content\/uploads\/2021\/09\/thumbnail_Paco-Municipal-9-1-420x307.jpg",420,307,true],"mantranews-featured-long":["https:\/\/blogopara.com.br\/wp-content\/uploads\/2021\/09\/thumbnail_Paco-Municipal-9-1-300x333.jpg",300,333,true],"mantranews-block-medium":["https:\/\/blogopara.com.br\/wp-content\/uploads\/2021\/09\/thumbnail_Paco-Municipal-9-1-464x290.jpg",464,290,true],"mantranews-carousel-image":["https:\/\/blogopara.com.br\/wp-content\/uploads\/2021\/09\/thumbnail_Paco-Municipal-9-1.jpg",500,333,false],"mantranews-block-thumb":["https:\/\/blogopara.com.br\/wp-content\/uploads\/2021\/09\/thumbnail_Paco-Municipal-9-1-322x230.jpg",322,230,true],"mantranews-single-large":["https:\/\/blogopara.com.br\/wp-content\/uploads\/2021\/09\/thumbnail_Paco-Municipal-9-1.jpg",500,333,false]},"uagb_author_info":{"display_name":"Reda\u00e7\u00e3o geral","author_link":"https:\/\/blogopara.com.br\/index.php\/author\/blogopara"},"uagb_comment_info":0,"uagb_excerpt":"A Prefeitura de Juazeiro decretou ponto facultativo no pr\u00f3ximo dia 9 de setembro, data seguinte ao feriado municipal religioso dedicado \u00e0 Nossa Senhora das Grotas, padroeira da Diocese de Juazeiro, celebrado no dia 8 de setembro. Por este motivo, na sexta-feira da pr\u00f3xima semana (9) as reparti\u00e7\u00f5es municipais no \u00e2mbito da Administra\u00e7\u00e3o Direta, Indireta e&hellip;","jetpack_sharing_enabled":true,"jetpack_likes_enabled":true,"_links":{"self":[{"href":"https:\/\/blogopara.com.br\/index.php\/wp-json\/wp\/v2\/posts\/41664","targetHints":{"allow":["GET"]}}],"collection":[{"href":"https:\/\/blogopara.com.br\/index.php\/wp-json\/wp\/v2\/posts"}],"about":[{"href":"https:\/\/blogopara.com.br\/index.php\/wp-json\/wp\/v2\/types\/post"}],"author":[{"embeddable":true,"href":"https:\/\/blogopara.com.br\/index.php\/wp-json\/wp\/v2\/users\/1"}],"replies":[{"embeddable":true,"href":"https:\/\/blogopara.com.br\/index.php\/wp-json\/wp\/v2\/comments?post=41664"}],"version-history":[{"count":1,"href":"https:\/\/blogopara.com.br\/index.php\/wp-json\/wp\/v2\/posts\/41664\/revisions"}],"predecessor-version":[{"id":41665,"href":"https:\/\/blogopara.com.br\/index.php\/wp-json\/wp\/v2\/posts\/41664\/revisions\/41665"}],"wp:featuredmedia":[{"embeddable":true,"href":"https:\/\/blogopara.com.br\/index.php\/wp-json\/wp\/v2\/media\/28444"}],"wp:attachment":[{"href":"https:\/\/blogopara.com.br\/index.php\/wp-json\/wp\/v2\/media?parent=41664"}],"wp:term":[{"taxonomy":"category","embeddable":true,"href":"https:\/\/blogopara.com.br\/index.php\/wp-json\/wp\/v2\/categories?post=41664"},{"taxonomy":"post_tag","embeddable":true,"href":"https:\/\/blogopara.com.br\/index.php\/wp-json\/wp\/v2\/tags?post=41664"}],"curies":[{"name":"wp","href":"https:\/\/api.w.org\/{rel}","templated":true}]}}