{"id":41724,"date":"2022-08-31T15:45:00","date_gmt":"2022-08-31T18:45:00","guid":{"rendered":"https:\/\/blogopara.com.br\/?p=41724"},"modified":"2022-08-31T13:25:06","modified_gmt":"2022-08-31T16:25:06","slug":"na-pegada-da-campanha-a-candidata-a-deputada-estadual-cristina-costa-recebe-apoio-em-pesqueira-e-arcoverde","status":"publish","type":"post","link":"https:\/\/blogopara.com.br\/index.php\/2022\/08\/31\/na-pegada-da-campanha-a-candidata-a-deputada-estadual-cristina-costa-recebe-apoio-em-pesqueira-e-arcoverde","title":{"rendered":"Na pegada da campanha, a candidata a deputada estadual Cristina Costa recebe apoio em Pesqueira e Arcoverde"},"content":{"rendered":"<p style=\"text-align: justify;\">Com agenda cheia por todo o estado de Pernambuco, a candidata a deputada estadual Cristina Costa (PT), esteve nesta ter\u00e7a-feira (30) na cidade de Pesqueira, na regi\u00e3o Agreste, onde recebeu apoio de lideran\u00e7as comunit\u00e1rias e da associa\u00e7\u00e3o dos produtores rurais.<\/p>\n<p style=\"text-align: justify;\">&#8220;N\u00f3s precisamos ter uma voz que fa\u00e7a projetos de lei que cheguem aos homens e mulheres do campo e atenda \u00e0s comunidades mais carentes da nossa cidade,&#8221; destacou C\u00edcero Norberto, conhecido como Nado, da associa\u00e7\u00e3o de produtores rurais.<\/p>\n<p style=\"text-align: justify;\">Na cidade, Cristina tamb\u00e9m recebeu o apoio de Jo\u00e3o Medeiros Neto, o Jo\u00e3o dos m\u00f3veis, e outras lideran\u00e7as da zona rural.<\/p>\n<p style=\"text-align: justify;\">&#8220;Pesqueira \u00e9 um munic\u00edpio que se destaca na agricultura e na pecu\u00e1ria de leite, tem um potencial econ\u00f4mico forte para a gera\u00e7\u00e3o de emprego e renda que n\u00f3s podemos estimular na Assembleia Legislativa de Pernambuco e vamos fazer,&#8221; frisou Cristina.<\/p>\n<p style=\"text-align: justify;\">Com o p\u00e9 na estrada, o dia terminou em Arcoverde, onde reencontrou a l\u00edder comunit\u00e1ria do bairro Jo\u00e3o de Deus em Petrolina, Patr\u00edcia Souza. Patr\u00edcia tem base eleitoral em Arcoverde, onde nasceu, e est\u00e1 multiplicando apoio \u00e0 candidatura de Cristina \u00e0 Alepe.<\/p>\n<p style=\"text-align: justify;\">&#8220;Conhe\u00e7o Cristina h\u00e1 muito tempo, sei a parlamentar que ela \u00e9, justa, honesta, trabalhadora e vamos levar o nome dela aqui em Arcoverde como fazemos em Petrolina, que j\u00e1 viu a atua\u00e7\u00e3o de Cristina na C\u00e2mara de Vereadores,&#8221; comentou Patr\u00edcia.<\/p>\n\n\n<p>Ascom Cristina Costa (PT)<\/p>\n","protected":false},"excerpt":{"rendered":"<p>Com agenda cheia por todo o estado de Pernambuco, a candidata a deputada estadual Cristina Costa (PT), esteve nesta ter\u00e7a-feira (30) na cidade de Pesqueira, na regi\u00e3o Agreste, onde recebeu apoio de lideran\u00e7as comunit\u00e1rias e da associa\u00e7\u00e3o dos produtores rurais. &#8220;N\u00f3s precisamos ter uma voz que fa\u00e7a projetos de lei que cheguem aos homens e [&hellip;]<\/p>\n","protected":false},"author":1,"featured_media":41725,"comment_status":"closed","ping_status":"open","sticky":false,"template":"","format":"standard","meta":{"_uag_custom_page_level_css":"","_monsterinsights_skip_tracking":false,"_monsterinsights_sitenote_active":false,"_monsterinsights_sitenote_note":"","_monsterinsights_sitenote_category":0,"jetpack_post_was_ever_published":false,"_jetpack_newsletter_access":"","_jetpack_dont_email_post_to_subs":false,"_jetpack_newsletter_tier_id":0,"_jetpack_memberships_contains_paywalled_content":false,"_jetpack_memberships_contains_paid_content":false,"footnotes":"","jetpack_publicize_message":"","jetpack_publicize_feature_enabled":true,"jetpack_social_post_already_shared":true,"jetpack_social_options":{"image_generator_settings":{"template":"highway","default_image_id":0,"font":"","enabled":false},"version":2}},"categories":[1507,197],"tags":[],"class_list":["post-41724","post","type-post","status-publish","format-standard","has-post-thumbnail","hentry","category-pernambuco","category-politica"],"jetpack_publicize_connections":[],"jetpack_featured_media_url":"https:\/\/blogopara.com.br\/wp-content\/uploads\/2022\/08\/ascc.jpg","uagb_featured_image_src":{"full":["https:\/\/blogopara.com.br\/wp-content\/uploads\/2022\/08\/ascc.jpg",500,333,false],"thumbnail":["https:\/\/blogopara.com.br\/wp-content\/uploads\/2022\/08\/ascc-150x150.jpg",150,150,true],"medium":["https:\/\/blogopara.com.br\/wp-content\/uploads\/2022\/08\/ascc-300x200.jpg",300,200,true],"medium_large":["https:\/\/blogopara.com.br\/wp-content\/uploads\/2022\/08\/ascc.jpg",500,333,false],"large":["https:\/\/blogopara.com.br\/wp-content\/uploads\/2022\/08\/ascc.jpg",500,333,false],"1536x1536":["https:\/\/blogopara.com.br\/wp-content\/uploads\/2022\/08\/ascc.jpg",500,333,false],"2048x2048":["https:\/\/blogopara.com.br\/wp-content\/uploads\/2022\/08\/ascc.jpg",500,333,false],"mantranews-slider-large":["https:\/\/blogopara.com.br\/wp-content\/uploads\/2022\/08\/ascc.jpg",500,333,false],"mantranews-featured-medium":["https:\/\/blogopara.com.br\/wp-content\/uploads\/2022\/08\/ascc-420x307.jpg",420,307,true],"mantranews-featured-long":["https:\/\/blogopara.com.br\/wp-content\/uploads\/2022\/08\/ascc-300x333.jpg",300,333,true],"mantranews-block-medium":["https:\/\/blogopara.com.br\/wp-content\/uploads\/2022\/08\/ascc-464x290.jpg",464,290,true],"mantranews-carousel-image":["https:\/\/blogopara.com.br\/wp-content\/uploads\/2022\/08\/ascc.jpg",500,333,false],"mantranews-block-thumb":["https:\/\/blogopara.com.br\/wp-content\/uploads\/2022\/08\/ascc-322x230.jpg",322,230,true],"mantranews-single-large":["https:\/\/blogopara.com.br\/wp-content\/uploads\/2022\/08\/ascc.jpg",500,333,false]},"uagb_author_info":{"display_name":"Reda\u00e7\u00e3o geral","author_link":"https:\/\/blogopara.com.br\/index.php\/author\/blogopara"},"uagb_comment_info":0,"uagb_excerpt":"Com agenda cheia por todo o estado de Pernambuco, a candidata a deputada estadual Cristina Costa (PT), esteve nesta ter\u00e7a-feira (30) na cidade de Pesqueira, na regi\u00e3o Agreste, onde recebeu apoio de lideran\u00e7as comunit\u00e1rias e da associa\u00e7\u00e3o dos produtores rurais. &#8220;N\u00f3s precisamos ter uma voz que fa\u00e7a projetos de lei que cheguem aos homens e&hellip;","jetpack_sharing_enabled":true,"jetpack_likes_enabled":true,"_links":{"self":[{"href":"https:\/\/blogopara.com.br\/index.php\/wp-json\/wp\/v2\/posts\/41724","targetHints":{"allow":["GET"]}}],"collection":[{"href":"https:\/\/blogopara.com.br\/index.php\/wp-json\/wp\/v2\/posts"}],"about":[{"href":"https:\/\/blogopara.com.br\/index.php\/wp-json\/wp\/v2\/types\/post"}],"author":[{"embeddable":true,"href":"https:\/\/blogopara.com.br\/index.php\/wp-json\/wp\/v2\/users\/1"}],"replies":[{"embeddable":true,"href":"https:\/\/blogopara.com.br\/index.php\/wp-json\/wp\/v2\/comments?post=41724"}],"version-history":[{"count":1,"href":"https:\/\/blogopara.com.br\/index.php\/wp-json\/wp\/v2\/posts\/41724\/revisions"}],"predecessor-version":[{"id":41726,"href":"https:\/\/blogopara.com.br\/index.php\/wp-json\/wp\/v2\/posts\/41724\/revisions\/41726"}],"wp:featuredmedia":[{"embeddable":true,"href":"https:\/\/blogopara.com.br\/index.php\/wp-json\/wp\/v2\/media\/41725"}],"wp:attachment":[{"href":"https:\/\/blogopara.com.br\/index.php\/wp-json\/wp\/v2\/media?parent=41724"}],"wp:term":[{"taxonomy":"category","embeddable":true,"href":"https:\/\/blogopara.com.br\/index.php\/wp-json\/wp\/v2\/categories?post=41724"},{"taxonomy":"post_tag","embeddable":true,"href":"https:\/\/blogopara.com.br\/index.php\/wp-json\/wp\/v2\/tags?post=41724"}],"curies":[{"name":"wp","href":"https:\/\/api.w.org\/{rel}","templated":true}]}}