{"id":41727,"date":"2022-08-31T14:45:00","date_gmt":"2022-08-31T17:45:00","guid":{"rendered":"https:\/\/blogopara.com.br\/?p=41727"},"modified":"2022-08-31T13:24:28","modified_gmt":"2022-08-31T16:24:28","slug":"projeto-conecta-bahia-chega-a-sento-se-e-populacao-passa-a-ter-sinal-de-internet-gratuito-na-praca-central","status":"publish","type":"post","link":"https:\/\/blogopara.com.br\/index.php\/2022\/08\/31\/projeto-conecta-bahia-chega-a-sento-se-e-populacao-passa-a-ter-sinal-de-internet-gratuito-na-praca-central","title":{"rendered":"Projeto Conecta Bahia chega a Sento-S\u00e9 e popula\u00e7\u00e3o passa a ter sinal de internet gratuito na Pra\u00e7a Central"},"content":{"rendered":"<p style=\"text-align: justify;\">Oferecer conectividade ao cidad\u00e3o \u00e9 um dos principais objetivos do Projeto Conecta Bahia, iniciativa que disponibilizou nesta ter\u00e7a-feira (30) a libera\u00e7\u00e3o do sinal de internet, de forma gratuita, na Pra\u00e7a Principal de Sento-S\u00e9. A a\u00e7\u00e3o \u00e9 fruto de um conv\u00eanio firmado pela Prefeitura de Sento-S\u00e9 junto ao Governo do Estado, atrav\u00e9s da Secretaria de Ci\u00eancia, Tecnologia e Inova\u00e7\u00e3o (Secti), que leva internet gratuita a pra\u00e7as de munic\u00edpios baianos.<\/p>\n<p style=\"text-align: justify;\">\u201cEssa \u00e9 mais uma a\u00e7\u00e3o que chega ao nosso munic\u00edpio fruto da forte parceria que temos com o Governo do Estado, que sempre teve um olhar atento \u00e0s demandas do nosso povo. Muito obrigada governador Rui Costa por mais essa iniciativa da sua gest\u00e3o em Sento-S\u00e9\u201d, destaca a prefeita Ana Passos.<\/p>\n<p style=\"text-align: justify;\">Para ter acesso ao servi\u00e7o basta estar na Pra\u00e7a Central de Sento-S\u00e9 acessar a rede: Pra\u00e7a.<\/p>\n<p style=\"text-align: justify;\">O Projeto Conecta Bahia &#8211; previsto no PPA 2020-2023, visa promover a populariza\u00e7\u00e3o da Ci\u00eancia, Tecnologia e Inova\u00e7\u00e3o atrav\u00e9s de servi\u00e7os p\u00fablicos de provimento de Wi-Fi nas cidades do Estado, que possibilitar\u00e1 conectar, ligar, unir, aproximar o cidad\u00e3o ao exerc\u00edcio da cidadania, ao conhecimento, ao Munic\u00edpio e ao Estado. Trata-se de um primeiro passo de populariza\u00e7\u00e3o da internet atrav\u00e9s do Governo do Estado que poder\u00e1 ser continuada por outros projetos de expans\u00e3o deste servi\u00e7o nos munic\u00edpios. Na pr\u00e1tica, caracteriza-se pela implanta\u00e7\u00e3o de rede Wi-Fi, inicialmente, em cerca de 100 (cem) munic\u00edpios do estado da Bahia, obedecendo-se, dentre outros, \u00e0s leis n\u00ba 12.965, de 23 de abril de 2014 (Marco Civil da Internet) e n\u00ba 13.709, de 14 de agosto de 2018 (Lei Geral de Prote\u00e7\u00e3o de Dados Pessoais &#8211; LGPD), concentrando-se em pra\u00e7as p\u00fablicas da cidade e\/ou pra\u00e7as da ci\u00eancia, conforme a disponibilidade, a partir da utiliza\u00e7\u00e3o de uma rede de acesso \u00e0 internet provida pela prefeitura e\/ou provedores de internet.<\/p>\n<p style=\"text-align: justify;\">Como objetivos principais do projeto, destacam-se os seguintes pontos: Incentivar a utiliza\u00e7\u00e3o de servi\u00e7os p\u00fablicos digitais providos pelo munic\u00edpio e Governo do Estado da Bahia; empoderar a administra\u00e7\u00e3o municipal e estadual na aproxima\u00e7\u00e3o do cidad\u00e3o \u00e0s iniciativas p\u00fablicas atrav\u00e9s das redes sociais; promover o acesso a conte\u00fado educacional que desperte o cidad\u00e3o para a \u00e1rea de Ci\u00eancia, Tecnologia e Inova\u00e7\u00e3o; fomentar a cultura de internet nas pra\u00e7as por parte das prefeituras municipais na Bahia.<\/p>\n\n\n<p>Ascom PMS<\/p>\n","protected":false},"excerpt":{"rendered":"<p>Oferecer conectividade ao cidad\u00e3o \u00e9 um dos principais objetivos do Projeto Conecta Bahia, iniciativa que disponibilizou nesta ter\u00e7a-feira (30) a libera\u00e7\u00e3o do sinal de internet, de forma gratuita, na Pra\u00e7a Principal de Sento-S\u00e9. A a\u00e7\u00e3o \u00e9 fruto de um conv\u00eanio firmado pela Prefeitura de Sento-S\u00e9 junto ao Governo do Estado, atrav\u00e9s da Secretaria de Ci\u00eancia, [&hellip;]<\/p>\n","protected":false},"author":1,"featured_media":41728,"comment_status":"closed","ping_status":"open","sticky":false,"template":"","format":"standard","meta":{"_uag_custom_page_level_css":"","_monsterinsights_skip_tracking":false,"_monsterinsights_sitenote_active":false,"_monsterinsights_sitenote_note":"","_monsterinsights_sitenote_category":0,"jetpack_post_was_ever_published":false,"_jetpack_newsletter_access":"","_jetpack_dont_email_post_to_subs":false,"_jetpack_newsletter_tier_id":0,"_jetpack_memberships_contains_paywalled_content":false,"_jetpack_memberships_contains_paid_content":false,"footnotes":"","jetpack_publicize_message":"","jetpack_publicize_feature_enabled":true,"jetpack_social_post_already_shared":true,"jetpack_social_options":{"image_generator_settings":{"template":"highway","default_image_id":0,"font":"","enabled":false},"version":2}},"categories":[3027,9634],"tags":[],"class_list":["post-41727","post","type-post","status-publish","format-standard","has-post-thumbnail","hentry","category-sento-se","category-tecnologia"],"jetpack_publicize_connections":[],"jetpack_featured_media_url":"https:\/\/blogopara.com.br\/wp-content\/uploads\/2022\/08\/Conecta-Bahia.jpg","uagb_featured_image_src":{"full":["https:\/\/blogopara.com.br\/wp-content\/uploads\/2022\/08\/Conecta-Bahia.jpg",500,500,false],"thumbnail":["https:\/\/blogopara.com.br\/wp-content\/uploads\/2022\/08\/Conecta-Bahia-150x150.jpg",150,150,true],"medium":["https:\/\/blogopara.com.br\/wp-content\/uploads\/2022\/08\/Conecta-Bahia-300x300.jpg",300,300,true],"medium_large":["https:\/\/blogopara.com.br\/wp-content\/uploads\/2022\/08\/Conecta-Bahia.jpg",500,500,false],"large":["https:\/\/blogopara.com.br\/wp-content\/uploads\/2022\/08\/Conecta-Bahia.jpg",500,500,false],"1536x1536":["https:\/\/blogopara.com.br\/wp-content\/uploads\/2022\/08\/Conecta-Bahia.jpg",500,500,false],"2048x2048":["https:\/\/blogopara.com.br\/wp-content\/uploads\/2022\/08\/Conecta-Bahia.jpg",500,500,false],"mantranews-slider-large":["https:\/\/blogopara.com.br\/wp-content\/uploads\/2022\/08\/Conecta-Bahia.jpg",500,500,false],"mantranews-featured-medium":["https:\/\/blogopara.com.br\/wp-content\/uploads\/2022\/08\/Conecta-Bahia-420x307.jpg",420,307,true],"mantranews-featured-long":["https:\/\/blogopara.com.br\/wp-content\/uploads\/2022\/08\/Conecta-Bahia-300x443.jpg",300,443,true],"mantranews-block-medium":["https:\/\/blogopara.com.br\/wp-content\/uploads\/2022\/08\/Conecta-Bahia-464x290.jpg",464,290,true],"mantranews-carousel-image":["https:\/\/blogopara.com.br\/wp-content\/uploads\/2022\/08\/Conecta-Bahia.jpg",500,500,false],"mantranews-block-thumb":["https:\/\/blogopara.com.br\/wp-content\/uploads\/2022\/08\/Conecta-Bahia-322x230.jpg",322,230,true],"mantranews-single-large":["https:\/\/blogopara.com.br\/wp-content\/uploads\/2022\/08\/Conecta-Bahia.jpg",500,500,false]},"uagb_author_info":{"display_name":"Reda\u00e7\u00e3o geral","author_link":"https:\/\/blogopara.com.br\/index.php\/author\/blogopara"},"uagb_comment_info":0,"uagb_excerpt":"Oferecer conectividade ao cidad\u00e3o \u00e9 um dos principais objetivos do Projeto Conecta Bahia, iniciativa que disponibilizou nesta ter\u00e7a-feira (30) a libera\u00e7\u00e3o do sinal de internet, de forma gratuita, na Pra\u00e7a Principal de Sento-S\u00e9. A a\u00e7\u00e3o \u00e9 fruto de um conv\u00eanio firmado pela Prefeitura de Sento-S\u00e9 junto ao Governo do Estado, atrav\u00e9s da Secretaria de Ci\u00eancia,&hellip;","jetpack_sharing_enabled":true,"jetpack_likes_enabled":true,"_links":{"self":[{"href":"https:\/\/blogopara.com.br\/index.php\/wp-json\/wp\/v2\/posts\/41727","targetHints":{"allow":["GET"]}}],"collection":[{"href":"https:\/\/blogopara.com.br\/index.php\/wp-json\/wp\/v2\/posts"}],"about":[{"href":"https:\/\/blogopara.com.br\/index.php\/wp-json\/wp\/v2\/types\/post"}],"author":[{"embeddable":true,"href":"https:\/\/blogopara.com.br\/index.php\/wp-json\/wp\/v2\/users\/1"}],"replies":[{"embeddable":true,"href":"https:\/\/blogopara.com.br\/index.php\/wp-json\/wp\/v2\/comments?post=41727"}],"version-history":[{"count":1,"href":"https:\/\/blogopara.com.br\/index.php\/wp-json\/wp\/v2\/posts\/41727\/revisions"}],"predecessor-version":[{"id":41729,"href":"https:\/\/blogopara.com.br\/index.php\/wp-json\/wp\/v2\/posts\/41727\/revisions\/41729"}],"wp:featuredmedia":[{"embeddable":true,"href":"https:\/\/blogopara.com.br\/index.php\/wp-json\/wp\/v2\/media\/41728"}],"wp:attachment":[{"href":"https:\/\/blogopara.com.br\/index.php\/wp-json\/wp\/v2\/media?parent=41727"}],"wp:term":[{"taxonomy":"category","embeddable":true,"href":"https:\/\/blogopara.com.br\/index.php\/wp-json\/wp\/v2\/categories?post=41727"},{"taxonomy":"post_tag","embeddable":true,"href":"https:\/\/blogopara.com.br\/index.php\/wp-json\/wp\/v2\/tags?post=41727"}],"curies":[{"name":"wp","href":"https:\/\/api.w.org\/{rel}","templated":true}]}}