{"id":41759,"date":"2022-09-01T12:23:59","date_gmt":"2022-09-01T15:23:59","guid":{"rendered":"https:\/\/blogopara.com.br\/?p=41759"},"modified":"2022-09-01T12:24:03","modified_gmt":"2022-09-01T15:24:03","slug":"bolsonaro-podera-vir-a-juazeiro-no-final-de-setembro","status":"publish","type":"post","link":"https:\/\/blogopara.com.br\/index.php\/2022\/09\/01\/bolsonaro-podera-vir-a-juazeiro-no-final-de-setembro","title":{"rendered":"Bolsonaro poder\u00e1 vir a Juazeiro no final de setembro"},"content":{"rendered":"<p style=\"text-align: justify;\">&#8220;No dia 27 de setembro, h\u00e1 uma agenda para ele vir a Juazeiro e Petrolina. N\u00f3s vamos fazer uma motociata que vai abranger as duas cidades, abra\u00e7ando toda a ponte que liga os dois munic\u00edpios&#8221;, disse Roma, em entrevista \u00e0 R\u00e1dio Wagner, do munic\u00edpio de Wagner, na Chapada Diamantina.<\/p>\n<p style=\"text-align: justify;\">Roma mencionou que a ponte que liga Juazeiro e Petrolina, em Pernambuco, j\u00e1 tem em processo de licita\u00e7\u00e3o as obras que ir\u00e3o completar a duplica\u00e7\u00e3o do trecho que fica no lado juazeirense. &#8220;At\u00e9 hoje \u00e9 chamada de &#8216;ponte picol\u00e9&#8217;, o que mexe com a autoestima da popula\u00e7\u00e3o de Juazeiro&#8221;, comentou Roma.<\/p>\n<p style=\"text-align: justify;\">&#8220;Estamos trabalhando nessa agenda para que, em 27 de setembro, Bolsonaro possa estar em Juazeiro&#8221;, disse Roma.<\/p>\n","protected":false},"excerpt":{"rendered":"<p>&#8220;No dia 27 de setembro, h\u00e1 uma agenda para ele vir a Juazeiro e Petrolina. N\u00f3s vamos fazer uma motociata que vai abranger as duas cidades, abra\u00e7ando toda a ponte que liga os dois munic\u00edpios&#8221;, disse Roma, em entrevista \u00e0 R\u00e1dio Wagner, do munic\u00edpio de Wagner, na Chapada Diamantina. Roma mencionou que a ponte que [&hellip;]<\/p>\n","protected":false},"author":1,"featured_media":32470,"comment_status":"closed","ping_status":"open","sticky":false,"template":"","format":"standard","meta":{"_uag_custom_page_level_css":"","_monsterinsights_skip_tracking":false,"_monsterinsights_sitenote_active":false,"_monsterinsights_sitenote_note":"","_monsterinsights_sitenote_category":0,"jetpack_post_was_ever_published":false,"_jetpack_newsletter_access":"","_jetpack_dont_email_post_to_subs":false,"_jetpack_newsletter_tier_id":0,"_jetpack_memberships_contains_paywalled_content":false,"_jetpack_memberships_contains_paid_content":false,"footnotes":"","jetpack_publicize_message":"","jetpack_publicize_feature_enabled":true,"jetpack_social_post_already_shared":true,"jetpack_social_options":{"image_generator_settings":{"template":"highway","default_image_id":0,"font":"","enabled":false},"version":2}},"categories":[199,203,197],"tags":[],"class_list":["post-41759","post","type-post","status-publish","format-standard","has-post-thumbnail","hentry","category-bahia","category-juazeiro","category-politica"],"jetpack_publicize_connections":[],"jetpack_featured_media_url":"https:\/\/blogopara.com.br\/wp-content\/uploads\/2022\/01\/bolsonaro_culpa_medidas_contra_covid_por_inflacao_ficou_em_casa_e_agora_me_culpa_widelg.jpg","uagb_featured_image_src":{"full":["https:\/\/blogopara.com.br\/wp-content\/uploads\/2022\/01\/bolsonaro_culpa_medidas_contra_covid_por_inflacao_ficou_em_casa_e_agora_me_culpa_widelg.jpg",500,281,false],"thumbnail":["https:\/\/blogopara.com.br\/wp-content\/uploads\/2022\/01\/bolsonaro_culpa_medidas_contra_covid_por_inflacao_ficou_em_casa_e_agora_me_culpa_widelg-150x150.jpg",150,150,true],"medium":["https:\/\/blogopara.com.br\/wp-content\/uploads\/2022\/01\/bolsonaro_culpa_medidas_contra_covid_por_inflacao_ficou_em_casa_e_agora_me_culpa_widelg-300x169.jpg",300,169,true],"medium_large":["https:\/\/blogopara.com.br\/wp-content\/uploads\/2022\/01\/bolsonaro_culpa_medidas_contra_covid_por_inflacao_ficou_em_casa_e_agora_me_culpa_widelg.jpg",500,281,false],"large":["https:\/\/blogopara.com.br\/wp-content\/uploads\/2022\/01\/bolsonaro_culpa_medidas_contra_covid_por_inflacao_ficou_em_casa_e_agora_me_culpa_widelg.jpg",500,281,false],"1536x1536":["https:\/\/blogopara.com.br\/wp-content\/uploads\/2022\/01\/bolsonaro_culpa_medidas_contra_covid_por_inflacao_ficou_em_casa_e_agora_me_culpa_widelg.jpg",500,281,false],"2048x2048":["https:\/\/blogopara.com.br\/wp-content\/uploads\/2022\/01\/bolsonaro_culpa_medidas_contra_covid_por_inflacao_ficou_em_casa_e_agora_me_culpa_widelg.jpg",500,281,false],"mantranews-slider-large":["https:\/\/blogopara.com.br\/wp-content\/uploads\/2022\/01\/bolsonaro_culpa_medidas_contra_covid_por_inflacao_ficou_em_casa_e_agora_me_culpa_widelg.jpg",500,281,false],"mantranews-featured-medium":["https:\/\/blogopara.com.br\/wp-content\/uploads\/2022\/01\/bolsonaro_culpa_medidas_contra_covid_por_inflacao_ficou_em_casa_e_agora_me_culpa_widelg-420x281.jpg",420,281,true],"mantranews-featured-long":["https:\/\/blogopara.com.br\/wp-content\/uploads\/2022\/01\/bolsonaro_culpa_medidas_contra_covid_por_inflacao_ficou_em_casa_e_agora_me_culpa_widelg-300x281.jpg",300,281,true],"mantranews-block-medium":["https:\/\/blogopara.com.br\/wp-content\/uploads\/2022\/01\/bolsonaro_culpa_medidas_contra_covid_por_inflacao_ficou_em_casa_e_agora_me_culpa_widelg-464x281.jpg",464,281,true],"mantranews-carousel-image":["https:\/\/blogopara.com.br\/wp-content\/uploads\/2022\/01\/bolsonaro_culpa_medidas_contra_covid_por_inflacao_ficou_em_casa_e_agora_me_culpa_widelg.jpg",500,281,false],"mantranews-block-thumb":["https:\/\/blogopara.com.br\/wp-content\/uploads\/2022\/01\/bolsonaro_culpa_medidas_contra_covid_por_inflacao_ficou_em_casa_e_agora_me_culpa_widelg-322x230.jpg",322,230,true],"mantranews-single-large":["https:\/\/blogopara.com.br\/wp-content\/uploads\/2022\/01\/bolsonaro_culpa_medidas_contra_covid_por_inflacao_ficou_em_casa_e_agora_me_culpa_widelg.jpg",500,281,false]},"uagb_author_info":{"display_name":"Reda\u00e7\u00e3o geral","author_link":"https:\/\/blogopara.com.br\/index.php\/author\/blogopara"},"uagb_comment_info":0,"uagb_excerpt":"&#8220;No dia 27 de setembro, h\u00e1 uma agenda para ele vir a Juazeiro e Petrolina. N\u00f3s vamos fazer uma motociata que vai abranger as duas cidades, abra\u00e7ando toda a ponte que liga os dois munic\u00edpios&#8221;, disse Roma, em entrevista \u00e0 R\u00e1dio Wagner, do munic\u00edpio de Wagner, na Chapada Diamantina. Roma mencionou que a ponte que&hellip;","jetpack_sharing_enabled":true,"jetpack_likes_enabled":true,"_links":{"self":[{"href":"https:\/\/blogopara.com.br\/index.php\/wp-json\/wp\/v2\/posts\/41759","targetHints":{"allow":["GET"]}}],"collection":[{"href":"https:\/\/blogopara.com.br\/index.php\/wp-json\/wp\/v2\/posts"}],"about":[{"href":"https:\/\/blogopara.com.br\/index.php\/wp-json\/wp\/v2\/types\/post"}],"author":[{"embeddable":true,"href":"https:\/\/blogopara.com.br\/index.php\/wp-json\/wp\/v2\/users\/1"}],"replies":[{"embeddable":true,"href":"https:\/\/blogopara.com.br\/index.php\/wp-json\/wp\/v2\/comments?post=41759"}],"version-history":[{"count":1,"href":"https:\/\/blogopara.com.br\/index.php\/wp-json\/wp\/v2\/posts\/41759\/revisions"}],"predecessor-version":[{"id":41760,"href":"https:\/\/blogopara.com.br\/index.php\/wp-json\/wp\/v2\/posts\/41759\/revisions\/41760"}],"wp:featuredmedia":[{"embeddable":true,"href":"https:\/\/blogopara.com.br\/index.php\/wp-json\/wp\/v2\/media\/32470"}],"wp:attachment":[{"href":"https:\/\/blogopara.com.br\/index.php\/wp-json\/wp\/v2\/media?parent=41759"}],"wp:term":[{"taxonomy":"category","embeddable":true,"href":"https:\/\/blogopara.com.br\/index.php\/wp-json\/wp\/v2\/categories?post=41759"},{"taxonomy":"post_tag","embeddable":true,"href":"https:\/\/blogopara.com.br\/index.php\/wp-json\/wp\/v2\/tags?post=41759"}],"curies":[{"name":"wp","href":"https:\/\/api.w.org\/{rel}","templated":true}]}}