{"id":41764,"date":"2022-09-01T17:55:00","date_gmt":"2022-09-01T20:55:00","guid":{"rendered":"https:\/\/blogopara.com.br\/?p=41764"},"modified":"2022-09-01T12:57:48","modified_gmt":"2022-09-01T15:57:48","slug":"equipe-intersetorial-dos-selos-abrinq-unicef-de-juazeiro-participa-de-evento-sobre-politicas-publicas-para-o-segmento","status":"publish","type":"post","link":"https:\/\/blogopara.com.br\/index.php\/2022\/09\/01\/equipe-intersetorial-dos-selos-abrinq-unicef-de-juazeiro-participa-de-evento-sobre-politicas-publicas-para-o-segmento","title":{"rendered":"Equipe intersetorial dos Selos Abrinq\/Unicef de Juazeiro participa de evento sobre pol\u00edticas p\u00fablicas para o segmento"},"content":{"rendered":"<p style=\"text-align: justify;\">A Prefeitura de Juazeiro segue participando de a\u00e7\u00f5es e iniciativas que visam a valoriza\u00e7\u00e3o e o cuidado com as crian\u00e7as e adolescentes do munic\u00edpio, e nesta ter\u00e7a-feira (30), integrantes da equipe intersetorial pr\u00f3-Selos Abrinq\/Unicef \u00a0participaram do &#8220;Encontro da Educa\u00e7\u00e3o no Selo Unicef &#8211; pol\u00edticas p\u00fablicas para crian\u00e7as e adolescentes&#8221;, promovido pela entidade. A iniciativa foi realizada em Salvador e contou com oficinas para diversos munic\u00edpios baianos.<\/p>\n<p style=\"text-align: justify;\">Representando Juazeiro, participaram do Encontro, a articuladora municipal do Selo, Neuraci Costa; a coordenadora municipal do N\u00facleo de Cidadania de Adolescentes (Nuca), Jussimara Oliveira; e o coordenador municipal do Programa Busca Ativa, Alexandre Gon\u00e7alves.<\/p>\n<p style=\"text-align: justify;\">Na ocasi\u00e3o, foram realizadas oficinas de treinamento sobre como acessar plataformas onde s\u00e3o registrados os documentos comprobat\u00f3rios das a\u00e7\u00f5es do selo, no munic\u00edpio; apresenta\u00e7\u00e3o de recursos para suporte \u00e0s equipes intersetoriais que atuam nas cidades; e tamb\u00e9m foi apresentada a plataforma &#8216;1mio&#8217;, ambiente virtual que disponibiliza oportunidades de trabalho para adolescentes, abastecida por dados fornecidos pelos munic\u00edpios.<\/p>\n<p style=\"text-align: justify;\">Al\u00e9m disso, os participantes tamb\u00e9m receberam orienta\u00e7\u00f5es sobre a metodologia utilizada na execu\u00e7\u00e3o de a\u00e7\u00f5es para garantia do Selo Unicef como conquistar e atingir as metas, que envolvem melhorias em diversas \u00e1reas de assist\u00eancia \u00e0 crian\u00e7a e adolescente.<\/p>\n<p style=\"text-align: justify;\">Para Neuraci Costa, a participa\u00e7\u00e3o do munic\u00edpio no evento contribui para a garantia \u00a0 do efetivo cumprimento dos direitos desses segmentos. &#8220;Foi um momento que contribuiu para a capacita\u00e7\u00e3o da equipe que atua de forma efetiva na garantia dos direitos das crian\u00e7as e adolescentes. Entendemos a import\u00e2ncia da causa e o impacto que o cumprimento dessas a\u00e7\u00f5es e metas t\u00eam na vida desses segmentos&#8221;, finalizou a articuladora.<\/p>\n","protected":false},"excerpt":{"rendered":"<p>A Prefeitura de Juazeiro segue participando de a\u00e7\u00f5es e iniciativas que visam a valoriza\u00e7\u00e3o e o cuidado com as crian\u00e7as e adolescentes do munic\u00edpio, e nesta ter\u00e7a-feira (30), integrantes da equipe intersetorial pr\u00f3-Selos Abrinq\/Unicef \u00a0participaram do &#8220;Encontro da Educa\u00e7\u00e3o no Selo Unicef &#8211; pol\u00edticas p\u00fablicas para crian\u00e7as e adolescentes&#8221;, promovido pela entidade. A iniciativa foi [&hellip;]<\/p>\n","protected":false},"author":1,"featured_media":41765,"comment_status":"closed","ping_status":"open","sticky":false,"template":"","format":"standard","meta":{"_uag_custom_page_level_css":"","_monsterinsights_skip_tracking":false,"_monsterinsights_sitenote_active":false,"_monsterinsights_sitenote_note":"","_monsterinsights_sitenote_category":0,"jetpack_post_was_ever_published":false,"_jetpack_newsletter_access":"","_jetpack_dont_email_post_to_subs":false,"_jetpack_newsletter_tier_id":0,"_jetpack_memberships_contains_paywalled_content":false,"_jetpack_memberships_contains_paid_content":false,"footnotes":"","jetpack_publicize_message":"","jetpack_publicize_feature_enabled":true,"jetpack_social_post_already_shared":true,"jetpack_social_options":{"image_generator_settings":{"template":"highway","default_image_id":0,"font":"","enabled":false},"version":2}},"categories":[209,203],"tags":[],"class_list":["post-41764","post","type-post","status-publish","format-standard","has-post-thumbnail","hentry","category-educacao","category-juazeiro"],"jetpack_publicize_connections":[],"jetpack_featured_media_url":"https:\/\/blogopara.com.br\/wp-content\/uploads\/2022\/09\/unicefEnconntro-Intersetorial-Selo-Unicef-1-1.jpeg","uagb_featured_image_src":{"full":["https:\/\/blogopara.com.br\/wp-content\/uploads\/2022\/09\/unicefEnconntro-Intersetorial-Selo-Unicef-1-1.jpeg",500,310,false],"thumbnail":["https:\/\/blogopara.com.br\/wp-content\/uploads\/2022\/09\/unicefEnconntro-Intersetorial-Selo-Unicef-1-1-150x150.jpeg",150,150,true],"medium":["https:\/\/blogopara.com.br\/wp-content\/uploads\/2022\/09\/unicefEnconntro-Intersetorial-Selo-Unicef-1-1-300x186.jpeg",300,186,true],"medium_large":["https:\/\/blogopara.com.br\/wp-content\/uploads\/2022\/09\/unicefEnconntro-Intersetorial-Selo-Unicef-1-1.jpeg",500,310,false],"large":["https:\/\/blogopara.com.br\/wp-content\/uploads\/2022\/09\/unicefEnconntro-Intersetorial-Selo-Unicef-1-1.jpeg",500,310,false],"1536x1536":["https:\/\/blogopara.com.br\/wp-content\/uploads\/2022\/09\/unicefEnconntro-Intersetorial-Selo-Unicef-1-1.jpeg",500,310,false],"2048x2048":["https:\/\/blogopara.com.br\/wp-content\/uploads\/2022\/09\/unicefEnconntro-Intersetorial-Selo-Unicef-1-1.jpeg",500,310,false],"mantranews-slider-large":["https:\/\/blogopara.com.br\/wp-content\/uploads\/2022\/09\/unicefEnconntro-Intersetorial-Selo-Unicef-1-1.jpeg",500,310,false],"mantranews-featured-medium":["https:\/\/blogopara.com.br\/wp-content\/uploads\/2022\/09\/unicefEnconntro-Intersetorial-Selo-Unicef-1-1-420x307.jpeg",420,307,true],"mantranews-featured-long":["https:\/\/blogopara.com.br\/wp-content\/uploads\/2022\/09\/unicefEnconntro-Intersetorial-Selo-Unicef-1-1-300x310.jpeg",300,310,true],"mantranews-block-medium":["https:\/\/blogopara.com.br\/wp-content\/uploads\/2022\/09\/unicefEnconntro-Intersetorial-Selo-Unicef-1-1-464x290.jpeg",464,290,true],"mantranews-carousel-image":["https:\/\/blogopara.com.br\/wp-content\/uploads\/2022\/09\/unicefEnconntro-Intersetorial-Selo-Unicef-1-1.jpeg",500,310,false],"mantranews-block-thumb":["https:\/\/blogopara.com.br\/wp-content\/uploads\/2022\/09\/unicefEnconntro-Intersetorial-Selo-Unicef-1-1-322x230.jpeg",322,230,true],"mantranews-single-large":["https:\/\/blogopara.com.br\/wp-content\/uploads\/2022\/09\/unicefEnconntro-Intersetorial-Selo-Unicef-1-1.jpeg",500,310,false]},"uagb_author_info":{"display_name":"Reda\u00e7\u00e3o geral","author_link":"https:\/\/blogopara.com.br\/index.php\/author\/blogopara"},"uagb_comment_info":0,"uagb_excerpt":"A Prefeitura de Juazeiro segue participando de a\u00e7\u00f5es e iniciativas que visam a valoriza\u00e7\u00e3o e o cuidado com as crian\u00e7as e adolescentes do munic\u00edpio, e nesta ter\u00e7a-feira (30), integrantes da equipe intersetorial pr\u00f3-Selos Abrinq\/Unicef \u00a0participaram do &#8220;Encontro da Educa\u00e7\u00e3o no Selo Unicef &#8211; pol\u00edticas p\u00fablicas para crian\u00e7as e adolescentes&#8221;, promovido pela entidade. A iniciativa foi&hellip;","jetpack_sharing_enabled":true,"jetpack_likes_enabled":true,"_links":{"self":[{"href":"https:\/\/blogopara.com.br\/index.php\/wp-json\/wp\/v2\/posts\/41764","targetHints":{"allow":["GET"]}}],"collection":[{"href":"https:\/\/blogopara.com.br\/index.php\/wp-json\/wp\/v2\/posts"}],"about":[{"href":"https:\/\/blogopara.com.br\/index.php\/wp-json\/wp\/v2\/types\/post"}],"author":[{"embeddable":true,"href":"https:\/\/blogopara.com.br\/index.php\/wp-json\/wp\/v2\/users\/1"}],"replies":[{"embeddable":true,"href":"https:\/\/blogopara.com.br\/index.php\/wp-json\/wp\/v2\/comments?post=41764"}],"version-history":[{"count":1,"href":"https:\/\/blogopara.com.br\/index.php\/wp-json\/wp\/v2\/posts\/41764\/revisions"}],"predecessor-version":[{"id":41766,"href":"https:\/\/blogopara.com.br\/index.php\/wp-json\/wp\/v2\/posts\/41764\/revisions\/41766"}],"wp:featuredmedia":[{"embeddable":true,"href":"https:\/\/blogopara.com.br\/index.php\/wp-json\/wp\/v2\/media\/41765"}],"wp:attachment":[{"href":"https:\/\/blogopara.com.br\/index.php\/wp-json\/wp\/v2\/media?parent=41764"}],"wp:term":[{"taxonomy":"category","embeddable":true,"href":"https:\/\/blogopara.com.br\/index.php\/wp-json\/wp\/v2\/categories?post=41764"},{"taxonomy":"post_tag","embeddable":true,"href":"https:\/\/blogopara.com.br\/index.php\/wp-json\/wp\/v2\/tags?post=41764"}],"curies":[{"name":"wp","href":"https:\/\/api.w.org\/{rel}","templated":true}]}}