{"id":41889,"date":"2022-09-04T09:30:00","date_gmt":"2022-09-04T12:30:00","guid":{"rendered":"https:\/\/blogopara.com.br\/?p=41889"},"modified":"2022-09-03T12:43:24","modified_gmt":"2022-09-03T15:43:24","slug":"o-que-dizem-as-pesquisas-eleitorais-a-um-mes-das-eleicoes","status":"publish","type":"post","link":"https:\/\/blogopara.com.br\/index.php\/2022\/09\/04\/o-que-dizem-as-pesquisas-eleitorais-a-um-mes-das-eleicoes","title":{"rendered":"O que dizem as pesquisas eleitorais a um m\u00eas das elei\u00e7\u00f5es"},"content":{"rendered":"<p style=\"text-align: justify;\">Levantamento da&nbsp;<strong>CNN<\/strong>&nbsp;mostra que todos os&nbsp;<a href=\"https:\/\/www.cnnbrasil.com.br\/tudo-sobre\/agenda-dos-presidenciaveis\/\">presidenci\u00e1veis<\/a>&nbsp;que lideravam a pesquisa de inten\u00e7\u00e3o de voto do Datafolha divulgada a um m\u00eas das elei\u00e7\u00f5es foram eleitos \u2014 desde o primeiro pleito ap\u00f3s a redemocratiza\u00e7\u00e3o. No agregador de pesquisas CNN\/Locomotiva, atualmente, Luiz In\u00e1cio Lula da Silva (PT) aparece \u00e0 frente, seguido pelo presidente Jair Bolsonaro (PL).<\/p>\n<p style=\"text-align: justify;\"><a href=\"https:\/\/www.cnnbrasil.com.br\/politica\/pesquisa-datafolha-para-presidente-lula-tem-45-bolsonaro-32\/\">Pesquisa Folha\/Globo\/Datafolha divulgada na quinta-feira (1\u00ba)<\/a>&nbsp;mostra o ex-presidente Lula na lideran\u00e7a, com 45% das inten\u00e7\u00f5es de voto na corrida pelo Pal\u00e1cio do Planalto. Bolsonaro tem 32%, Ciro Gomes (PDT), 9%, e Simone Tebet, 5%. O primeiro turno das elei\u00e7\u00f5es acontece em 2 de outubro.<\/p>\n<p style=\"text-align: justify;\">O analista Caio Junqueira apresentou n\u00fameros de pesquisas de anos anteriores, que compuseram o levantamento, durante o quadro Arena Elei\u00e7\u00f5es.<\/p>\n<p style=\"text-align: justify;\">A Datafolha divulgada a um m\u00eas do primeiro pleito, em 18 de outubro de 1989, apontava Fernando Collor (ent\u00e3o do PRN) com 26% das inten\u00e7\u00f5es de voto. Leonel Brizola (PDT) e Lula apareciam com 15%.<\/p>\n<p style=\"text-align: justify;\">No primeiro turno, que aconteceu em 15 de novembro daquele ano, Collor (30%) e Lula (17%) foram escolhidos pelas urnas para disputar o segundo turno. Mais tarde, o candidato do PRN seria eleito, com 53% dos votos v\u00e1lidos.<\/p>\n<p style=\"text-align: justify;\">Em 29 de agosto de 1994 era divulgada uma pesquisa Datafolha para o pleito daquele ano. Fernando Henrique Cardoso (PSDB), alavancado pelo sucesso do Plano Real, aparecia com 44%; Lula, com 23%. O tucano seria eleito em primeiro turno, no dia 3 de outubro, com 54%<\/p>\n<p style=\"text-align: justify;\">Quatro anos mais tarde, a Datafolha de 2 de setembro de 1998 mostrava FHC com 46% e Lula com 27%. Nas elei\u00e7\u00f5es, em 4 de outubro, FHC foi reeleito (53%). Caio Junqueira afirma que o pleito de 1998 \u2014 assim como o de 2006 e o de 2014 \u2014 \u00e9 compar\u00e1vel ao de 2022, por ter um presidente em busca de recondu\u00e7\u00e3o, com a m\u00e1quina p\u00fablica a seu favor.<\/p>\n<p style=\"text-align: justify;\">A Datafolha de 9 de setembro de 2002 mostrava Lula com 40%, e Jos\u00e9 Serra (PSDB) com 21%. Ambos foram para o segundo turno, com 46 e 23%, respectivamente. No confronto direto, o petista se elegeu com 61% dos votos v\u00e1lidos.<\/p>\n<p style=\"text-align: justify;\">Um m\u00eas antes do pleito de 2006, em 05 de setembro, Lula tinha 51% \u2014 alavancado pelo impacto do Bolsa Fam\u00edlia \u2014, e Geraldo Alckmin (PSDB), 27%. O petista (48%) e o tucano (41%) seriam escolhidos em 1\u00ba de outubro. Lula venceu o segundo turno, com 61%.<\/p>\n\n\n<p>CNN  Brasil<\/p>\n","protected":false},"excerpt":{"rendered":"<p>Levantamento da&nbsp;CNN&nbsp;mostra que todos os&nbsp;presidenci\u00e1veis&nbsp;que lideravam a pesquisa de inten\u00e7\u00e3o de voto do Datafolha divulgada a um m\u00eas das elei\u00e7\u00f5es foram eleitos \u2014 desde o primeiro pleito ap\u00f3s a redemocratiza\u00e7\u00e3o. No agregador de pesquisas CNN\/Locomotiva, atualmente, Luiz In\u00e1cio Lula da Silva (PT) aparece \u00e0 frente, seguido pelo presidente Jair Bolsonaro (PL). Pesquisa Folha\/Globo\/Datafolha divulgada na [&hellip;]<\/p>\n","protected":false},"author":1,"featured_media":31153,"comment_status":"closed","ping_status":"open","sticky":false,"template":"","format":"standard","meta":{"_uag_custom_page_level_css":"","_monsterinsights_skip_tracking":false,"_monsterinsights_sitenote_active":false,"_monsterinsights_sitenote_note":"","_monsterinsights_sitenote_category":0,"jetpack_post_was_ever_published":false,"_jetpack_newsletter_access":"","_jetpack_dont_email_post_to_subs":false,"_jetpack_newsletter_tier_id":0,"_jetpack_memberships_contains_paywalled_content":false,"_jetpack_memberships_contains_paid_content":false,"footnotes":"","jetpack_publicize_message":"","jetpack_publicize_feature_enabled":true,"jetpack_social_post_already_shared":true,"jetpack_social_options":{"image_generator_settings":{"template":"highway","default_image_id":0,"font":"","enabled":false},"version":2}},"categories":[10109],"tags":[],"class_list":["post-41889","post","type-post","status-publish","format-standard","has-post-thumbnail","hentry","category-eleicoes-2022"],"jetpack_publicize_connections":[],"jetpack_featured_media_url":"https:\/\/blogopara.com.br\/wp-content\/uploads\/2021\/12\/lula_e_bolsonaro_widelg.jpg","uagb_featured_image_src":{"full":["https:\/\/blogopara.com.br\/wp-content\/uploads\/2021\/12\/lula_e_bolsonaro_widelg.jpg",500,267,false],"thumbnail":["https:\/\/blogopara.com.br\/wp-content\/uploads\/2021\/12\/lula_e_bolsonaro_widelg-150x150.jpg",150,150,true],"medium":["https:\/\/blogopara.com.br\/wp-content\/uploads\/2021\/12\/lula_e_bolsonaro_widelg-300x160.jpg",300,160,true],"medium_large":["https:\/\/blogopara.com.br\/wp-content\/uploads\/2021\/12\/lula_e_bolsonaro_widelg.jpg",500,267,false],"large":["https:\/\/blogopara.com.br\/wp-content\/uploads\/2021\/12\/lula_e_bolsonaro_widelg.jpg",500,267,false],"1536x1536":["https:\/\/blogopara.com.br\/wp-content\/uploads\/2021\/12\/lula_e_bolsonaro_widelg.jpg",500,267,false],"2048x2048":["https:\/\/blogopara.com.br\/wp-content\/uploads\/2021\/12\/lula_e_bolsonaro_widelg.jpg",500,267,false],"mantranews-slider-large":["https:\/\/blogopara.com.br\/wp-content\/uploads\/2021\/12\/lula_e_bolsonaro_widelg.jpg",500,267,false],"mantranews-featured-medium":["https:\/\/blogopara.com.br\/wp-content\/uploads\/2021\/12\/lula_e_bolsonaro_widelg-420x267.jpg",420,267,true],"mantranews-featured-long":["https:\/\/blogopara.com.br\/wp-content\/uploads\/2021\/12\/lula_e_bolsonaro_widelg-300x267.jpg",300,267,true],"mantranews-block-medium":["https:\/\/blogopara.com.br\/wp-content\/uploads\/2021\/12\/lula_e_bolsonaro_widelg-464x267.jpg",464,267,true],"mantranews-carousel-image":["https:\/\/blogopara.com.br\/wp-content\/uploads\/2021\/12\/lula_e_bolsonaro_widelg.jpg",500,267,false],"mantranews-block-thumb":["https:\/\/blogopara.com.br\/wp-content\/uploads\/2021\/12\/lula_e_bolsonaro_widelg-322x230.jpg",322,230,true],"mantranews-single-large":["https:\/\/blogopara.com.br\/wp-content\/uploads\/2021\/12\/lula_e_bolsonaro_widelg.jpg",500,267,false]},"uagb_author_info":{"display_name":"Reda\u00e7\u00e3o geral","author_link":"https:\/\/blogopara.com.br\/index.php\/author\/blogopara"},"uagb_comment_info":0,"uagb_excerpt":"Levantamento da&nbsp;CNN&nbsp;mostra que todos os&nbsp;presidenci\u00e1veis&nbsp;que lideravam a pesquisa de inten\u00e7\u00e3o de voto do Datafolha divulgada a um m\u00eas das elei\u00e7\u00f5es foram eleitos \u2014 desde o primeiro pleito ap\u00f3s a redemocratiza\u00e7\u00e3o. No agregador de pesquisas CNN\/Locomotiva, atualmente, Luiz In\u00e1cio Lula da Silva (PT) aparece \u00e0 frente, seguido pelo presidente Jair Bolsonaro (PL). Pesquisa Folha\/Globo\/Datafolha divulgada na&hellip;","jetpack_sharing_enabled":true,"jetpack_likes_enabled":true,"_links":{"self":[{"href":"https:\/\/blogopara.com.br\/index.php\/wp-json\/wp\/v2\/posts\/41889","targetHints":{"allow":["GET"]}}],"collection":[{"href":"https:\/\/blogopara.com.br\/index.php\/wp-json\/wp\/v2\/posts"}],"about":[{"href":"https:\/\/blogopara.com.br\/index.php\/wp-json\/wp\/v2\/types\/post"}],"author":[{"embeddable":true,"href":"https:\/\/blogopara.com.br\/index.php\/wp-json\/wp\/v2\/users\/1"}],"replies":[{"embeddable":true,"href":"https:\/\/blogopara.com.br\/index.php\/wp-json\/wp\/v2\/comments?post=41889"}],"version-history":[{"count":2,"href":"https:\/\/blogopara.com.br\/index.php\/wp-json\/wp\/v2\/posts\/41889\/revisions"}],"predecessor-version":[{"id":41912,"href":"https:\/\/blogopara.com.br\/index.php\/wp-json\/wp\/v2\/posts\/41889\/revisions\/41912"}],"wp:featuredmedia":[{"embeddable":true,"href":"https:\/\/blogopara.com.br\/index.php\/wp-json\/wp\/v2\/media\/31153"}],"wp:attachment":[{"href":"https:\/\/blogopara.com.br\/index.php\/wp-json\/wp\/v2\/media?parent=41889"}],"wp:term":[{"taxonomy":"category","embeddable":true,"href":"https:\/\/blogopara.com.br\/index.php\/wp-json\/wp\/v2\/categories?post=41889"},{"taxonomy":"post_tag","embeddable":true,"href":"https:\/\/blogopara.com.br\/index.php\/wp-json\/wp\/v2\/tags?post=41889"}],"curies":[{"name":"wp","href":"https:\/\/api.w.org\/{rel}","templated":true}]}}