{"id":41905,"date":"2022-09-03T12:34:39","date_gmt":"2022-09-03T15:34:39","guid":{"rendered":"https:\/\/blogopara.com.br\/?p=41905"},"modified":"2022-09-03T12:35:17","modified_gmt":"2022-09-03T15:35:17","slug":"ataque-com-explosivos-deixa-sete-policiais-mortos-na-colombia","status":"publish","type":"post","link":"https:\/\/blogopara.com.br\/index.php\/2022\/09\/03\/ataque-com-explosivos-deixa-sete-policiais-mortos-na-colombia","title":{"rendered":"Ataque com explosivos deixa sete policiais mortos na Col\u00f4mbia"},"content":{"rendered":"<div class=\"mc-column content-text active-extra-styles \" data-block-type=\"unstyled\" data-block-weight=\"27\" data-block-id=\"3\">\n<p class=\"content-text__container \" style=\"text-align: justify;\" data-track-category=\"Link no Texto\" data-track-links=\"\">Uma emboscada com explosivos contra uma patrulha policial em uma \u00e1rea rural do sudoeste da\u00a0<a href=\"https:\/\/g1.globo.com\/tudo-sobre\/colombia\/\">Col\u00f4mbia<\/a>\u00a0deixou sete homens uniformizados mortos na sexta-feira (2), informaram autoridades.<\/p>\n<\/div>\n<div class=\"wall protected-content\">\n<div class=\"mc-column content-text active-extra-styles \" style=\"text-align: justify;\" data-block-type=\"unstyled\" data-block-weight=\"26\" data-block-id=\"4\">\n<p class=\"content-text__container \" data-track-category=\"Link no Texto\" data-track-links=\"\">Embora a princ\u00edpio o presidente Gustavo Petro tenha relatado em um tu\u00edte sobre oito mortes no ataque, o saldo final da pol\u00edcia contabiliza sete mortes.<\/p>\n<\/div>\n<div class=\"mc-column content-text active-extra-styles \" style=\"text-align: justify;\" data-block-type=\"unstyled\" data-block-weight=\"11\" data-block-id=\"5\">\n<p class=\"content-text__container \" data-track-category=\"Link no Texto\" data-track-links=\"\">Um auxiliar de pol\u00edcia foi o \u00fanico sobrevivente do ataque.<\/p>\n<p class=\"content-text__container \" data-track-category=\"Link no Texto\" data-track-links=\"\"><span style=\"font-size: revert; color: initial;\">Segundo a promotoria, os soldados foram emboscados quando viajavam em um ve\u00edculo oficial para uma zona rural remota. As autoridades n\u00e3o forneceram informa\u00e7\u00f5es sobre os respons\u00e1veis pela agress\u00e3o.<\/span><\/p>\n<\/div>\n<div class=\"mc-column content-text active-extra-styles \" style=\"text-align: justify;\" data-block-type=\"unstyled\" data-block-weight=\"47\" data-block-id=\"9\">\n<p class=\"content-text__container \" data-track-category=\"Link no Texto\" data-track-links=\"\">Esse \u00e9 o grave ataque contra as for\u00e7as de seguran\u00e7a desde que Gustavo Petro chegou ao poder. O novo presidente prop\u00f4s uma pol\u00edtica de &#8220;paz total&#8221; a v\u00e1rios grupos armados para acabar com o conflito de quase seis d\u00e9cadas entre guerrilheiros e as for\u00e7as armadas no pa\u00eds.<\/p>\n<\/div>\n<div class=\"mc-column content-text active-extra-styles\" style=\"text-align: justify;\" data-block-type=\"raw\" data-block-weight=\"3\" data-block-id=\"10\">\n<p class=\"content-text__container\"><span style=\"color: revert; font-size: revert; font-weight: revert;\">Sabotar a paz<\/span><\/p>\n<p><span style=\"font-size: revert; color: initial;\">Petro tenta reativar as negocia\u00e7\u00f5es de paz com os guerrilheiros do ELN, interrompidas em 2019, ap\u00f3s um ataque a uma escola de pol\u00edcia que deixou 22 mortos, al\u00e9m do agressor.<\/span><\/p>\n<\/div>\n<div class=\"mc-column content-text active-extra-styles \" style=\"text-align: justify;\" data-block-type=\"unstyled\" data-block-weight=\"32\" data-block-id=\"12\">\n<p class=\"content-text__container \" data-track-category=\"Link no Texto\" data-track-links=\"\">Em 2017, as Farc, o maior grupo de rebeldes do pa\u00eds, chegou a um acordo com o governo da\u00a0<a href=\"https:\/\/g1.globo.com\/tudo-sobre\/colombia\/\">Col\u00f4mbia<\/a>. O ELN \u00e9 um grupo dissidente que n\u00e3o firmou acordo de paz.<\/p>\n<\/div>\n<div class=\"mc-column content-text active-extra-styles \" style=\"text-align: justify;\" data-block-type=\"unstyled\" data-block-weight=\"29\" data-block-id=\"13\">\n<p class=\"content-text__container \" data-track-category=\"Link no Texto\" data-track-links=\"\">Petro prop\u00f4s um cessar-fogo multilateral com os rebeldes que romperam com o pacto de paz que desarmou os guerrilheiros das Farc em 2017 e os ex\u00e9rcitos do narcotr\u00e1fico.<\/p>\n<\/div>\n<div class=\"mc-column content-text active-extra-styles \" style=\"text-align: justify;\" data-block-type=\"unstyled\" data-block-weight=\"23\" data-block-id=\"14\">\n<p class=\"content-text__container \" data-track-category=\"Link no Texto\" data-track-links=\"\">Al\u00e9m dos grupos guerrilheiros dissidentes, h\u00e1 quadrilhas de traficantes agrupadas em torno do Cl\u00e3 do Golfo que est\u00e3o abertos a participar do cessar-fogo.<\/p>\n<\/div>\n<div class=\"mc-column content-text active-extra-styles \" style=\"text-align: justify;\" data-block-type=\"unstyled\" data-block-weight=\"11\" data-block-id=\"15\">\n<p class=\"content-text__container \" data-track-category=\"Link no Texto\" data-track-links=\"\">At\u00e9 agora n\u00e3o houve nenhum acordo com o novo governo.<\/p>\n<\/div>\n<div class=\"mc-column content-text active-extra-styles \" style=\"text-align: justify;\" data-block-type=\"unstyled\" data-block-weight=\"15\" data-block-id=\"17\">\n<p class=\"content-text__container \" data-track-category=\"Link no Texto\" data-track-links=\"\">No Twitter, Petro afirmou que &#8220;esses eventos expressam uma clara sabotagem da paz total&#8221;.<\/p>\n<\/div>\n<div class=\"mc-column content-text active-extra-styles \" style=\"text-align: justify;\" data-block-type=\"unstyled\" data-block-weight=\"20\" data-block-id=\"18\">\n<p class=\"content-text__container \" data-track-category=\"Link no Texto\" data-track-links=\"\">O ministro da Defesa, Iv\u00e1n Vel\u00e1squez, pediu \u00e0s For\u00e7as Armadas que &#8220;respondam com for\u00e7a a este ataque \u00e0 paz&#8221;.<\/p>\n<\/div>\n<div class=\"mc-column content-text active-extra-styles \" data-block-type=\"unstyled\" data-block-weight=\"22\" data-block-id=\"19\">\n<p class=\"content-text__container \" style=\"text-align: justify;\" data-track-category=\"Link no Texto\" data-track-links=\"\">O representante especial do secret\u00e1rio-geral da ONU na\u00a0<a href=\"https:\/\/g1.globo.com\/tudo-sobre\/colombia\/\">Col\u00f4mbia<\/a>, Carlos Ruiz, pediu para &#8220;continuar a insistir nos esfor\u00e7os em torno da paz&#8221;.<\/p>\n<\/div>\n<\/div>\n","protected":false},"excerpt":{"rendered":"<p>Uma emboscada com explosivos contra uma patrulha policial em uma \u00e1rea rural do sudoeste da\u00a0Col\u00f4mbia\u00a0deixou sete homens uniformizados mortos na sexta-feira (2), informaram autoridades. Embora a princ\u00edpio o presidente Gustavo Petro tenha relatado em um tu\u00edte sobre oito mortes no ataque, o saldo final da pol\u00edcia contabiliza sete mortes. Um auxiliar de pol\u00edcia foi o [&hellip;]<\/p>\n","protected":false},"author":1,"featured_media":41906,"comment_status":"closed","ping_status":"open","sticky":false,"template":"","format":"standard","meta":{"_uag_custom_page_level_css":"","_monsterinsights_skip_tracking":false,"_monsterinsights_sitenote_active":false,"_monsterinsights_sitenote_note":"","_monsterinsights_sitenote_category":0,"jetpack_post_was_ever_published":false,"_jetpack_newsletter_access":"","_jetpack_dont_email_post_to_subs":false,"_jetpack_newsletter_tier_id":0,"_jetpack_memberships_contains_paywalled_content":false,"_jetpack_memberships_contains_paid_content":false,"footnotes":"","jetpack_publicize_message":"","jetpack_publicize_feature_enabled":true,"jetpack_social_post_already_shared":true,"jetpack_social_options":{"image_generator_settings":{"template":"highway","default_image_id":0,"font":"","enabled":false},"version":2}},"categories":[273,202],"tags":[],"class_list":["post-41905","post","type-post","status-publish","format-standard","has-post-thumbnail","hentry","category-mundo","category-policia"],"jetpack_publicize_connections":[],"jetpack_featured_media_url":"https:\/\/blogopara.com.br\/wp-content\/uploads\/2022\/09\/patrulha-de-policiais-foi-atingida-por-explosao-na-colombia-1662213814601_v2_900x506.jpg","uagb_featured_image_src":{"full":["https:\/\/blogopara.com.br\/wp-content\/uploads\/2022\/09\/patrulha-de-policiais-foi-atingida-por-explosao-na-colombia-1662213814601_v2_900x506.jpg",500,281,false],"thumbnail":["https:\/\/blogopara.com.br\/wp-content\/uploads\/2022\/09\/patrulha-de-policiais-foi-atingida-por-explosao-na-colombia-1662213814601_v2_900x506-150x150.jpg",150,150,true],"medium":["https:\/\/blogopara.com.br\/wp-content\/uploads\/2022\/09\/patrulha-de-policiais-foi-atingida-por-explosao-na-colombia-1662213814601_v2_900x506-300x169.jpg",300,169,true],"medium_large":["https:\/\/blogopara.com.br\/wp-content\/uploads\/2022\/09\/patrulha-de-policiais-foi-atingida-por-explosao-na-colombia-1662213814601_v2_900x506.jpg",500,281,false],"large":["https:\/\/blogopara.com.br\/wp-content\/uploads\/2022\/09\/patrulha-de-policiais-foi-atingida-por-explosao-na-colombia-1662213814601_v2_900x506.jpg",500,281,false],"1536x1536":["https:\/\/blogopara.com.br\/wp-content\/uploads\/2022\/09\/patrulha-de-policiais-foi-atingida-por-explosao-na-colombia-1662213814601_v2_900x506.jpg",500,281,false],"2048x2048":["https:\/\/blogopara.com.br\/wp-content\/uploads\/2022\/09\/patrulha-de-policiais-foi-atingida-por-explosao-na-colombia-1662213814601_v2_900x506.jpg",500,281,false],"mantranews-slider-large":["https:\/\/blogopara.com.br\/wp-content\/uploads\/2022\/09\/patrulha-de-policiais-foi-atingida-por-explosao-na-colombia-1662213814601_v2_900x506.jpg",500,281,false],"mantranews-featured-medium":["https:\/\/blogopara.com.br\/wp-content\/uploads\/2022\/09\/patrulha-de-policiais-foi-atingida-por-explosao-na-colombia-1662213814601_v2_900x506-420x281.jpg",420,281,true],"mantranews-featured-long":["https:\/\/blogopara.com.br\/wp-content\/uploads\/2022\/09\/patrulha-de-policiais-foi-atingida-por-explosao-na-colombia-1662213814601_v2_900x506-300x281.jpg",300,281,true],"mantranews-block-medium":["https:\/\/blogopara.com.br\/wp-content\/uploads\/2022\/09\/patrulha-de-policiais-foi-atingida-por-explosao-na-colombia-1662213814601_v2_900x506-464x281.jpg",464,281,true],"mantranews-carousel-image":["https:\/\/blogopara.com.br\/wp-content\/uploads\/2022\/09\/patrulha-de-policiais-foi-atingida-por-explosao-na-colombia-1662213814601_v2_900x506.jpg",500,281,false],"mantranews-block-thumb":["https:\/\/blogopara.com.br\/wp-content\/uploads\/2022\/09\/patrulha-de-policiais-foi-atingida-por-explosao-na-colombia-1662213814601_v2_900x506-322x230.jpg",322,230,true],"mantranews-single-large":["https:\/\/blogopara.com.br\/wp-content\/uploads\/2022\/09\/patrulha-de-policiais-foi-atingida-por-explosao-na-colombia-1662213814601_v2_900x506.jpg",500,281,false]},"uagb_author_info":{"display_name":"Reda\u00e7\u00e3o geral","author_link":"https:\/\/blogopara.com.br\/index.php\/author\/blogopara"},"uagb_comment_info":0,"uagb_excerpt":"Uma emboscada com explosivos contra uma patrulha policial em uma \u00e1rea rural do sudoeste da\u00a0Col\u00f4mbia\u00a0deixou sete homens uniformizados mortos na sexta-feira (2), informaram autoridades. Embora a princ\u00edpio o presidente Gustavo Petro tenha relatado em um tu\u00edte sobre oito mortes no ataque, o saldo final da pol\u00edcia contabiliza sete mortes. Um auxiliar de pol\u00edcia foi o&hellip;","jetpack_sharing_enabled":true,"jetpack_likes_enabled":true,"_links":{"self":[{"href":"https:\/\/blogopara.com.br\/index.php\/wp-json\/wp\/v2\/posts\/41905","targetHints":{"allow":["GET"]}}],"collection":[{"href":"https:\/\/blogopara.com.br\/index.php\/wp-json\/wp\/v2\/posts"}],"about":[{"href":"https:\/\/blogopara.com.br\/index.php\/wp-json\/wp\/v2\/types\/post"}],"author":[{"embeddable":true,"href":"https:\/\/blogopara.com.br\/index.php\/wp-json\/wp\/v2\/users\/1"}],"replies":[{"embeddable":true,"href":"https:\/\/blogopara.com.br\/index.php\/wp-json\/wp\/v2\/comments?post=41905"}],"version-history":[{"count":2,"href":"https:\/\/blogopara.com.br\/index.php\/wp-json\/wp\/v2\/posts\/41905\/revisions"}],"predecessor-version":[{"id":41908,"href":"https:\/\/blogopara.com.br\/index.php\/wp-json\/wp\/v2\/posts\/41905\/revisions\/41908"}],"wp:featuredmedia":[{"embeddable":true,"href":"https:\/\/blogopara.com.br\/index.php\/wp-json\/wp\/v2\/media\/41906"}],"wp:attachment":[{"href":"https:\/\/blogopara.com.br\/index.php\/wp-json\/wp\/v2\/media?parent=41905"}],"wp:term":[{"taxonomy":"category","embeddable":true,"href":"https:\/\/blogopara.com.br\/index.php\/wp-json\/wp\/v2\/categories?post=41905"},{"taxonomy":"post_tag","embeddable":true,"href":"https:\/\/blogopara.com.br\/index.php\/wp-json\/wp\/v2\/tags?post=41905"}],"curies":[{"name":"wp","href":"https:\/\/api.w.org\/{rel}","templated":true}]}}