{"id":41970,"date":"2022-09-05T19:45:00","date_gmt":"2022-09-05T22:45:00","guid":{"rendered":"https:\/\/blogopara.com.br\/?p=41970"},"modified":"2022-09-05T12:39:35","modified_gmt":"2022-09-05T15:39:35","slug":"eleicoes-de-2022-terao-recorde-de-eleitores-com-ensino-medio-completo","status":"publish","type":"post","link":"https:\/\/blogopara.com.br\/index.php\/2022\/09\/05\/eleicoes-de-2022-terao-recorde-de-eleitores-com-ensino-medio-completo","title":{"rendered":"Elei\u00e7\u00f5es de 2022 ter\u00e3o recorde de eleitores com ensino m\u00e9dio completo"},"content":{"rendered":"<p style=\"text-align: justify;\">As elei\u00e7\u00f5es deste ano ter\u00e3o o maior n\u00famero de eleitores que completaram o ensino m\u00e9dio desde que o&nbsp;<a href=\"https:\/\/www.cnnbrasil.com.br\/tudo-sobre\/tribunal-superior-eleitoral-tse\/\">Tribunal Superior Eleitoral<\/a> come\u00e7ou a compilar dados sobre a escolaridade dos votantes em elei\u00e7\u00f5es gerais, no ano de 2014. Em 2022, ser\u00e3o 58,2 milh\u00f5es de eleitores que terminaram o ensino b\u00e1sico, que contempla o ensino fundamental e o m\u00e9dio.<\/p>\n<p style=\"text-align: justify;\">Entre eles, 17,1 milh\u00f5es tamb\u00e9m completaram o ensino superior, e 41,1 milh\u00f5es, apenas o ensino b\u00e1sico.<\/p>\n<p style=\"text-align: justify;\">Al\u00e9m dos n\u00fameros absolutos, a propor\u00e7\u00e3o de votantes com ensino b\u00e1sico completo tamb\u00e9m \u00e9 a maior da s\u00e9rie hist\u00f3rica. Neste ano, o grupo de eleitores representa 43,41% do eleitorado.<\/p>\n<ul style=\"text-align: justify;\">\n<li>2014: 31,8 milh\u00f5es \u2013 22,32%<\/li>\n<li>2018: 47,1 milh\u00f5es \u2013 32,86%<\/li>\n<li>2022: 58,2 milh\u00f5es \u2013 43,41%<\/li>\n<\/ul>\n<h3 style=\"text-align: justify;\">Avan\u00e7os na educa\u00e7\u00e3o b\u00e1sica<\/h3>\n<p style=\"text-align: justify;\">Nas \u00faltimas elei\u00e7\u00f5es gerais, a categoria que representava mais eleitores, tamb\u00e9m com cerca de 26%, era a dos que n\u00e3o completaram o ensino fundamental.<\/p>\n<p style=\"text-align: justify;\">Em 2022, essa fatia re\u00fane pouco menos de 23% dos votantes, na segunda coloca\u00e7\u00e3o. Nos tr\u00eas pleitos anteriores, esse era o grau de escolaridade com maior incid\u00eancia.<br \/>\nNa terceira coloca\u00e7\u00e3o, est\u00e3o aqueles que conclu\u00edram o fundamental, mas n\u00e3o conclu\u00edram o ensino m\u00e9dio, pouco acima de 16%.<\/p>\n<p style=\"text-align: justify;\">O percentual dos eleitores com superior completo neste ano 10,95% tamb\u00e9m \u00e9 o maior j\u00e1 registrado. H\u00e1 quatro anos, o \u00edndice era de 9,22%. Em n\u00fameros absolutos, s\u00e3o quase quatro milh\u00f5es a mais de graduados.<\/p>\n<h3 style=\"text-align: justify;\">Reflexo discrepante entre candidatos<\/h3>\n<p style=\"text-align: justify;\">A propor\u00e7\u00e3o de eleitores com ensino superior completo \u00e9 cerca de cinco vezes maior do que a de eleitores. Entre os postulantes a cargos eletivos, 54,68% conclu\u00edram o ensino superior, de acordo com os registros do TSE<\/p>\n<p style=\"text-align: justify;\">Com rela\u00e7\u00e3o aos que declararam ter completado o ensino m\u00e9dio mas n\u00e3o t\u00eam ensino superior, a propor\u00e7\u00e3o entre eleitores e candidatos \u00e9 similar \u2013 pouco mais de um quarto dos postulantes a cargos p\u00fablicos se encaixam no quadro.<\/p>\n<p style=\"text-align: justify;\">No caso dos eleitores, h\u00e1 uma distribui\u00e7\u00e3o maior entre os diferentes n\u00edveis educacionais.<\/p>\n<p style=\"text-align: justify;\">Enquanto mais de 16% dos eleitores n\u00e3o conclu\u00edram o ensino m\u00e9dio, s\u00e3o menos de 3% dos candidatos; se 7% dos eleitores sabem ler e escrever, \u00e9 o caso de cerca de 1% dos candidatos. Distor\u00e7\u00f5es entre os dados da popula\u00e7\u00e3o e daqueles que pretendem represent\u00e1-los na pol\u00edtica tamb\u00e9m s\u00e3o encontradas em outros recortes.<\/p>\n<h2 style=\"text-align: justify;\">Debate<\/h2>\n<p style=\"text-align: justify;\">As emissoras&nbsp;<strong>CNN<\/strong>&nbsp;e SBT, o jornal O Estado de S. Paulo, a revista Veja, o portal Terra e a r\u00e1dio NovaBrasilFM formaram um pool para realizar o debate entre os candidatos \u00e0 Presid\u00eancia da Rep\u00fablica, que acontecer\u00e1 no dia 24 de setembro.<\/p>\n<p style=\"text-align: justify;\">O debate ser\u00e1 transmitido ao vivo pela&nbsp;<strong>CNN<\/strong>&nbsp;na TV e por nossas plataformas digitais.<\/p>\n<div class=\"tags__topics\">\n<div class=\"tags__topics__content\" style=\"text-align: justify;\">CNN Brasil<\/div>\n<\/div>\n","protected":false},"excerpt":{"rendered":"<p>As elei\u00e7\u00f5es deste ano ter\u00e3o o maior n\u00famero de eleitores que completaram o ensino m\u00e9dio desde que o&nbsp;Tribunal Superior Eleitoral come\u00e7ou a compilar dados sobre a escolaridade dos votantes em elei\u00e7\u00f5es gerais, no ano de 2014. Em 2022, ser\u00e3o 58,2 milh\u00f5es de eleitores que terminaram o ensino b\u00e1sico, que contempla o ensino fundamental e o [&hellip;]<\/p>\n","protected":false},"author":1,"featured_media":41971,"comment_status":"closed","ping_status":"open","sticky":false,"template":"","format":"standard","meta":{"_uag_custom_page_level_css":"","_monsterinsights_skip_tracking":false,"_monsterinsights_sitenote_active":false,"_monsterinsights_sitenote_note":"","_monsterinsights_sitenote_category":0,"jetpack_post_was_ever_published":false,"_jetpack_newsletter_access":"","_jetpack_dont_email_post_to_subs":false,"_jetpack_newsletter_tier_id":0,"_jetpack_memberships_contains_paywalled_content":false,"_jetpack_memberships_contains_paid_content":false,"footnotes":"","jetpack_publicize_message":"","jetpack_publicize_feature_enabled":true,"jetpack_social_post_already_shared":true,"jetpack_social_options":{"image_generator_settings":{"template":"highway","default_image_id":0,"font":"","enabled":false},"version":2}},"categories":[200,10109],"tags":[],"class_list":["post-41970","post","type-post","status-publish","format-standard","has-post-thumbnail","hentry","category-brasil","category-eleicoes-2022"],"jetpack_publicize_connections":[],"jetpack_featured_media_url":"https:\/\/blogopara.com.br\/wp-content\/uploads\/2022\/09\/urna.jpg","uagb_featured_image_src":{"full":["https:\/\/blogopara.com.br\/wp-content\/uploads\/2022\/09\/urna.jpg",500,288,false],"thumbnail":["https:\/\/blogopara.com.br\/wp-content\/uploads\/2022\/09\/urna-150x150.jpg",150,150,true],"medium":["https:\/\/blogopara.com.br\/wp-content\/uploads\/2022\/09\/urna-300x173.jpg",300,173,true],"medium_large":["https:\/\/blogopara.com.br\/wp-content\/uploads\/2022\/09\/urna.jpg",500,288,false],"large":["https:\/\/blogopara.com.br\/wp-content\/uploads\/2022\/09\/urna.jpg",500,288,false],"1536x1536":["https:\/\/blogopara.com.br\/wp-content\/uploads\/2022\/09\/urna.jpg",500,288,false],"2048x2048":["https:\/\/blogopara.com.br\/wp-content\/uploads\/2022\/09\/urna.jpg",500,288,false],"mantranews-slider-large":["https:\/\/blogopara.com.br\/wp-content\/uploads\/2022\/09\/urna.jpg",500,288,false],"mantranews-featured-medium":["https:\/\/blogopara.com.br\/wp-content\/uploads\/2022\/09\/urna-420x288.jpg",420,288,true],"mantranews-featured-long":["https:\/\/blogopara.com.br\/wp-content\/uploads\/2022\/09\/urna-300x288.jpg",300,288,true],"mantranews-block-medium":["https:\/\/blogopara.com.br\/wp-content\/uploads\/2022\/09\/urna-464x288.jpg",464,288,true],"mantranews-carousel-image":["https:\/\/blogopara.com.br\/wp-content\/uploads\/2022\/09\/urna.jpg",500,288,false],"mantranews-block-thumb":["https:\/\/blogopara.com.br\/wp-content\/uploads\/2022\/09\/urna-322x230.jpg",322,230,true],"mantranews-single-large":["https:\/\/blogopara.com.br\/wp-content\/uploads\/2022\/09\/urna.jpg",500,288,false]},"uagb_author_info":{"display_name":"Reda\u00e7\u00e3o geral","author_link":"https:\/\/blogopara.com.br\/index.php\/author\/blogopara"},"uagb_comment_info":0,"uagb_excerpt":"As elei\u00e7\u00f5es deste ano ter\u00e3o o maior n\u00famero de eleitores que completaram o ensino m\u00e9dio desde que o&nbsp;Tribunal Superior Eleitoral come\u00e7ou a compilar dados sobre a escolaridade dos votantes em elei\u00e7\u00f5es gerais, no ano de 2014. Em 2022, ser\u00e3o 58,2 milh\u00f5es de eleitores que terminaram o ensino b\u00e1sico, que contempla o ensino fundamental e o&hellip;","jetpack_sharing_enabled":true,"jetpack_likes_enabled":true,"_links":{"self":[{"href":"https:\/\/blogopara.com.br\/index.php\/wp-json\/wp\/v2\/posts\/41970","targetHints":{"allow":["GET"]}}],"collection":[{"href":"https:\/\/blogopara.com.br\/index.php\/wp-json\/wp\/v2\/posts"}],"about":[{"href":"https:\/\/blogopara.com.br\/index.php\/wp-json\/wp\/v2\/types\/post"}],"author":[{"embeddable":true,"href":"https:\/\/blogopara.com.br\/index.php\/wp-json\/wp\/v2\/users\/1"}],"replies":[{"embeddable":true,"href":"https:\/\/blogopara.com.br\/index.php\/wp-json\/wp\/v2\/comments?post=41970"}],"version-history":[{"count":2,"href":"https:\/\/blogopara.com.br\/index.php\/wp-json\/wp\/v2\/posts\/41970\/revisions"}],"predecessor-version":[{"id":41996,"href":"https:\/\/blogopara.com.br\/index.php\/wp-json\/wp\/v2\/posts\/41970\/revisions\/41996"}],"wp:featuredmedia":[{"embeddable":true,"href":"https:\/\/blogopara.com.br\/index.php\/wp-json\/wp\/v2\/media\/41971"}],"wp:attachment":[{"href":"https:\/\/blogopara.com.br\/index.php\/wp-json\/wp\/v2\/media?parent=41970"}],"wp:term":[{"taxonomy":"category","embeddable":true,"href":"https:\/\/blogopara.com.br\/index.php\/wp-json\/wp\/v2\/categories?post=41970"},{"taxonomy":"post_tag","embeddable":true,"href":"https:\/\/blogopara.com.br\/index.php\/wp-json\/wp\/v2\/tags?post=41970"}],"curies":[{"name":"wp","href":"https:\/\/api.w.org\/{rel}","templated":true}]}}