{"id":42013,"date":"2022-09-05T18:39:11","date_gmt":"2022-09-05T21:39:11","guid":{"rendered":"https:\/\/blogopara.com.br\/?p=42013"},"modified":"2022-09-05T18:39:13","modified_gmt":"2022-09-05T21:39:13","slug":"leao-rebate-rui-costa-deve-estar-sofrendo-de-amnesia","status":"publish","type":"post","link":"https:\/\/blogopara.com.br\/index.php\/2022\/09\/05\/leao-rebate-rui-costa-deve-estar-sofrendo-de-amnesia","title":{"rendered":"Le\u00e3o rebate Rui Costa: \u2018Deve estar sofrendo de amn\u00e9sia\u2019"},"content":{"rendered":"<p style=\"text-align: justify;\">O vice-governador Jo\u00e3o Le\u00e3o (PP) disse, nesta segunda-feira (05), que o governador Rui Costa, \u201cno desespero\u201d, parece estar \u201csofrendo de amn\u00e9sia\u201d. Le\u00e3o explicou que jamais foi humilhado por ACM Neto e que, na conven\u00e7\u00e3o do Uni\u00e3o Brasil, por ser candidato a deputado federal, numa atitude republicana, n\u00e3o quis ter nenhum tipo de vantagem, por isso preferiu n\u00e3o discursar.<\/p>\n<p style=\"text-align: justify;\">\u201cRui deve estar esquecido, eu at\u00e9 entendo, deve ser o desespero porque sabe que vai perder as elei\u00e7\u00f5es. Isso, por\u00e9m, n\u00e3o d\u00e1 direito a ele de mentir e nem de destratar a fam\u00edlia dos advers\u00e1rios. O que ele est\u00e1 fazendo \u00e9 pol\u00edtica de quinta categoria\u201d, disparou.<\/p>\n<p style=\"text-align: justify;\">Le\u00e3o continuou: \u201cVou refrescar a mem\u00f3ria do governador. Quem tentou me humilhar, n\u00e3o tendo a menor considera\u00e7\u00e3o por mim, que sempre fui aliado e o chamava de amigo, foi ele e o partido dele. Neto, pelo contr\u00e1rio, me exaltou, me valorizou, honrou a for\u00e7a pol\u00edtica do PP\u201d, rebateu Le\u00e3o.<\/p>\n<p style=\"text-align: justify;\">O vice-governador lembrou ainda que, na conven\u00e7\u00e3o, em respeito aos demais candidatos a deputado federal, n\u00e3o quis discursar e deixou o protagonismo do dia para ACM Neto, Ana Coelho, candidata \u00e0 vice, e seu filho, Cac\u00e1 Le\u00e3o, candidato ao Senado.<\/p>\n<p style=\"text-align: justify;\">\u201cTive uma atitude republicana, diferente do que o governador anda fazendo por a\u00ed, \u2018escondendo\u2019 o candidato dele. Me senti homenageado e contemplado nos discursos de Neto e Cac\u00e1 na conven\u00e7\u00e3o\u201d, completou.<\/p>\n","protected":false},"excerpt":{"rendered":"<p>O vice-governador Jo\u00e3o Le\u00e3o (PP) disse, nesta segunda-feira (05), que o governador Rui Costa, \u201cno desespero\u201d, parece estar \u201csofrendo de amn\u00e9sia\u201d. Le\u00e3o explicou que jamais foi humilhado por ACM Neto e que, na conven\u00e7\u00e3o do Uni\u00e3o Brasil, por ser candidato a deputado federal, numa atitude republicana, n\u00e3o quis ter nenhum tipo de vantagem, por isso [&hellip;]<\/p>\n","protected":false},"author":1,"featured_media":42014,"comment_status":"closed","ping_status":"open","sticky":false,"template":"","format":"standard","meta":{"_uag_custom_page_level_css":"","_monsterinsights_skip_tracking":false,"_monsterinsights_sitenote_active":false,"_monsterinsights_sitenote_note":"","_monsterinsights_sitenote_category":0,"jetpack_post_was_ever_published":false,"_jetpack_newsletter_access":"","_jetpack_dont_email_post_to_subs":false,"_jetpack_newsletter_tier_id":0,"_jetpack_memberships_contains_paywalled_content":false,"_jetpack_memberships_contains_paid_content":false,"footnotes":"","jetpack_publicize_message":"","jetpack_publicize_feature_enabled":true,"jetpack_social_post_already_shared":true,"jetpack_social_options":{"image_generator_settings":{"template":"highway","default_image_id":0,"font":"","enabled":false},"version":2}},"categories":[199,10109],"tags":[2010,1477],"class_list":["post-42013","post","type-post","status-publish","format-standard","has-post-thumbnail","hentry","category-bahia","category-eleicoes-2022","tag-deputado-federal","tag-joao-leao"],"jetpack_publicize_connections":[],"jetpack_featured_media_url":"https:\/\/blogopara.com.br\/wp-content\/uploads\/2022\/09\/WhatsApp-Image-2022-09-05-at-17.14.59.jpeg","uagb_featured_image_src":{"full":["https:\/\/blogopara.com.br\/wp-content\/uploads\/2022\/09\/WhatsApp-Image-2022-09-05-at-17.14.59.jpeg",500,391,false],"thumbnail":["https:\/\/blogopara.com.br\/wp-content\/uploads\/2022\/09\/WhatsApp-Image-2022-09-05-at-17.14.59-150x150.jpeg",150,150,true],"medium":["https:\/\/blogopara.com.br\/wp-content\/uploads\/2022\/09\/WhatsApp-Image-2022-09-05-at-17.14.59-300x235.jpeg",300,235,true],"medium_large":["https:\/\/blogopara.com.br\/wp-content\/uploads\/2022\/09\/WhatsApp-Image-2022-09-05-at-17.14.59.jpeg",500,391,false],"large":["https:\/\/blogopara.com.br\/wp-content\/uploads\/2022\/09\/WhatsApp-Image-2022-09-05-at-17.14.59.jpeg",500,391,false],"1536x1536":["https:\/\/blogopara.com.br\/wp-content\/uploads\/2022\/09\/WhatsApp-Image-2022-09-05-at-17.14.59.jpeg",500,391,false],"2048x2048":["https:\/\/blogopara.com.br\/wp-content\/uploads\/2022\/09\/WhatsApp-Image-2022-09-05-at-17.14.59.jpeg",500,391,false],"mantranews-slider-large":["https:\/\/blogopara.com.br\/wp-content\/uploads\/2022\/09\/WhatsApp-Image-2022-09-05-at-17.14.59.jpeg",500,391,false],"mantranews-featured-medium":["https:\/\/blogopara.com.br\/wp-content\/uploads\/2022\/09\/WhatsApp-Image-2022-09-05-at-17.14.59-420x307.jpeg",420,307,true],"mantranews-featured-long":["https:\/\/blogopara.com.br\/wp-content\/uploads\/2022\/09\/WhatsApp-Image-2022-09-05-at-17.14.59-300x391.jpeg",300,391,true],"mantranews-block-medium":["https:\/\/blogopara.com.br\/wp-content\/uploads\/2022\/09\/WhatsApp-Image-2022-09-05-at-17.14.59-464x290.jpeg",464,290,true],"mantranews-carousel-image":["https:\/\/blogopara.com.br\/wp-content\/uploads\/2022\/09\/WhatsApp-Image-2022-09-05-at-17.14.59.jpeg",500,391,false],"mantranews-block-thumb":["https:\/\/blogopara.com.br\/wp-content\/uploads\/2022\/09\/WhatsApp-Image-2022-09-05-at-17.14.59-322x230.jpeg",322,230,true],"mantranews-single-large":["https:\/\/blogopara.com.br\/wp-content\/uploads\/2022\/09\/WhatsApp-Image-2022-09-05-at-17.14.59.jpeg",500,391,false]},"uagb_author_info":{"display_name":"Reda\u00e7\u00e3o geral","author_link":"https:\/\/blogopara.com.br\/index.php\/author\/blogopara"},"uagb_comment_info":0,"uagb_excerpt":"O vice-governador Jo\u00e3o Le\u00e3o (PP) disse, nesta segunda-feira (05), que o governador Rui Costa, \u201cno desespero\u201d, parece estar \u201csofrendo de amn\u00e9sia\u201d. Le\u00e3o explicou que jamais foi humilhado por ACM Neto e que, na conven\u00e7\u00e3o do Uni\u00e3o Brasil, por ser candidato a deputado federal, numa atitude republicana, n\u00e3o quis ter nenhum tipo de vantagem, por isso&hellip;","jetpack_sharing_enabled":true,"jetpack_likes_enabled":true,"_links":{"self":[{"href":"https:\/\/blogopara.com.br\/index.php\/wp-json\/wp\/v2\/posts\/42013","targetHints":{"allow":["GET"]}}],"collection":[{"href":"https:\/\/blogopara.com.br\/index.php\/wp-json\/wp\/v2\/posts"}],"about":[{"href":"https:\/\/blogopara.com.br\/index.php\/wp-json\/wp\/v2\/types\/post"}],"author":[{"embeddable":true,"href":"https:\/\/blogopara.com.br\/index.php\/wp-json\/wp\/v2\/users\/1"}],"replies":[{"embeddable":true,"href":"https:\/\/blogopara.com.br\/index.php\/wp-json\/wp\/v2\/comments?post=42013"}],"version-history":[{"count":1,"href":"https:\/\/blogopara.com.br\/index.php\/wp-json\/wp\/v2\/posts\/42013\/revisions"}],"predecessor-version":[{"id":42015,"href":"https:\/\/blogopara.com.br\/index.php\/wp-json\/wp\/v2\/posts\/42013\/revisions\/42015"}],"wp:featuredmedia":[{"embeddable":true,"href":"https:\/\/blogopara.com.br\/index.php\/wp-json\/wp\/v2\/media\/42014"}],"wp:attachment":[{"href":"https:\/\/blogopara.com.br\/index.php\/wp-json\/wp\/v2\/media?parent=42013"}],"wp:term":[{"taxonomy":"category","embeddable":true,"href":"https:\/\/blogopara.com.br\/index.php\/wp-json\/wp\/v2\/categories?post=42013"},{"taxonomy":"post_tag","embeddable":true,"href":"https:\/\/blogopara.com.br\/index.php\/wp-json\/wp\/v2\/tags?post=42013"}],"curies":[{"name":"wp","href":"https:\/\/api.w.org\/{rel}","templated":true}]}}