{"id":42024,"date":"2022-09-06T11:45:00","date_gmt":"2022-09-06T14:45:00","guid":{"rendered":"https:\/\/blogopara.com.br\/?p=42024"},"modified":"2022-09-05T21:34:28","modified_gmt":"2022-09-06T00:34:28","slug":"tome-chao-acm-neto-percorre-44-mil-quilometros-em-seis-dias-visitando-22-municipios-de-sete-regioes-diferentes","status":"publish","type":"post","link":"https:\/\/blogopara.com.br\/index.php\/2022\/09\/06\/tome-chao-acm-neto-percorre-44-mil-quilometros-em-seis-dias-visitando-22-municipios-de-sete-regioes-diferentes","title":{"rendered":"Tome ch\u00e3o: ACM Neto percorre 4,4 mil quil\u00f4metros em seis dias, visitando 22 munic\u00edpios de sete regi\u00f5es diferentes"},"content":{"rendered":"<p style=\"text-align: justify;\">O candidato a governador ACM Neto (Uni\u00e3o Brasil) retoma a sua caminhada em Salvador nesta segunda-feira (5) ap\u00f3s realizar, nos \u00faltimos seis dias, a agenda mais intensa pelo interior da Bahia desde o in\u00edcio da sua pr\u00e9-campanha, em janeiro de 2021. Ao todo, foram percorridos 22 munic\u00edpios de sete regi\u00f5es diferentes, realizadas 20 carreatas, 17 com\u00edcios e seis grandes eventos ao lado de lideran\u00e7as locais.<\/p>\n<p style=\"text-align: justify;\">A dist\u00e2ncia percorrida por terra pela comitiva da coliga\u00e7\u00e3o Pra Mudar a Bahia chegou aos 4,4 mil quil\u00f4metros, o suficiente para ir de Salvador a S\u00e3o Paulo e retornar para a capital baiana. A agenda come\u00e7ou na ter\u00e7a-feira (30), quando Neto realizou com\u00edcio em Pojuca, na Regi\u00e3o Metropolitana, ao lado do prefeito Duda Leite (PSDB).<\/p>\n<p style=\"text-align: justify;\">Na quarta-feira, visitou cidades da Chapada Diamantina e do Sudoeste; na quinta-feira, o foco foi na regi\u00e3o de Irec\u00ea; na sexta-feira, cruzou o estado para percorrer localidades do Sert\u00e3o Produtivo; no s\u00e1bado, concentrou-se em munic\u00edpios do Vale do Jiquiri\u00e7\u00e1; e no domingo, retornou para o Sert\u00e3o Produtivo e estendeu a agenda at\u00e9 a Bacia do Paramirim.<\/p>\n<p style=\"text-align: justify;\">Com isso, o deslocamento do \u00faltimo compromisso da noite para o primeiro evento do dia seguinte foi, em m\u00e9dia, de 500 km, tamanha era a dist\u00e2ncia entre as regi\u00f5es visitadas.<\/p>\n<p style=\"text-align: justify;\">Ao todo, ACM Neto e os candidatos a vice-governadora Ana Coelho (Republicanos) e a senador Cac\u00e1 Le\u00e3o (PP) percorreram mais de 46 quil\u00f4metros em carreatas e ficaram por quase 23 horas em p\u00e9, seja nos palcos ou nas ca\u00e7ambas de picapes, durante os com\u00edcios e grandes eventos da agenda.<\/p>\n<p style=\"text-align: justify;\">Na pen\u00faltima cidade visitada, Botupor\u00e3, no domingo (4), ACM Neto discursou e brincou com a intensa agenda: \u201cEstamos num domingo, \u00e0s 14h, e tenham certeza que ningu\u00e9m almo\u00e7ou. Essa j\u00e1 virou a minha rotina, tamb\u00e9m de Cac\u00e1 e de Ana. Desde quarta-feira que a gente n\u00e3o almo\u00e7a. Ontem, tamb\u00e9m n\u00e3o jantamos. O que nos alimenta de verdade \u00e9 chegarmos nessa cidade, e em tantos cantos da Bahia, e sermos recebidos com tanta energia, tanta confian\u00e7a e tanto carinho\u201d, disse.<\/p>\n<p style=\"text-align: justify;\">Neto lembrou que, em breve, deve alcan\u00e7ar a marca de 300 cidades visitadas desde o come\u00e7o da sua pr\u00e9-campanha, em janeiro do ano passado, quando entregou a Prefeitura de Salvador para Bruno Reis (UB): \u201c\u00c9 assim que tenho caminhado h\u00e1 mais de um ano e meio, comendo poeira, botando o p\u00e9 na estrada. Estamos passando dos 270 munic\u00edpios desde que comecei o movimento Pela Bahia, ouvindo as pessoas, vendo os problemas de perto, para, sobretudo, compreender os sonhos e as aspira\u00e7\u00f5es do povo da Bahia\u201d.<\/p>\n<p style=\"text-align: justify;\">O s\u00e1bado (3) foi o dia mais intenso: foram percorridas oito localidades do Vale do Jiquiri\u00e7\u00e1, numa agenda que come\u00e7ou \u00e0s 10h em Jaguaquara, com uma carreata, e s\u00f3 terminou \u00e0s 23h20, num grande evento em Milagres ao lado do prefeito C\u00e9zar de Ad\u00e9rio (PP). Foram realizadas carreatas em todas as cidades, com destaque tamb\u00e9m para a ocorrida em Marac\u00e1s, onde o prefeito Soya Novaes (PDT) anunciou apoio \u00e0 candidatura de ACM Neto.<\/p>\n<p style=\"text-align: justify;\">Na regi\u00e3o do Sert\u00e3o Produtivo, visitada na sexta-feira (2), a agenda come\u00e7ou \u00e0s 10h com carreata e um com\u00edcio em Caetit\u00e9, em frente \u00e0 Feira Livre. S\u00f3 acabou \u00e0s 22h40, ap\u00f3s um grande evento em Cacul\u00e9, quando ACM Neto e o ex-prefeito Luciano Ribeiro (UB) reuniram uma multid\u00e3o na Pra\u00e7a Manoel Vitorino.<\/p>\n<p style=\"text-align: justify;\">Mobiliza\u00e7\u00e3o semelhante ocorreu na quinta-feira (1\u00ba), quando a agenda come\u00e7ou \u00e0s 12h em Gentio do Ouro, com carreata e com\u00edcio. A comitiva passou por Jussara, onde participou de grande evento na pra\u00e7a ao lado do prefeito Tacinho Mendes (PP) e terminou apenas \u00e0s 22h50 ap\u00f3s um grande evento em Xique-Xique, ao lado do prefeito Reinaldinho (MDB<\/p>\n\n\n<p>Ascom ACM Neto<\/p>\n","protected":false},"excerpt":{"rendered":"<p>O candidato a governador ACM Neto (Uni\u00e3o Brasil) retoma a sua caminhada em Salvador nesta segunda-feira (5) ap\u00f3s realizar, nos \u00faltimos seis dias, a agenda mais intensa pelo interior da Bahia desde o in\u00edcio da sua pr\u00e9-campanha, em janeiro de 2021. Ao todo, foram percorridos 22 munic\u00edpios de sete regi\u00f5es diferentes, realizadas 20 carreatas, 17 [&hellip;]<\/p>\n","protected":false},"author":1,"featured_media":42025,"comment_status":"closed","ping_status":"open","sticky":false,"template":"","format":"standard","meta":{"_uag_custom_page_level_css":"","_monsterinsights_skip_tracking":false,"_monsterinsights_sitenote_active":false,"_monsterinsights_sitenote_note":"","_monsterinsights_sitenote_category":0,"jetpack_post_was_ever_published":false,"_jetpack_newsletter_access":"","_jetpack_dont_email_post_to_subs":false,"_jetpack_newsletter_tier_id":0,"_jetpack_memberships_contains_paywalled_content":false,"_jetpack_memberships_contains_paid_content":false,"footnotes":"","jetpack_publicize_message":"","jetpack_publicize_feature_enabled":true,"jetpack_social_post_already_shared":true,"jetpack_social_options":{"image_generator_settings":{"template":"highway","default_image_id":0,"font":"","enabled":false},"version":2}},"categories":[199,197],"tags":[],"class_list":["post-42024","post","type-post","status-publish","format-standard","has-post-thumbnail","hentry","category-bahia","category-politica"],"jetpack_publicize_connections":[],"jetpack_featured_media_url":"https:\/\/blogopara.com.br\/wp-content\/uploads\/2022\/09\/neto.jpg","uagb_featured_image_src":{"full":["https:\/\/blogopara.com.br\/wp-content\/uploads\/2022\/09\/neto.jpg",500,333,false],"thumbnail":["https:\/\/blogopara.com.br\/wp-content\/uploads\/2022\/09\/neto-150x150.jpg",150,150,true],"medium":["https:\/\/blogopara.com.br\/wp-content\/uploads\/2022\/09\/neto-300x200.jpg",300,200,true],"medium_large":["https:\/\/blogopara.com.br\/wp-content\/uploads\/2022\/09\/neto.jpg",500,333,false],"large":["https:\/\/blogopara.com.br\/wp-content\/uploads\/2022\/09\/neto.jpg",500,333,false],"1536x1536":["https:\/\/blogopara.com.br\/wp-content\/uploads\/2022\/09\/neto.jpg",500,333,false],"2048x2048":["https:\/\/blogopara.com.br\/wp-content\/uploads\/2022\/09\/neto.jpg",500,333,false],"mantranews-slider-large":["https:\/\/blogopara.com.br\/wp-content\/uploads\/2022\/09\/neto.jpg",500,333,false],"mantranews-featured-medium":["https:\/\/blogopara.com.br\/wp-content\/uploads\/2022\/09\/neto-420x307.jpg",420,307,true],"mantranews-featured-long":["https:\/\/blogopara.com.br\/wp-content\/uploads\/2022\/09\/neto-300x333.jpg",300,333,true],"mantranews-block-medium":["https:\/\/blogopara.com.br\/wp-content\/uploads\/2022\/09\/neto-464x290.jpg",464,290,true],"mantranews-carousel-image":["https:\/\/blogopara.com.br\/wp-content\/uploads\/2022\/09\/neto.jpg",500,333,false],"mantranews-block-thumb":["https:\/\/blogopara.com.br\/wp-content\/uploads\/2022\/09\/neto-322x230.jpg",322,230,true],"mantranews-single-large":["https:\/\/blogopara.com.br\/wp-content\/uploads\/2022\/09\/neto.jpg",500,333,false]},"uagb_author_info":{"display_name":"Reda\u00e7\u00e3o geral","author_link":"https:\/\/blogopara.com.br\/index.php\/author\/blogopara"},"uagb_comment_info":0,"uagb_excerpt":"O candidato a governador ACM Neto (Uni\u00e3o Brasil) retoma a sua caminhada em Salvador nesta segunda-feira (5) ap\u00f3s realizar, nos \u00faltimos seis dias, a agenda mais intensa pelo interior da Bahia desde o in\u00edcio da sua pr\u00e9-campanha, em janeiro de 2021. Ao todo, foram percorridos 22 munic\u00edpios de sete regi\u00f5es diferentes, realizadas 20 carreatas, 17&hellip;","jetpack_sharing_enabled":true,"jetpack_likes_enabled":true,"_links":{"self":[{"href":"https:\/\/blogopara.com.br\/index.php\/wp-json\/wp\/v2\/posts\/42024","targetHints":{"allow":["GET"]}}],"collection":[{"href":"https:\/\/blogopara.com.br\/index.php\/wp-json\/wp\/v2\/posts"}],"about":[{"href":"https:\/\/blogopara.com.br\/index.php\/wp-json\/wp\/v2\/types\/post"}],"author":[{"embeddable":true,"href":"https:\/\/blogopara.com.br\/index.php\/wp-json\/wp\/v2\/users\/1"}],"replies":[{"embeddable":true,"href":"https:\/\/blogopara.com.br\/index.php\/wp-json\/wp\/v2\/comments?post=42024"}],"version-history":[{"count":1,"href":"https:\/\/blogopara.com.br\/index.php\/wp-json\/wp\/v2\/posts\/42024\/revisions"}],"predecessor-version":[{"id":42026,"href":"https:\/\/blogopara.com.br\/index.php\/wp-json\/wp\/v2\/posts\/42024\/revisions\/42026"}],"wp:featuredmedia":[{"embeddable":true,"href":"https:\/\/blogopara.com.br\/index.php\/wp-json\/wp\/v2\/media\/42025"}],"wp:attachment":[{"href":"https:\/\/blogopara.com.br\/index.php\/wp-json\/wp\/v2\/media?parent=42024"}],"wp:term":[{"taxonomy":"category","embeddable":true,"href":"https:\/\/blogopara.com.br\/index.php\/wp-json\/wp\/v2\/categories?post=42024"},{"taxonomy":"post_tag","embeddable":true,"href":"https:\/\/blogopara.com.br\/index.php\/wp-json\/wp\/v2\/tags?post=42024"}],"curies":[{"name":"wp","href":"https:\/\/api.w.org\/{rel}","templated":true}]}}