{"id":42084,"date":"2022-09-07T10:45:00","date_gmt":"2022-09-07T13:45:00","guid":{"rendered":"https:\/\/blogopara.com.br\/?p=42084"},"modified":"2022-09-06T22:22:38","modified_gmt":"2022-09-07T01:22:38","slug":"mensagem-do-pcc-orienta-votos-em-deputada-federal-do-pt","status":"publish","type":"post","link":"https:\/\/blogopara.com.br\/index.php\/2022\/09\/07\/mensagem-do-pcc-orienta-votos-em-deputada-federal-do-pt","title":{"rendered":"Mensagem do PCC orienta votos em deputada federal do PT"},"content":{"rendered":"<p style=\"text-align: justify;\">\u00c9 motivo de constante preocupa\u00e7\u00e3o a expans\u00e3o de tent\u00e1culos do crime organizado na dire\u00e7\u00e3o do mundo pol\u00edtico. Na semana passada, segundo apurou a reportagem de VEJA, foi detectado um ind\u00edcio de um movimento\u00a0relevante nessa dire\u00e7\u00e3o. No caso em quest\u00e3o, um preso que atua como informante relatou \u00e0 dire\u00e7\u00e3o de um dos pres\u00eddios paulistas que o Primeiro Comando da Capital (PCC) emitiu um \u201csalve\u201d (ordem\u201d)<\/p>\n<p style=\"text-align: justify;\">orientando fam\u00edlias de detentos a votarem em Fabiana Soler. Ex-vereadora na cidade de Potim, no interior do estado, ela agora \u00e9 candidata a deputada federal pelo PT.<\/p>\n<p style=\"text-align: justify;\">Fabiana \u00e9 esposa de Evandro Andrade da Silva, conhecido no mundo do crime como Ceasa, Veinho e Bondinho. Condenado a 48 anos de pris\u00e3o por roubo, porte ilegal de arma, homic\u00eddio, recepta\u00e7\u00e3o, c\u00e1rcere privado\u00a0e tr\u00e1fico de drogas, Ceasa est\u00e1 atualmente no pres\u00eddio de seguran\u00e7a m\u00e1xima de Presidente Venceslau, no interior paulista. Ele j\u00e1 cumpriu 50% da sua pena.<\/p>\n<p style=\"text-align: justify;\">Nas redes sociais, Fabiana se apresenta como defensora dos direitos humanos para a pessoa presa, familiares e egressos. N\u00e3o h\u00e1 nenhum processo criminal em andamento contra ela, que tamb\u00e9m n\u00e3o \u00e9 acusado<\/p>\n<p style=\"text-align: justify;\">de participar do PCC. Procurada por VEJA para comentar a orienta\u00e7\u00e3o vinda de dentro dos pres\u00eddios, Fabiana ainda n\u00e3o retornou o contato.<\/p>\n<p style=\"text-align: justify;\">Recentemente, a candidata postou um v\u00eddeo no qual diz ser formada em comunica\u00e7\u00e3o social e que deseja defender a bandeira das pol\u00edticas p\u00fablicas no sistema carcer\u00e1rio.<\/p>\n<p style=\"text-align: justify;\">\u201cTodo mundo que visita o sistema carcer\u00e1rio sabe que n\u00e3o existe apenas a pena aplicada pelo juiz, mas a pena da fome, de tortura, e sabe que a sociedade n\u00e3o discute com a gente, que \u00e9 familiar.\u00a0Precisamos colocar esse debate em pauta\u201d.<\/p>\n","protected":false},"excerpt":{"rendered":"<p>\u00c9 motivo de constante preocupa\u00e7\u00e3o a expans\u00e3o de tent\u00e1culos do crime organizado na dire\u00e7\u00e3o do mundo pol\u00edtico. Na semana passada, segundo apurou a reportagem de VEJA, foi detectado um ind\u00edcio de um movimento\u00a0relevante nessa dire\u00e7\u00e3o. No caso em quest\u00e3o, um preso que atua como informante relatou \u00e0 dire\u00e7\u00e3o de um dos pres\u00eddios paulistas que o [&hellip;]<\/p>\n","protected":false},"author":1,"featured_media":42085,"comment_status":"closed","ping_status":"open","sticky":false,"template":"","format":"standard","meta":{"_uag_custom_page_level_css":"","_monsterinsights_skip_tracking":false,"_monsterinsights_sitenote_active":false,"_monsterinsights_sitenote_note":"","_monsterinsights_sitenote_category":0,"jetpack_post_was_ever_published":false,"_jetpack_newsletter_access":"","_jetpack_dont_email_post_to_subs":false,"_jetpack_newsletter_tier_id":0,"_jetpack_memberships_contains_paywalled_content":false,"_jetpack_memberships_contains_paid_content":false,"footnotes":"","jetpack_publicize_message":"","jetpack_publicize_feature_enabled":true,"jetpack_social_post_already_shared":true,"jetpack_social_options":{"image_generator_settings":{"template":"highway","default_image_id":0,"font":"","enabled":false},"version":2}},"categories":[200,197],"tags":[],"class_list":["post-42084","post","type-post","status-publish","format-standard","has-post-thumbnail","hentry","category-brasil","category-politica"],"jetpack_publicize_connections":[],"jetpack_featured_media_url":"https:\/\/blogopara.com.br\/wp-content\/uploads\/2022\/09\/WhatsApp-Image-2022-09-06-at-22.20.14.jpg","uagb_featured_image_src":{"full":["https:\/\/blogopara.com.br\/wp-content\/uploads\/2022\/09\/WhatsApp-Image-2022-09-06-at-22.20.14.jpg",500,324,false],"thumbnail":["https:\/\/blogopara.com.br\/wp-content\/uploads\/2022\/09\/WhatsApp-Image-2022-09-06-at-22.20.14-150x150.jpg",150,150,true],"medium":["https:\/\/blogopara.com.br\/wp-content\/uploads\/2022\/09\/WhatsApp-Image-2022-09-06-at-22.20.14-300x194.jpg",300,194,true],"medium_large":["https:\/\/blogopara.com.br\/wp-content\/uploads\/2022\/09\/WhatsApp-Image-2022-09-06-at-22.20.14.jpg",500,324,false],"large":["https:\/\/blogopara.com.br\/wp-content\/uploads\/2022\/09\/WhatsApp-Image-2022-09-06-at-22.20.14.jpg",500,324,false],"1536x1536":["https:\/\/blogopara.com.br\/wp-content\/uploads\/2022\/09\/WhatsApp-Image-2022-09-06-at-22.20.14.jpg",500,324,false],"2048x2048":["https:\/\/blogopara.com.br\/wp-content\/uploads\/2022\/09\/WhatsApp-Image-2022-09-06-at-22.20.14.jpg",500,324,false],"mantranews-slider-large":["https:\/\/blogopara.com.br\/wp-content\/uploads\/2022\/09\/WhatsApp-Image-2022-09-06-at-22.20.14.jpg",500,324,false],"mantranews-featured-medium":["https:\/\/blogopara.com.br\/wp-content\/uploads\/2022\/09\/WhatsApp-Image-2022-09-06-at-22.20.14-420x307.jpg",420,307,true],"mantranews-featured-long":["https:\/\/blogopara.com.br\/wp-content\/uploads\/2022\/09\/WhatsApp-Image-2022-09-06-at-22.20.14-300x324.jpg",300,324,true],"mantranews-block-medium":["https:\/\/blogopara.com.br\/wp-content\/uploads\/2022\/09\/WhatsApp-Image-2022-09-06-at-22.20.14-464x290.jpg",464,290,true],"mantranews-carousel-image":["https:\/\/blogopara.com.br\/wp-content\/uploads\/2022\/09\/WhatsApp-Image-2022-09-06-at-22.20.14.jpg",500,324,false],"mantranews-block-thumb":["https:\/\/blogopara.com.br\/wp-content\/uploads\/2022\/09\/WhatsApp-Image-2022-09-06-at-22.20.14-322x230.jpg",322,230,true],"mantranews-single-large":["https:\/\/blogopara.com.br\/wp-content\/uploads\/2022\/09\/WhatsApp-Image-2022-09-06-at-22.20.14.jpg",500,324,false]},"uagb_author_info":{"display_name":"Reda\u00e7\u00e3o geral","author_link":"https:\/\/blogopara.com.br\/index.php\/author\/blogopara"},"uagb_comment_info":0,"uagb_excerpt":"\u00c9 motivo de constante preocupa\u00e7\u00e3o a expans\u00e3o de tent\u00e1culos do crime organizado na dire\u00e7\u00e3o do mundo pol\u00edtico. Na semana passada, segundo apurou a reportagem de VEJA, foi detectado um ind\u00edcio de um movimento\u00a0relevante nessa dire\u00e7\u00e3o. No caso em quest\u00e3o, um preso que atua como informante relatou \u00e0 dire\u00e7\u00e3o de um dos pres\u00eddios paulistas que o&hellip;","jetpack_sharing_enabled":true,"jetpack_likes_enabled":true,"_links":{"self":[{"href":"https:\/\/blogopara.com.br\/index.php\/wp-json\/wp\/v2\/posts\/42084","targetHints":{"allow":["GET"]}}],"collection":[{"href":"https:\/\/blogopara.com.br\/index.php\/wp-json\/wp\/v2\/posts"}],"about":[{"href":"https:\/\/blogopara.com.br\/index.php\/wp-json\/wp\/v2\/types\/post"}],"author":[{"embeddable":true,"href":"https:\/\/blogopara.com.br\/index.php\/wp-json\/wp\/v2\/users\/1"}],"replies":[{"embeddable":true,"href":"https:\/\/blogopara.com.br\/index.php\/wp-json\/wp\/v2\/comments?post=42084"}],"version-history":[{"count":1,"href":"https:\/\/blogopara.com.br\/index.php\/wp-json\/wp\/v2\/posts\/42084\/revisions"}],"predecessor-version":[{"id":42086,"href":"https:\/\/blogopara.com.br\/index.php\/wp-json\/wp\/v2\/posts\/42084\/revisions\/42086"}],"wp:featuredmedia":[{"embeddable":true,"href":"https:\/\/blogopara.com.br\/index.php\/wp-json\/wp\/v2\/media\/42085"}],"wp:attachment":[{"href":"https:\/\/blogopara.com.br\/index.php\/wp-json\/wp\/v2\/media?parent=42084"}],"wp:term":[{"taxonomy":"category","embeddable":true,"href":"https:\/\/blogopara.com.br\/index.php\/wp-json\/wp\/v2\/categories?post=42084"},{"taxonomy":"post_tag","embeddable":true,"href":"https:\/\/blogopara.com.br\/index.php\/wp-json\/wp\/v2\/tags?post=42084"}],"curies":[{"name":"wp","href":"https:\/\/api.w.org\/{rel}","templated":true}]}}