{"id":42200,"date":"2022-09-10T10:45:00","date_gmt":"2022-09-10T13:45:00","guid":{"rendered":"https:\/\/blogopara.com.br\/?p=42200"},"modified":"2022-09-09T20:59:30","modified_gmt":"2022-09-09T23:59:30","slug":"covid-19-brasil-registra-91-mortes-e-127-mil-casos-em-24-horas","status":"publish","type":"post","link":"https:\/\/blogopara.com.br\/index.php\/2022\/09\/10\/covid-19-brasil-registra-91-mortes-e-127-mil-casos-em-24-horas","title":{"rendered":"Covid-19: Brasil registra 91 mortes e 12,7 mil casos em 24 horas"},"content":{"rendered":"<p style=\"text-align: justify;\">As secretarias estaduais e municipais de Sa\u00fade registraram 12.710 novos casos de covid-19 nas \u00faltimas 24 horas em todo o pa\u00eds. De acordo com os \u00f3rg\u00e3os, foram confirmadas tamb\u00e9m 91 mortes por complica\u00e7\u00f5es associadas \u00e0 doen\u00e7a no mesmo per\u00edodo.<img decoding=\"async\" src=\"https:\/\/agenciabrasil.ebc.com.br\/ebc.png?id=1481733&amp;o=node\" \/><img decoding=\"async\" src=\"https:\/\/agenciabrasil.ebc.com.br\/ebc.gif?id=1481733&amp;o=node\" \/><\/p>\n<p style=\"text-align: justify;\">Os dados s\u00e3o do Minist\u00e9rio da Sa\u00fade, divulgados nesta sexta-feira (9), com exce\u00e7\u00e3o das informa\u00e7\u00f5es do Tocantins e de Mato Grosso do Sul, que n\u00e3o foram atualizados, de acordo com o minist\u00e9rio.<\/p>\n<p style=\"text-align: justify;\">O n\u00famero de pessoas infectadas pelo novo coronav\u00edrus (covid-19) durante a pandemia j\u00e1 soma 34.516.739.<\/p>\n<p style=\"text-align: justify;\">O n\u00famero de casos em acompanhamento est\u00e1 em 219.470. O termo \u00e9 dado para designar casos notificados nos \u00faltimos 14 dias que n\u00e3o tiveram alta e nem resultaram em \u00f3bito.<\/p>\n<p style=\"text-align: justify;\">Com os n\u00fameros de hoje, o total de \u00f3bitos alcan\u00e7ou 684.813 desde o in\u00edcio da pandemia. Ainda h\u00e1 3.189 mortes em investiga\u00e7\u00e3o. As ocorr\u00eancias envolvem casos em que o paciente morreu, mas a investiga\u00e7\u00e3o se a causa foi a covid-19 ainda demanda exames e procedimentos complementares.<\/p>\n<p style=\"text-align: justify;\">At\u00e9 agora, 33.612.456 pessoas se recuperaram da covid-19. O n\u00famero corresponde a pouco mais de 97% dos infectados desde o in\u00edcio da pandemia.<\/p>\n<h2 style=\"text-align: justify;\">Estados<\/h2>\n<p style=\"text-align: justify;\">Segundo o balan\u00e7o do Minist\u00e9rio da Sa\u00fade, no topo do ranking de estados com mais mortes por covid-19 registradas at\u00e9 o momento est\u00e3o S\u00e3o Paulo (174.325), Rio de Janeiro (75.558), Minas Gerais (63.659), Paran\u00e1 (45.182) e Rio Grande do Sul (40.935).<\/p>\n<p style=\"text-align: justify;\">J\u00e1 os estados com menos \u00f3bitos resultantes da pandemia s\u00e3o Acre (2.027), Amap\u00e1 (2.159), Roraima (2.173), Tocantins (4.199) e Sergipe (6.433).<\/p>\n<h2 style=\"text-align: justify;\">Vacina\u00e7\u00e3o<\/h2>\n<p style=\"text-align: justify;\">At\u00e9 esta quinta-feira (8), o vacin\u00f4metro do Minist\u00e9rio da Sa\u00fade apontava que 479.791.474 doses de vacinas contra a covid-19 foram aplicadas no pa\u00eds, desde o in\u00edcio da campanha de imuniza\u00e7\u00e3o. Dessas aplica\u00e7\u00f5es, 179,4 milh\u00f5es s\u00e3o da primeira dose; 160,8 milh\u00f5es s\u00e3o da segunda e 4,9 milh\u00f5es s\u00e3o da dose \u00fanica. A dose de refor\u00e7o j\u00e1 foi aplicada em mais de 104,1 milh\u00f5es de pessoas e a segunda dose extra ou quarta dose, em pouco mais de 25,4 milh\u00f5es. O painel registra ainda 4,8 milh\u00f5es de doses como adicionais, que s\u00e3o aquelas aplicadas em quem tinha recebido o imunizante da Janssen, de dose \u00fanica.<\/p>\n<p>Agencia Brasil<\/p>\n","protected":false},"excerpt":{"rendered":"<p>As secretarias estaduais e municipais de Sa\u00fade registraram 12.710 novos casos de covid-19 nas \u00faltimas 24 horas em todo o pa\u00eds. De acordo com os \u00f3rg\u00e3os, foram confirmadas tamb\u00e9m 91 mortes por complica\u00e7\u00f5es associadas \u00e0 doen\u00e7a no mesmo per\u00edodo. Os dados s\u00e3o do Minist\u00e9rio da Sa\u00fade, divulgados nesta sexta-feira (9), com exce\u00e7\u00e3o das informa\u00e7\u00f5es do [&hellip;]<\/p>\n","protected":false},"author":1,"featured_media":38853,"comment_status":"closed","ping_status":"open","sticky":false,"template":"","format":"standard","meta":{"_uag_custom_page_level_css":"","_monsterinsights_skip_tracking":false,"_monsterinsights_sitenote_active":false,"_monsterinsights_sitenote_note":"","_monsterinsights_sitenote_category":0,"jetpack_post_was_ever_published":false,"_jetpack_newsletter_access":"","_jetpack_dont_email_post_to_subs":false,"_jetpack_newsletter_tier_id":0,"_jetpack_memberships_contains_paywalled_content":false,"_jetpack_memberships_contains_paid_content":false,"footnotes":"","jetpack_publicize_message":"","jetpack_publicize_feature_enabled":true,"jetpack_social_post_already_shared":true,"jetpack_social_options":{"image_generator_settings":{"template":"highway","default_image_id":0,"font":"","enabled":false},"version":2}},"categories":[205],"tags":[],"class_list":["post-42200","post","type-post","status-publish","format-standard","has-post-thumbnail","hentry","category-saude"],"jetpack_publicize_connections":[],"jetpack_featured_media_url":"https:\/\/blogopara.com.br\/wp-content\/uploads\/2022\/06\/covid.jpg","uagb_featured_image_src":{"full":["https:\/\/blogopara.com.br\/wp-content\/uploads\/2022\/06\/covid.jpg",500,500,false],"thumbnail":["https:\/\/blogopara.com.br\/wp-content\/uploads\/2022\/06\/covid-150x150.jpg",150,150,true],"medium":["https:\/\/blogopara.com.br\/wp-content\/uploads\/2022\/06\/covid-300x300.jpg",300,300,true],"medium_large":["https:\/\/blogopara.com.br\/wp-content\/uploads\/2022\/06\/covid.jpg",500,500,false],"large":["https:\/\/blogopara.com.br\/wp-content\/uploads\/2022\/06\/covid.jpg",500,500,false],"1536x1536":["https:\/\/blogopara.com.br\/wp-content\/uploads\/2022\/06\/covid.jpg",500,500,false],"2048x2048":["https:\/\/blogopara.com.br\/wp-content\/uploads\/2022\/06\/covid.jpg",500,500,false],"mantranews-slider-large":["https:\/\/blogopara.com.br\/wp-content\/uploads\/2022\/06\/covid.jpg",500,500,false],"mantranews-featured-medium":["https:\/\/blogopara.com.br\/wp-content\/uploads\/2022\/06\/covid-420x307.jpg",420,307,true],"mantranews-featured-long":["https:\/\/blogopara.com.br\/wp-content\/uploads\/2022\/06\/covid-300x443.jpg",300,443,true],"mantranews-block-medium":["https:\/\/blogopara.com.br\/wp-content\/uploads\/2022\/06\/covid-464x290.jpg",464,290,true],"mantranews-carousel-image":["https:\/\/blogopara.com.br\/wp-content\/uploads\/2022\/06\/covid.jpg",500,500,false],"mantranews-block-thumb":["https:\/\/blogopara.com.br\/wp-content\/uploads\/2022\/06\/covid-322x230.jpg",322,230,true],"mantranews-single-large":["https:\/\/blogopara.com.br\/wp-content\/uploads\/2022\/06\/covid.jpg",500,500,false]},"uagb_author_info":{"display_name":"Reda\u00e7\u00e3o geral","author_link":"https:\/\/blogopara.com.br\/index.php\/author\/blogopara"},"uagb_comment_info":0,"uagb_excerpt":"As secretarias estaduais e municipais de Sa\u00fade registraram 12.710 novos casos de covid-19 nas \u00faltimas 24 horas em todo o pa\u00eds. De acordo com os \u00f3rg\u00e3os, foram confirmadas tamb\u00e9m 91 mortes por complica\u00e7\u00f5es associadas \u00e0 doen\u00e7a no mesmo per\u00edodo. Os dados s\u00e3o do Minist\u00e9rio da Sa\u00fade, divulgados nesta sexta-feira (9), com exce\u00e7\u00e3o das informa\u00e7\u00f5es do&hellip;","jetpack_sharing_enabled":true,"jetpack_likes_enabled":true,"_links":{"self":[{"href":"https:\/\/blogopara.com.br\/index.php\/wp-json\/wp\/v2\/posts\/42200","targetHints":{"allow":["GET"]}}],"collection":[{"href":"https:\/\/blogopara.com.br\/index.php\/wp-json\/wp\/v2\/posts"}],"about":[{"href":"https:\/\/blogopara.com.br\/index.php\/wp-json\/wp\/v2\/types\/post"}],"author":[{"embeddable":true,"href":"https:\/\/blogopara.com.br\/index.php\/wp-json\/wp\/v2\/users\/1"}],"replies":[{"embeddable":true,"href":"https:\/\/blogopara.com.br\/index.php\/wp-json\/wp\/v2\/comments?post=42200"}],"version-history":[{"count":1,"href":"https:\/\/blogopara.com.br\/index.php\/wp-json\/wp\/v2\/posts\/42200\/revisions"}],"predecessor-version":[{"id":42201,"href":"https:\/\/blogopara.com.br\/index.php\/wp-json\/wp\/v2\/posts\/42200\/revisions\/42201"}],"wp:featuredmedia":[{"embeddable":true,"href":"https:\/\/blogopara.com.br\/index.php\/wp-json\/wp\/v2\/media\/38853"}],"wp:attachment":[{"href":"https:\/\/blogopara.com.br\/index.php\/wp-json\/wp\/v2\/media?parent=42200"}],"wp:term":[{"taxonomy":"category","embeddable":true,"href":"https:\/\/blogopara.com.br\/index.php\/wp-json\/wp\/v2\/categories?post=42200"},{"taxonomy":"post_tag","embeddable":true,"href":"https:\/\/blogopara.com.br\/index.php\/wp-json\/wp\/v2\/tags?post=42200"}],"curies":[{"name":"wp","href":"https:\/\/api.w.org\/{rel}","templated":true}]}}