{"id":42321,"date":"2022-09-12T18:35:00","date_gmt":"2022-09-12T21:35:00","guid":{"rendered":"https:\/\/blogopara.com.br\/?p=42321"},"modified":"2022-09-12T13:49:33","modified_gmt":"2022-09-12T16:49:33","slug":"festival-de-artes-integradas-wellington-monteclaro-tem-nova-data-e-inscricoes-estao-abertas-ate-11-de-novembro-em-juazeiro","status":"publish","type":"post","link":"https:\/\/blogopara.com.br\/index.php\/2022\/09\/12\/festival-de-artes-integradas-wellington-monteclaro-tem-nova-data-e-inscricoes-estao-abertas-ate-11-de-novembro-em-juazeiro","title":{"rendered":"Festival de Artes Integradas Wellington Monteclaro tem nova data e inscri\u00e7\u00f5es est\u00e3o abertas at\u00e9 11 de novembro em Juazeiro"},"content":{"rendered":"<p style=\"text-align: justify;\">O Festival de Artes Integradas Wellington Monteclaro ter\u00e1 nova data para acontecer: ser\u00e1 entre os dias 23 e 27 de novembro. Com isso, as inscri\u00e7\u00f5es tamb\u00e9m poder\u00e3o ser realizadas at\u00e9 o pr\u00f3ximo dia 11 de novembro. O evento, organizado pela Prefeitura de Juazeiro, atrav\u00e9s da Secretaria de Cultura, Turismo e Esportes (Seculte), visa valorizar as diferentes linguagens de arte no munic\u00edpio: teatro (adulto e infantil), poesia, artes visuais, audiovisual e dan\u00e7a.<\/p>\n<p>As inscri\u00e7\u00f5es podem ser feitas atrav\u00e9s de um formul\u00e1rio online <a href=\"https:\/\/forms.gle\/csRwDxxbs91NaqYq5\" target=\"_blank\" rel=\"noopener\" data-saferedirecturl=\"https:\/\/www.google.com\/url?q=https:\/\/forms.gle\/csRwDxxbs91NaqYq5&amp;source=gmail&amp;ust=1663086254998000&amp;usg=AOvVaw1sG2PY2WjOoRAXuBvrLJdo\">https:\/\/forms.gle\/<wbr \/>csRwDxxbs91NaqYq5<\/a>\u00a0 ou presencialmente na Superintend\u00eancia de Cultura, localizada na sede da Secretaria de Cultura, Turismo e Esportes, na Pra\u00e7a da Bandeira, no Centro, das 8h \u00e0s 14h.<\/p>\n<p>O festival em homenagem a Wellington Monteclaro, artista juazeirense que faleceu em 2015 est\u00e1 em sua 5\u00aa edi\u00e7\u00e3o. Antes somente como festival de teatro, este ano ir\u00e1 trazer outras categorias de arte.<\/p>\n<p>\u201cO teatro, a dan\u00e7a, a poesia, artes visuais, audiovisual, s\u00e3o linguagens culturais muito vivenciadas no munic\u00edpio e um dos artistas que vivenciou estas cinco artes integradas foi o juazeirense Wellington Monteclaro, que faleceu ainda muito jovem, deixou um legado importante para a nossa cultura. Realizar o Festival de Artes Integradas Wellington Monteclaro \u00e9 trazer \u00e0 cena artistas do teatro, da dan\u00e7a e das artes visuais tanto da sede quanto do interior em espa\u00e7os oficiais e alternativos do munic\u00edpio de Juazeiro\u201d, destaca o gestor de projetos de cultura e turismo de Juazeiro, Edvaldo Franciolli.<\/p>\n<p>O edital retificado estar\u00e1 dispon\u00edvel no Di\u00e1rio Oficial do munic\u00edpio desta segunda-feira (12). As premia\u00e7\u00f5es, regras e demais informa\u00e7\u00f5es tamb\u00e9m est\u00e3o disponibilizadas na publica\u00e7\u00e3o.<\/p>\n<p>Ascom PMJ<\/p>\n","protected":false},"excerpt":{"rendered":"<p>O Festival de Artes Integradas Wellington Monteclaro ter\u00e1 nova data para acontecer: ser\u00e1 entre os dias 23 e 27 de novembro. Com isso, as inscri\u00e7\u00f5es tamb\u00e9m poder\u00e3o ser realizadas at\u00e9 o pr\u00f3ximo dia 11 de novembro. O evento, organizado pela Prefeitura de Juazeiro, atrav\u00e9s da Secretaria de Cultura, Turismo e Esportes (Seculte), visa valorizar as [&hellip;]<\/p>\n","protected":false},"author":1,"featured_media":42322,"comment_status":"closed","ping_status":"open","sticky":false,"template":"","format":"standard","meta":{"_uag_custom_page_level_css":"","_monsterinsights_skip_tracking":false,"_monsterinsights_sitenote_active":false,"_monsterinsights_sitenote_note":"","_monsterinsights_sitenote_category":0,"jetpack_post_was_ever_published":false,"_jetpack_newsletter_access":"","_jetpack_dont_email_post_to_subs":false,"_jetpack_newsletter_tier_id":0,"_jetpack_memberships_contains_paywalled_content":false,"_jetpack_memberships_contains_paid_content":false,"footnotes":"","jetpack_publicize_message":"","jetpack_publicize_feature_enabled":true,"jetpack_social_post_already_shared":true,"jetpack_social_options":{"image_generator_settings":{"template":"highway","default_image_id":0,"font":"","enabled":false},"version":2}},"categories":[1506,203],"tags":[340,320],"class_list":["post-42321","post","type-post","status-publish","format-standard","has-post-thumbnail","hentry","category-cultura","category-juazeiro","tag-prefeitura-de-juazeiro","tag-sou-mais-juazeiro"],"jetpack_publicize_connections":[],"jetpack_featured_media_url":"https:\/\/blogopara.com.br\/wp-content\/uploads\/2022\/09\/festival-de-Artes.jpg","uagb_featured_image_src":{"full":["https:\/\/blogopara.com.br\/wp-content\/uploads\/2022\/09\/festival-de-Artes.jpg",500,500,false],"thumbnail":["https:\/\/blogopara.com.br\/wp-content\/uploads\/2022\/09\/festival-de-Artes-150x150.jpg",150,150,true],"medium":["https:\/\/blogopara.com.br\/wp-content\/uploads\/2022\/09\/festival-de-Artes-300x300.jpg",300,300,true],"medium_large":["https:\/\/blogopara.com.br\/wp-content\/uploads\/2022\/09\/festival-de-Artes.jpg",500,500,false],"large":["https:\/\/blogopara.com.br\/wp-content\/uploads\/2022\/09\/festival-de-Artes.jpg",500,500,false],"1536x1536":["https:\/\/blogopara.com.br\/wp-content\/uploads\/2022\/09\/festival-de-Artes.jpg",500,500,false],"2048x2048":["https:\/\/blogopara.com.br\/wp-content\/uploads\/2022\/09\/festival-de-Artes.jpg",500,500,false],"mantranews-slider-large":["https:\/\/blogopara.com.br\/wp-content\/uploads\/2022\/09\/festival-de-Artes.jpg",500,500,false],"mantranews-featured-medium":["https:\/\/blogopara.com.br\/wp-content\/uploads\/2022\/09\/festival-de-Artes-420x307.jpg",420,307,true],"mantranews-featured-long":["https:\/\/blogopara.com.br\/wp-content\/uploads\/2022\/09\/festival-de-Artes-300x443.jpg",300,443,true],"mantranews-block-medium":["https:\/\/blogopara.com.br\/wp-content\/uploads\/2022\/09\/festival-de-Artes-464x290.jpg",464,290,true],"mantranews-carousel-image":["https:\/\/blogopara.com.br\/wp-content\/uploads\/2022\/09\/festival-de-Artes.jpg",500,500,false],"mantranews-block-thumb":["https:\/\/blogopara.com.br\/wp-content\/uploads\/2022\/09\/festival-de-Artes-322x230.jpg",322,230,true],"mantranews-single-large":["https:\/\/blogopara.com.br\/wp-content\/uploads\/2022\/09\/festival-de-Artes.jpg",500,500,false]},"uagb_author_info":{"display_name":"Reda\u00e7\u00e3o geral","author_link":"https:\/\/blogopara.com.br\/index.php\/author\/blogopara"},"uagb_comment_info":0,"uagb_excerpt":"O Festival de Artes Integradas Wellington Monteclaro ter\u00e1 nova data para acontecer: ser\u00e1 entre os dias 23 e 27 de novembro. Com isso, as inscri\u00e7\u00f5es tamb\u00e9m poder\u00e3o ser realizadas at\u00e9 o pr\u00f3ximo dia 11 de novembro. O evento, organizado pela Prefeitura de Juazeiro, atrav\u00e9s da Secretaria de Cultura, Turismo e Esportes (Seculte), visa valorizar as&hellip;","jetpack_sharing_enabled":true,"jetpack_likes_enabled":true,"_links":{"self":[{"href":"https:\/\/blogopara.com.br\/index.php\/wp-json\/wp\/v2\/posts\/42321","targetHints":{"allow":["GET"]}}],"collection":[{"href":"https:\/\/blogopara.com.br\/index.php\/wp-json\/wp\/v2\/posts"}],"about":[{"href":"https:\/\/blogopara.com.br\/index.php\/wp-json\/wp\/v2\/types\/post"}],"author":[{"embeddable":true,"href":"https:\/\/blogopara.com.br\/index.php\/wp-json\/wp\/v2\/users\/1"}],"replies":[{"embeddable":true,"href":"https:\/\/blogopara.com.br\/index.php\/wp-json\/wp\/v2\/comments?post=42321"}],"version-history":[{"count":1,"href":"https:\/\/blogopara.com.br\/index.php\/wp-json\/wp\/v2\/posts\/42321\/revisions"}],"predecessor-version":[{"id":42323,"href":"https:\/\/blogopara.com.br\/index.php\/wp-json\/wp\/v2\/posts\/42321\/revisions\/42323"}],"wp:featuredmedia":[{"embeddable":true,"href":"https:\/\/blogopara.com.br\/index.php\/wp-json\/wp\/v2\/media\/42322"}],"wp:attachment":[{"href":"https:\/\/blogopara.com.br\/index.php\/wp-json\/wp\/v2\/media?parent=42321"}],"wp:term":[{"taxonomy":"category","embeddable":true,"href":"https:\/\/blogopara.com.br\/index.php\/wp-json\/wp\/v2\/categories?post=42321"},{"taxonomy":"post_tag","embeddable":true,"href":"https:\/\/blogopara.com.br\/index.php\/wp-json\/wp\/v2\/tags?post=42321"}],"curies":[{"name":"wp","href":"https:\/\/api.w.org\/{rel}","templated":true}]}}