{"id":42324,"date":"2022-09-12T17:35:00","date_gmt":"2022-09-12T20:35:00","guid":{"rendered":"https:\/\/blogopara.com.br\/?p=42324"},"modified":"2022-09-12T13:57:10","modified_gmt":"2022-09-12T16:57:10","slug":"uruas-recebera-edicao-especial-do-circuito-agerural-em-petrolina","status":"publish","type":"post","link":"https:\/\/blogopara.com.br\/index.php\/2022\/09\/12\/uruas-recebera-edicao-especial-do-circuito-agerural-em-petrolina","title":{"rendered":"Uru\u00e1s receber\u00e1 edi\u00e7\u00e3o especial do Circuito AGERural em Petrolina"},"content":{"rendered":"<p style=\"text-align: justify;\">A comunidade da \u00e1rea de sequeiro de Petrolina, Uru\u00e1s, receber\u00e1 a pr\u00f3xima edi\u00e7\u00e3o do novo projeto da Ag\u00eancia Municipal do Empreendedor (AGE Petrolina), o Circuito AGERural. Lan\u00e7ado em agosto deste ano, o circuito ter\u00e1 sua segunda edi\u00e7\u00e3o realizada na Avenida Principal de Uru\u00e1s, a partir das 15h, no dia 17 de setembro. O evento consta na programa\u00e7\u00e3o especial da prefeitura para celebrar os 127 anos de Petrolina.<\/p>\n<p style=\"text-align: justify;\">O projeto \u2018Circuito AGERural\u2019 tem como miss\u00e3o fortalecer os empreendedores formais e informais da \u00e1rea rural do munic\u00edpio sertanejo, proporcionando palestras, capacita\u00e7\u00f5es e consultorias, como tamb\u00e9m a comercializa\u00e7\u00e3o de seus produtos e servi\u00e7os em locais p\u00fablicos de cada uma das comunidades que demonstrarem interesse em participar do evento. Para esta edi\u00e7\u00e3o em Uru\u00e1s, h\u00e1 uma programa\u00e7\u00e3o especial: uma seresta com Chiquinho e Ageu, palestra e entrega de mudas de batata-doce biofortificada do IF Sert\u00e3o Campus Petrolina Zona Rural no estande \u2018Escola do Vinho\u2019, presente durante a exposi\u00e7\u00e3o de empreendedores.<\/p>\n<p style=\"text-align: justify;\">Est\u00e3o dispon\u00edveis 30 vagas para os empreendedores e empreendedoras interessadas em participar da exposi\u00e7\u00e3o, n\u00e3o paga nada para participar. As inscri\u00e7\u00f5es tamb\u00e9m s\u00e3o gratuitas e podem ser realizadas pelo link:\u00a0\u00a0 <a href=\"https:\/\/age.appomega.com.br\/grid_empreendedor_acoes\/grid_empreendedor_acoes.php\" data-saferedirecturl=\"https:\/\/www.google.com\/url?q=https:\/\/age.appomega.com.br\/grid_empreendedor_acoes\/grid_empreendedor_acoes.php&amp;source=gmail&amp;ust=1663086264796000&amp;usg=AOvVaw11zRdDqVwdD1lfAI5ZPJ3r\">https:\/\/age.appomega.com.br\/grid_empreendedor_acoes\/grid_empreendedor_acoes.php<\/a> ou presencialmente na sede da AGE.<\/p>\n<p style=\"text-align: justify;\">S\u00e3o parceiros desse projeto: SEBRAE, Instituto Federal de Educa\u00e7\u00e3o, Ci\u00eancia e Tecnologia do Sert\u00e3o Pernambucano (IF Sert\u00e3o), Secretaria de Desenvolvimento Econ\u00f4mico e Turismo (SEDETUR), Secretaria de Educa\u00e7\u00e3o, Cultura e Esportes (SEDUCE), Ag\u00eancia Municipal de Vigil\u00e2ncia Sanit\u00e1ria (AMVS), Banco do Nordeste e Associa\u00e7\u00e3o de Moradores de Uru\u00e1s.<\/p>\n<p style=\"text-align: justify;\">Os l\u00edderes comunit\u00e1rios da zona rural interessados em levar o evento para seu povoado devem entrar em contato com a secret\u00e1ria de Gabinete da Dire\u00e7\u00e3o, pelo telefone (87) 3861-8270, ou ainda comparecer presencialmente na sede da AGE que est\u00e1 localizada na Rua Castro Alves, 55, Centro, atr\u00e1s da Ag\u00eancia do Banco do Brasil.<\/p>\n<p style=\"text-align: justify;\">Ascom PMP<\/p>\n","protected":false},"excerpt":{"rendered":"<p>A comunidade da \u00e1rea de sequeiro de Petrolina, Uru\u00e1s, receber\u00e1 a pr\u00f3xima edi\u00e7\u00e3o do novo projeto da Ag\u00eancia Municipal do Empreendedor (AGE Petrolina), o Circuito AGERural. Lan\u00e7ado em agosto deste ano, o circuito ter\u00e1 sua segunda edi\u00e7\u00e3o realizada na Avenida Principal de Uru\u00e1s, a partir das 15h, no dia 17 de setembro. O evento consta [&hellip;]<\/p>\n","protected":false},"author":1,"featured_media":42325,"comment_status":"closed","ping_status":"open","sticky":false,"template":"","format":"standard","meta":{"_uag_custom_page_level_css":"","_monsterinsights_skip_tracking":false,"_monsterinsights_sitenote_active":false,"_monsterinsights_sitenote_note":"","_monsterinsights_sitenote_category":0,"jetpack_post_was_ever_published":false,"_jetpack_newsletter_access":"","_jetpack_dont_email_post_to_subs":false,"_jetpack_newsletter_tier_id":0,"_jetpack_memberships_contains_paywalled_content":false,"_jetpack_memberships_contains_paid_content":false,"footnotes":"","jetpack_publicize_message":"","jetpack_publicize_feature_enabled":true,"jetpack_social_post_already_shared":true,"jetpack_social_options":{"image_generator_settings":{"template":"highway","default_image_id":0,"font":"","enabled":false},"version":2}},"categories":[10088],"tags":[],"class_list":["post-42324","post","type-post","status-publish","format-standard","has-post-thumbnail","hentry","category-agricultura"],"jetpack_publicize_connections":[],"jetpack_featured_media_url":"https:\/\/blogopara.com.br\/wp-content\/uploads\/2022\/09\/Circuito-AGERURAL-Uruas.jpg","uagb_featured_image_src":{"full":["https:\/\/blogopara.com.br\/wp-content\/uploads\/2022\/09\/Circuito-AGERURAL-Uruas.jpg",500,500,false],"thumbnail":["https:\/\/blogopara.com.br\/wp-content\/uploads\/2022\/09\/Circuito-AGERURAL-Uruas-150x150.jpg",150,150,true],"medium":["https:\/\/blogopara.com.br\/wp-content\/uploads\/2022\/09\/Circuito-AGERURAL-Uruas-300x300.jpg",300,300,true],"medium_large":["https:\/\/blogopara.com.br\/wp-content\/uploads\/2022\/09\/Circuito-AGERURAL-Uruas.jpg",500,500,false],"large":["https:\/\/blogopara.com.br\/wp-content\/uploads\/2022\/09\/Circuito-AGERURAL-Uruas.jpg",500,500,false],"1536x1536":["https:\/\/blogopara.com.br\/wp-content\/uploads\/2022\/09\/Circuito-AGERURAL-Uruas.jpg",500,500,false],"2048x2048":["https:\/\/blogopara.com.br\/wp-content\/uploads\/2022\/09\/Circuito-AGERURAL-Uruas.jpg",500,500,false],"mantranews-slider-large":["https:\/\/blogopara.com.br\/wp-content\/uploads\/2022\/09\/Circuito-AGERURAL-Uruas.jpg",500,500,false],"mantranews-featured-medium":["https:\/\/blogopara.com.br\/wp-content\/uploads\/2022\/09\/Circuito-AGERURAL-Uruas-420x307.jpg",420,307,true],"mantranews-featured-long":["https:\/\/blogopara.com.br\/wp-content\/uploads\/2022\/09\/Circuito-AGERURAL-Uruas-300x443.jpg",300,443,true],"mantranews-block-medium":["https:\/\/blogopara.com.br\/wp-content\/uploads\/2022\/09\/Circuito-AGERURAL-Uruas-464x290.jpg",464,290,true],"mantranews-carousel-image":["https:\/\/blogopara.com.br\/wp-content\/uploads\/2022\/09\/Circuito-AGERURAL-Uruas.jpg",500,500,false],"mantranews-block-thumb":["https:\/\/blogopara.com.br\/wp-content\/uploads\/2022\/09\/Circuito-AGERURAL-Uruas-322x230.jpg",322,230,true],"mantranews-single-large":["https:\/\/blogopara.com.br\/wp-content\/uploads\/2022\/09\/Circuito-AGERURAL-Uruas.jpg",500,500,false]},"uagb_author_info":{"display_name":"Reda\u00e7\u00e3o geral","author_link":"https:\/\/blogopara.com.br\/index.php\/author\/blogopara"},"uagb_comment_info":0,"uagb_excerpt":"A comunidade da \u00e1rea de sequeiro de Petrolina, Uru\u00e1s, receber\u00e1 a pr\u00f3xima edi\u00e7\u00e3o do novo projeto da Ag\u00eancia Municipal do Empreendedor (AGE Petrolina), o Circuito AGERural. Lan\u00e7ado em agosto deste ano, o circuito ter\u00e1 sua segunda edi\u00e7\u00e3o realizada na Avenida Principal de Uru\u00e1s, a partir das 15h, no dia 17 de setembro. O evento consta&hellip;","jetpack_sharing_enabled":true,"jetpack_likes_enabled":true,"_links":{"self":[{"href":"https:\/\/blogopara.com.br\/index.php\/wp-json\/wp\/v2\/posts\/42324","targetHints":{"allow":["GET"]}}],"collection":[{"href":"https:\/\/blogopara.com.br\/index.php\/wp-json\/wp\/v2\/posts"}],"about":[{"href":"https:\/\/blogopara.com.br\/index.php\/wp-json\/wp\/v2\/types\/post"}],"author":[{"embeddable":true,"href":"https:\/\/blogopara.com.br\/index.php\/wp-json\/wp\/v2\/users\/1"}],"replies":[{"embeddable":true,"href":"https:\/\/blogopara.com.br\/index.php\/wp-json\/wp\/v2\/comments?post=42324"}],"version-history":[{"count":1,"href":"https:\/\/blogopara.com.br\/index.php\/wp-json\/wp\/v2\/posts\/42324\/revisions"}],"predecessor-version":[{"id":42326,"href":"https:\/\/blogopara.com.br\/index.php\/wp-json\/wp\/v2\/posts\/42324\/revisions\/42326"}],"wp:featuredmedia":[{"embeddable":true,"href":"https:\/\/blogopara.com.br\/index.php\/wp-json\/wp\/v2\/media\/42325"}],"wp:attachment":[{"href":"https:\/\/blogopara.com.br\/index.php\/wp-json\/wp\/v2\/media?parent=42324"}],"wp:term":[{"taxonomy":"category","embeddable":true,"href":"https:\/\/blogopara.com.br\/index.php\/wp-json\/wp\/v2\/categories?post=42324"},{"taxonomy":"post_tag","embeddable":true,"href":"https:\/\/blogopara.com.br\/index.php\/wp-json\/wp\/v2\/tags?post=42324"}],"curies":[{"name":"wp","href":"https:\/\/api.w.org\/{rel}","templated":true}]}}