{"id":42334,"date":"2022-09-13T09:30:00","date_gmt":"2022-09-13T12:30:00","guid":{"rendered":"https:\/\/blogopara.com.br\/?p=42334"},"modified":"2022-09-12T15:31:57","modified_gmt":"2022-09-12T18:31:57","slug":"ciro-gomes-inicia-giro-pelo-nordeste-com-visita-a-salvador-nesta-terca-feira","status":"publish","type":"post","link":"https:\/\/blogopara.com.br\/index.php\/2022\/09\/13\/ciro-gomes-inicia-giro-pelo-nordeste-com-visita-a-salvador-nesta-terca-feira","title":{"rendered":"Ciro Gomes inicia giro pelo Nordeste com visita a Salvador nesta ter\u00e7a-feira"},"content":{"rendered":"<p style=\"text-align: justify;\">O candidato \u00e0 Presid\u00eancia da Rep\u00fablica pelo PDT, Ciro Gomes, retorna a Salvador nesta ter\u00e7a-feira (13). Esta \u00e9 a primeira visita do pedetista \u00e0 capital baiana ap\u00f3s o in\u00edcio oficial da campanha, no dia 16 de agosto. Ciro veio \u00e0 cidade em 11 de agosto, quando esteve na Igreja do Bonfim e acompanhou, junto com sua vice, Ana Paula Matos, uma celebra\u00e7\u00e3o no santu\u00e1rio de Santa Dulce dos Pobres.<\/p>\n<p style=\"text-align: justify;\">Pela manh\u00e3 Ciro estar\u00e1 em Irec\u00ea e a tarde chega em Salvador para participar de um evento voltado \u00e0 pessoa com defici\u00eancia, na APAE, na Pituba. J\u00e1 \u00e0 noite, o presidenci\u00e1vel vai gravar o programa Ciro TV, em um bairro da cidade. J\u00e1 Ana Paula e a esposa de Ciro, Giselle Bezerra, participar\u00e3o de uma agenda da causa animal.<\/p>\n<p style=\"text-align: justify;\">\u00a0Este ser\u00e1 o pontap\u00e9 de Ciro para uma s\u00e9rie de visitas aos estados do Nordeste. Em seguida, o pedetista tem compromissos em Sergipe, Pernambuco, Para\u00edba e Cear\u00e1.<\/p>\n","protected":false},"excerpt":{"rendered":"<p>O candidato \u00e0 Presid\u00eancia da Rep\u00fablica pelo PDT, Ciro Gomes, retorna a Salvador nesta ter\u00e7a-feira (13). Esta \u00e9 a primeira visita do pedetista \u00e0 capital baiana ap\u00f3s o in\u00edcio oficial da campanha, no dia 16 de agosto. Ciro veio \u00e0 cidade em 11 de agosto, quando esteve na Igreja do Bonfim e acompanhou, junto com [&hellip;]<\/p>\n","protected":false},"author":1,"featured_media":36516,"comment_status":"closed","ping_status":"open","sticky":false,"template":"","format":"standard","meta":{"_uag_custom_page_level_css":"","_monsterinsights_skip_tracking":false,"_monsterinsights_sitenote_active":false,"_monsterinsights_sitenote_note":"","_monsterinsights_sitenote_category":0,"jetpack_post_was_ever_published":false,"_jetpack_newsletter_access":"","_jetpack_dont_email_post_to_subs":false,"_jetpack_newsletter_tier_id":0,"_jetpack_memberships_contains_paywalled_content":false,"_jetpack_memberships_contains_paid_content":false,"footnotes":"","jetpack_publicize_message":"","jetpack_publicize_feature_enabled":true,"jetpack_social_post_already_shared":true,"jetpack_social_options":{"image_generator_settings":{"template":"highway","default_image_id":0,"font":"","enabled":false},"version":2}},"categories":[200,10109],"tags":[3989],"class_list":["post-42334","post","type-post","status-publish","format-standard","has-post-thumbnail","hentry","category-brasil","category-eleicoes-2022","tag-ciro-gomes"],"jetpack_publicize_connections":[],"jetpack_featured_media_url":"https:\/\/blogopara.com.br\/wp-content\/uploads\/2022\/04\/Foto-ciro-gomes-17-600x400-1.webp","uagb_featured_image_src":{"full":["https:\/\/blogopara.com.br\/wp-content\/uploads\/2022\/04\/Foto-ciro-gomes-17-600x400-1.webp",600,400,false],"thumbnail":["https:\/\/blogopara.com.br\/wp-content\/uploads\/2022\/04\/Foto-ciro-gomes-17-600x400-1-150x150.webp",150,150,true],"medium":["https:\/\/blogopara.com.br\/wp-content\/uploads\/2022\/04\/Foto-ciro-gomes-17-600x400-1-300x200.webp",300,200,true],"medium_large":["https:\/\/blogopara.com.br\/wp-content\/uploads\/2022\/04\/Foto-ciro-gomes-17-600x400-1.webp",600,400,false],"large":["https:\/\/blogopara.com.br\/wp-content\/uploads\/2022\/04\/Foto-ciro-gomes-17-600x400-1.webp",600,400,false],"1536x1536":["https:\/\/blogopara.com.br\/wp-content\/uploads\/2022\/04\/Foto-ciro-gomes-17-600x400-1.webp",600,400,false],"2048x2048":["https:\/\/blogopara.com.br\/wp-content\/uploads\/2022\/04\/Foto-ciro-gomes-17-600x400-1.webp",600,400,false],"mantranews-slider-large":["https:\/\/blogopara.com.br\/wp-content\/uploads\/2022\/04\/Foto-ciro-gomes-17-600x400-1.webp",600,400,false],"mantranews-featured-medium":["https:\/\/blogopara.com.br\/wp-content\/uploads\/2022\/04\/Foto-ciro-gomes-17-600x400-1-420x307.webp",420,307,true],"mantranews-featured-long":["https:\/\/blogopara.com.br\/wp-content\/uploads\/2022\/04\/Foto-ciro-gomes-17-600x400-1-300x400.webp",300,400,true],"mantranews-block-medium":["https:\/\/blogopara.com.br\/wp-content\/uploads\/2022\/04\/Foto-ciro-gomes-17-600x400-1-464x290.webp",464,290,true],"mantranews-carousel-image":["https:\/\/blogopara.com.br\/wp-content\/uploads\/2022\/04\/Foto-ciro-gomes-17-600x400-1.webp",600,400,false],"mantranews-block-thumb":["https:\/\/blogopara.com.br\/wp-content\/uploads\/2022\/04\/Foto-ciro-gomes-17-600x400-1-322x230.webp",322,230,true],"mantranews-single-large":["https:\/\/blogopara.com.br\/wp-content\/uploads\/2022\/04\/Foto-ciro-gomes-17-600x400-1.webp",600,400,false]},"uagb_author_info":{"display_name":"Reda\u00e7\u00e3o geral","author_link":"https:\/\/blogopara.com.br\/index.php\/author\/blogopara"},"uagb_comment_info":0,"uagb_excerpt":"O candidato \u00e0 Presid\u00eancia da Rep\u00fablica pelo PDT, Ciro Gomes, retorna a Salvador nesta ter\u00e7a-feira (13). Esta \u00e9 a primeira visita do pedetista \u00e0 capital baiana ap\u00f3s o in\u00edcio oficial da campanha, no dia 16 de agosto. Ciro veio \u00e0 cidade em 11 de agosto, quando esteve na Igreja do Bonfim e acompanhou, junto com&hellip;","jetpack_sharing_enabled":true,"jetpack_likes_enabled":true,"_links":{"self":[{"href":"https:\/\/blogopara.com.br\/index.php\/wp-json\/wp\/v2\/posts\/42334","targetHints":{"allow":["GET"]}}],"collection":[{"href":"https:\/\/blogopara.com.br\/index.php\/wp-json\/wp\/v2\/posts"}],"about":[{"href":"https:\/\/blogopara.com.br\/index.php\/wp-json\/wp\/v2\/types\/post"}],"author":[{"embeddable":true,"href":"https:\/\/blogopara.com.br\/index.php\/wp-json\/wp\/v2\/users\/1"}],"replies":[{"embeddable":true,"href":"https:\/\/blogopara.com.br\/index.php\/wp-json\/wp\/v2\/comments?post=42334"}],"version-history":[{"count":1,"href":"https:\/\/blogopara.com.br\/index.php\/wp-json\/wp\/v2\/posts\/42334\/revisions"}],"predecessor-version":[{"id":42335,"href":"https:\/\/blogopara.com.br\/index.php\/wp-json\/wp\/v2\/posts\/42334\/revisions\/42335"}],"wp:featuredmedia":[{"embeddable":true,"href":"https:\/\/blogopara.com.br\/index.php\/wp-json\/wp\/v2\/media\/36516"}],"wp:attachment":[{"href":"https:\/\/blogopara.com.br\/index.php\/wp-json\/wp\/v2\/media?parent=42334"}],"wp:term":[{"taxonomy":"category","embeddable":true,"href":"https:\/\/blogopara.com.br\/index.php\/wp-json\/wp\/v2\/categories?post=42334"},{"taxonomy":"post_tag","embeddable":true,"href":"https:\/\/blogopara.com.br\/index.php\/wp-json\/wp\/v2\/tags?post=42334"}],"curies":[{"name":"wp","href":"https:\/\/api.w.org\/{rel}","templated":true}]}}