{"id":42344,"date":"2022-09-13T18:45:00","date_gmt":"2022-09-13T21:45:00","guid":{"rendered":"https:\/\/blogopara.com.br\/?p=42344"},"modified":"2022-09-12T15:48:18","modified_gmt":"2022-09-12T18:48:18","slug":"como-dilma-se-sente-por-nao-aparecer-na-propaganda-de-lula-na-tv","status":"publish","type":"post","link":"https:\/\/blogopara.com.br\/index.php\/2022\/09\/13\/como-dilma-se-sente-por-nao-aparecer-na-propaganda-de-lula-na-tv","title":{"rendered":"Como Dilma se sente por n\u00e3o aparecer na propaganda de Lula na TV"},"content":{"rendered":"<p style=\"text-align: justify;\"><a href=\"https:\/\/www.metropoles.com\/tag\/dilma-rousseff\" target=\"_blank\" rel=\"noopener\">Dilma Rousseff<\/a>\u00a0n\u00e3o apareceu nos programas de\u00a0<a href=\"https:\/\/www.metropoles.com\/tag\/lula\" target=\"_blank\" rel=\"noopener\">Lula<\/a> desde o in\u00edcio da propaganda eleitoral. Por ser se tratar de uma ex-presidente, eleita em 2010 e reeleita em 2014, a omiss\u00e3o chama a aten\u00e7\u00e3o.<\/p>\n<p style=\"text-align: justify;\" data-gtm-vis-recent-on-screen-8752935_845=\"17563\" data-gtm-vis-first-on-screen-8752935_845=\"17563\" data-gtm-vis-total-visible-time-8752935_845=\"100\" data-gtm-vis-has-fired-8752935_845=\"1\">A pr\u00f3pria Dilma, contudo, n\u00e3o demonstra inc\u00f4modo com o fato. Pelo contr\u00e1rio.<\/p>\n<p style=\"text-align: justify;\">A petista avalia que Lula tem lhe dado um bom palanque em agendas pelo pa\u00eds. Na semana passada, em agenda conjunta no Rio de Janeiro, ela discursou por cerca de 10 minutos, ganhando um protagonismo considerado at\u00e9 mesmo exagerado por pessoas da campanha. O petista elogiou o car\u00e1ter da aliada e sustentou que Dilma foi v\u00edtima de injusti\u00e7a ao sofrer o impeachment.<\/p>\n<p style=\"text-align: justify;\">Esses momentos de protagonismo da ex-presidente s\u00e3o gravados, mas n\u00e3o v\u00e3o parar na propaganda de Lula e tampouco nas redes sociais do ex-presidente, comandadas por marqueteiros e estrategistas do PT. Eles t\u00eam sido, contudo, o suficiente para Dilma se sentir contemplada.<\/p>\n","protected":false},"excerpt":{"rendered":"<p>Dilma Rousseff\u00a0n\u00e3o apareceu nos programas de\u00a0Lula desde o in\u00edcio da propaganda eleitoral. Por ser se tratar de uma ex-presidente, eleita em 2010 e reeleita em 2014, a omiss\u00e3o chama a aten\u00e7\u00e3o. A pr\u00f3pria Dilma, contudo, n\u00e3o demonstra inc\u00f4modo com o fato. Pelo contr\u00e1rio. A petista avalia que Lula tem lhe dado um bom palanque em [&hellip;]<\/p>\n","protected":false},"author":1,"featured_media":42345,"comment_status":"open","ping_status":"open","sticky":false,"template":"","format":"standard","meta":{"_uag_custom_page_level_css":"","_monsterinsights_skip_tracking":false,"_monsterinsights_sitenote_active":false,"_monsterinsights_sitenote_note":"","_monsterinsights_sitenote_category":0,"jetpack_post_was_ever_published":false,"_jetpack_newsletter_access":"","_jetpack_dont_email_post_to_subs":false,"_jetpack_newsletter_tier_id":0,"_jetpack_memberships_contains_paywalled_content":false,"_jetpack_memberships_contains_paid_content":false,"footnotes":"","jetpack_publicize_message":"","jetpack_publicize_feature_enabled":true,"jetpack_social_post_already_shared":true,"jetpack_social_options":{"image_generator_settings":{"template":"highway","default_image_id":0,"font":"","enabled":false},"version":2}},"categories":[200,10109],"tags":[],"class_list":["post-42344","post","type-post","status-publish","format-standard","has-post-thumbnail","hentry","category-brasil","category-eleicoes-2022"],"jetpack_publicize_connections":[],"jetpack_featured_media_url":"https:\/\/blogopara.com.br\/wp-content\/uploads\/2022\/09\/104399764-RTX2RZLH.jpg","uagb_featured_image_src":{"full":["https:\/\/blogopara.com.br\/wp-content\/uploads\/2022\/09\/104399764-RTX2RZLH.jpg",500,344,false],"thumbnail":["https:\/\/blogopara.com.br\/wp-content\/uploads\/2022\/09\/104399764-RTX2RZLH-150x150.jpg",150,150,true],"medium":["https:\/\/blogopara.com.br\/wp-content\/uploads\/2022\/09\/104399764-RTX2RZLH-300x206.jpg",300,206,true],"medium_large":["https:\/\/blogopara.com.br\/wp-content\/uploads\/2022\/09\/104399764-RTX2RZLH.jpg",500,344,false],"large":["https:\/\/blogopara.com.br\/wp-content\/uploads\/2022\/09\/104399764-RTX2RZLH.jpg",500,344,false],"1536x1536":["https:\/\/blogopara.com.br\/wp-content\/uploads\/2022\/09\/104399764-RTX2RZLH.jpg",500,344,false],"2048x2048":["https:\/\/blogopara.com.br\/wp-content\/uploads\/2022\/09\/104399764-RTX2RZLH.jpg",500,344,false],"mantranews-slider-large":["https:\/\/blogopara.com.br\/wp-content\/uploads\/2022\/09\/104399764-RTX2RZLH.jpg",500,344,false],"mantranews-featured-medium":["https:\/\/blogopara.com.br\/wp-content\/uploads\/2022\/09\/104399764-RTX2RZLH-420x307.jpg",420,307,true],"mantranews-featured-long":["https:\/\/blogopara.com.br\/wp-content\/uploads\/2022\/09\/104399764-RTX2RZLH-300x344.jpg",300,344,true],"mantranews-block-medium":["https:\/\/blogopara.com.br\/wp-content\/uploads\/2022\/09\/104399764-RTX2RZLH-464x290.jpg",464,290,true],"mantranews-carousel-image":["https:\/\/blogopara.com.br\/wp-content\/uploads\/2022\/09\/104399764-RTX2RZLH.jpg",500,344,false],"mantranews-block-thumb":["https:\/\/blogopara.com.br\/wp-content\/uploads\/2022\/09\/104399764-RTX2RZLH-322x230.jpg",322,230,true],"mantranews-single-large":["https:\/\/blogopara.com.br\/wp-content\/uploads\/2022\/09\/104399764-RTX2RZLH.jpg",500,344,false]},"uagb_author_info":{"display_name":"Reda\u00e7\u00e3o geral","author_link":"https:\/\/blogopara.com.br\/index.php\/author\/blogopara"},"uagb_comment_info":0,"uagb_excerpt":"Dilma Rousseff\u00a0n\u00e3o apareceu nos programas de\u00a0Lula desde o in\u00edcio da propaganda eleitoral. Por ser se tratar de uma ex-presidente, eleita em 2010 e reeleita em 2014, a omiss\u00e3o chama a aten\u00e7\u00e3o. A pr\u00f3pria Dilma, contudo, n\u00e3o demonstra inc\u00f4modo com o fato. Pelo contr\u00e1rio. A petista avalia que Lula tem lhe dado um bom palanque em&hellip;","jetpack_sharing_enabled":true,"jetpack_likes_enabled":true,"_links":{"self":[{"href":"https:\/\/blogopara.com.br\/index.php\/wp-json\/wp\/v2\/posts\/42344","targetHints":{"allow":["GET"]}}],"collection":[{"href":"https:\/\/blogopara.com.br\/index.php\/wp-json\/wp\/v2\/posts"}],"about":[{"href":"https:\/\/blogopara.com.br\/index.php\/wp-json\/wp\/v2\/types\/post"}],"author":[{"embeddable":true,"href":"https:\/\/blogopara.com.br\/index.php\/wp-json\/wp\/v2\/users\/1"}],"replies":[{"embeddable":true,"href":"https:\/\/blogopara.com.br\/index.php\/wp-json\/wp\/v2\/comments?post=42344"}],"version-history":[{"count":1,"href":"https:\/\/blogopara.com.br\/index.php\/wp-json\/wp\/v2\/posts\/42344\/revisions"}],"predecessor-version":[{"id":42346,"href":"https:\/\/blogopara.com.br\/index.php\/wp-json\/wp\/v2\/posts\/42344\/revisions\/42346"}],"wp:featuredmedia":[{"embeddable":true,"href":"https:\/\/blogopara.com.br\/index.php\/wp-json\/wp\/v2\/media\/42345"}],"wp:attachment":[{"href":"https:\/\/blogopara.com.br\/index.php\/wp-json\/wp\/v2\/media?parent=42344"}],"wp:term":[{"taxonomy":"category","embeddable":true,"href":"https:\/\/blogopara.com.br\/index.php\/wp-json\/wp\/v2\/categories?post=42344"},{"taxonomy":"post_tag","embeddable":true,"href":"https:\/\/blogopara.com.br\/index.php\/wp-json\/wp\/v2\/tags?post=42344"}],"curies":[{"name":"wp","href":"https:\/\/api.w.org\/{rel}","templated":true}]}}