{"id":42394,"date":"2022-09-14T11:36:00","date_gmt":"2022-09-14T14:36:00","guid":{"rendered":"https:\/\/blogopara.com.br\/?p=42394"},"modified":"2022-09-13T21:48:00","modified_gmt":"2022-09-14T00:48:00","slug":"banco-de-alimentos-de-juazeiro-recebe-atencao-especial-da-gestao-suzana-ramos-e-garante-comida-na-mesa-de-centenas-de-familias-carentes","status":"publish","type":"post","link":"https:\/\/blogopara.com.br\/index.php\/2022\/09\/14\/banco-de-alimentos-de-juazeiro-recebe-atencao-especial-da-gestao-suzana-ramos-e-garante-comida-na-mesa-de-centenas-de-familias-carentes","title":{"rendered":"Banco de Alimentos de Juazeiro recebe aten\u00e7\u00e3o especial da gest\u00e3o Suzana Ramos e garante comida na mesa de centenas de fam\u00edlias carentes"},"content":{"rendered":"<p style=\"text-align: justify;\">Todos os dias, centenas de quilos de alimentos s\u00e3o coletados no Mercado do Produtor de Juazeiro. S\u00e3o \u00a0doa\u00e7\u00f5es de comerciantes que d\u00e3o destino nobre \u00e0s frutas, verduras e legumes que, em boa parte dos casos, iriam parar no lixo.\u00a0 Esse \u00e9 o trabalho do Banco de Alimentos, um programa social cujo foco \u00e9 reduzir o desperd\u00edcio de alimentos distribuindo nas institui\u00e7\u00f5es dentro dos programas sociais, possibilitando a complementa\u00e7\u00e3o alimentar de qualidade.<\/p>\n<p>Esse programa de seguran\u00e7a alimentar que a Prefeitura de Juazeiro, atrav\u00e9s da Secretaria de Desenvolvimento Social, Mulher e Diversidade (Sedes), Ag\u00eancia de Desenvolvimento Econ\u00f4mico, Agricultura e Pecu\u00e1ria (Adeap) e Autarquia Municipal de Abastecimento (AMA), que ganhou aten\u00e7\u00e3o especial na gest\u00e3o da prefeitura Suzana Ramos, vem fortalecer o atendimento das fam\u00edlias em vulnerabilidade social no munic\u00edpio. Com isso, a arrecada\u00e7\u00e3o vem crescendo. No ano passado, foram arrecadados quase 100 mil quilos de frutas, verduras, legumes e cereais para fam\u00edlias carentes de Juazeiro, um aumento de cerca de 50%.<\/p>\n<p>De acordo com o coordenador do Banco de Alimentos, Luciano Castro, isso \u00e9 resultado de campanhas de sensibiliza\u00e7\u00e3o, junto a comerciantes. \u201cMuitas vezes durante a coleta di\u00e1ria, recebemos muitas doa\u00e7\u00f5es espont\u00e2neas de comerciantes que n\u00e3o conheciam o nosso programa e passam a ser doadores regulares. Por isso, \u00e9 importante, dar publicidade \u00a0ao que fazemos e que ajuda a tanta gente\u201d, explicou.<\/p>\n<p style=\"text-align: justify;\">Ascom PMJ<br \/>\nA mercadoria arrecadada no Mercado do Produtor vai para a Central de Servi\u00e7os e Apoio \u00e0 Agricultura Familiar (CESAF), onde \u00e9 feita a sele\u00e7\u00e3o e preparo dos kits para doa\u00e7\u00f5es.\u00a0 Em seguida, os kits s\u00e3o distribu\u00eddos nos Centros de Refer\u00eancia de Assist\u00eancia Social (CRAS), creches, entidades filantr\u00f3picas, \u00a0atendendo a cerca de cinco mil pessoas.<\/p>\n<p>Para o diretor presidente da AMA, Carlos Neiva, o Banco de Alimentos atinge um duplo objetivo, *que \u00e9 * reduzir o desperd\u00edcio de alimentos no Mercado do Produtor e contribuir para a alimenta\u00e7\u00e3o de fam\u00edlias carentes. \u201cEu tenho muito carinho por esse programa \u00a0e muito orgulho dos servidores envolvidos, que entendem a import\u00e2ncia do que fazemos aqui. O Banco de Alimentos ajuda na manuten\u00e7\u00e3o da limpeza, na medida em que reduz o descarte de mercadoria em perfeitas condi\u00e7\u00f5es para o consumo, e colabora com os programas sociais da prefeita Suzana Ramos, ajudando fam\u00edlias \u00a0e entidades parceiras\u201d, declarou Neiva.<\/p>\n<div>\n<div dir=\"ltr\" data-smartmail=\"gmail_signature\">\n<div dir=\"ltr\">Ascom PMJ<\/div>\n<\/div>\n<\/div>\n","protected":false},"excerpt":{"rendered":"<p>Todos os dias, centenas de quilos de alimentos s\u00e3o coletados no Mercado do Produtor de Juazeiro. S\u00e3o \u00a0doa\u00e7\u00f5es de comerciantes que d\u00e3o destino nobre \u00e0s frutas, verduras e legumes que, em boa parte dos casos, iriam parar no lixo.\u00a0 Esse \u00e9 o trabalho do Banco de Alimentos, um programa social cujo foco \u00e9 reduzir o [&hellip;]<\/p>\n","protected":false},"author":1,"featured_media":42395,"comment_status":"closed","ping_status":"open","sticky":false,"template":"","format":"standard","meta":{"_uag_custom_page_level_css":"","_monsterinsights_skip_tracking":false,"_monsterinsights_sitenote_active":false,"_monsterinsights_sitenote_note":"","_monsterinsights_sitenote_category":0,"jetpack_post_was_ever_published":false,"_jetpack_newsletter_access":"","_jetpack_dont_email_post_to_subs":false,"_jetpack_newsletter_tier_id":0,"_jetpack_memberships_contains_paywalled_content":false,"_jetpack_memberships_contains_paid_content":false,"footnotes":"","jetpack_publicize_message":"","jetpack_publicize_feature_enabled":true,"jetpack_social_post_already_shared":true,"jetpack_social_options":{"image_generator_settings":{"template":"highway","default_image_id":0,"font":"","enabled":false},"version":2}},"categories":[203],"tags":[340,320],"class_list":["post-42394","post","type-post","status-publish","format-standard","has-post-thumbnail","hentry","category-juazeiro","tag-prefeitura-de-juazeiro","tag-sou-mais-juazeiro"],"jetpack_publicize_connections":[],"jetpack_featured_media_url":"https:\/\/blogopara.com.br\/wp-content\/uploads\/2022\/09\/WhatsApp-Image-2022-09-12-at-11.53.55.jpg","uagb_featured_image_src":{"full":["https:\/\/blogopara.com.br\/wp-content\/uploads\/2022\/09\/WhatsApp-Image-2022-09-12-at-11.53.55.jpg",500,281,false],"thumbnail":["https:\/\/blogopara.com.br\/wp-content\/uploads\/2022\/09\/WhatsApp-Image-2022-09-12-at-11.53.55-150x150.jpg",150,150,true],"medium":["https:\/\/blogopara.com.br\/wp-content\/uploads\/2022\/09\/WhatsApp-Image-2022-09-12-at-11.53.55-300x169.jpg",300,169,true],"medium_large":["https:\/\/blogopara.com.br\/wp-content\/uploads\/2022\/09\/WhatsApp-Image-2022-09-12-at-11.53.55.jpg",500,281,false],"large":["https:\/\/blogopara.com.br\/wp-content\/uploads\/2022\/09\/WhatsApp-Image-2022-09-12-at-11.53.55.jpg",500,281,false],"1536x1536":["https:\/\/blogopara.com.br\/wp-content\/uploads\/2022\/09\/WhatsApp-Image-2022-09-12-at-11.53.55.jpg",500,281,false],"2048x2048":["https:\/\/blogopara.com.br\/wp-content\/uploads\/2022\/09\/WhatsApp-Image-2022-09-12-at-11.53.55.jpg",500,281,false],"mantranews-slider-large":["https:\/\/blogopara.com.br\/wp-content\/uploads\/2022\/09\/WhatsApp-Image-2022-09-12-at-11.53.55.jpg",500,281,false],"mantranews-featured-medium":["https:\/\/blogopara.com.br\/wp-content\/uploads\/2022\/09\/WhatsApp-Image-2022-09-12-at-11.53.55-420x281.jpg",420,281,true],"mantranews-featured-long":["https:\/\/blogopara.com.br\/wp-content\/uploads\/2022\/09\/WhatsApp-Image-2022-09-12-at-11.53.55-300x281.jpg",300,281,true],"mantranews-block-medium":["https:\/\/blogopara.com.br\/wp-content\/uploads\/2022\/09\/WhatsApp-Image-2022-09-12-at-11.53.55-464x281.jpg",464,281,true],"mantranews-carousel-image":["https:\/\/blogopara.com.br\/wp-content\/uploads\/2022\/09\/WhatsApp-Image-2022-09-12-at-11.53.55.jpg",500,281,false],"mantranews-block-thumb":["https:\/\/blogopara.com.br\/wp-content\/uploads\/2022\/09\/WhatsApp-Image-2022-09-12-at-11.53.55-322x230.jpg",322,230,true],"mantranews-single-large":["https:\/\/blogopara.com.br\/wp-content\/uploads\/2022\/09\/WhatsApp-Image-2022-09-12-at-11.53.55.jpg",500,281,false]},"uagb_author_info":{"display_name":"Reda\u00e7\u00e3o geral","author_link":"https:\/\/blogopara.com.br\/index.php\/author\/blogopara"},"uagb_comment_info":0,"uagb_excerpt":"Todos os dias, centenas de quilos de alimentos s\u00e3o coletados no Mercado do Produtor de Juazeiro. S\u00e3o \u00a0doa\u00e7\u00f5es de comerciantes que d\u00e3o destino nobre \u00e0s frutas, verduras e legumes que, em boa parte dos casos, iriam parar no lixo.\u00a0 Esse \u00e9 o trabalho do Banco de Alimentos, um programa social cujo foco \u00e9 reduzir o&hellip;","jetpack_sharing_enabled":true,"jetpack_likes_enabled":true,"_links":{"self":[{"href":"https:\/\/blogopara.com.br\/index.php\/wp-json\/wp\/v2\/posts\/42394","targetHints":{"allow":["GET"]}}],"collection":[{"href":"https:\/\/blogopara.com.br\/index.php\/wp-json\/wp\/v2\/posts"}],"about":[{"href":"https:\/\/blogopara.com.br\/index.php\/wp-json\/wp\/v2\/types\/post"}],"author":[{"embeddable":true,"href":"https:\/\/blogopara.com.br\/index.php\/wp-json\/wp\/v2\/users\/1"}],"replies":[{"embeddable":true,"href":"https:\/\/blogopara.com.br\/index.php\/wp-json\/wp\/v2\/comments?post=42394"}],"version-history":[{"count":1,"href":"https:\/\/blogopara.com.br\/index.php\/wp-json\/wp\/v2\/posts\/42394\/revisions"}],"predecessor-version":[{"id":42396,"href":"https:\/\/blogopara.com.br\/index.php\/wp-json\/wp\/v2\/posts\/42394\/revisions\/42396"}],"wp:featuredmedia":[{"embeddable":true,"href":"https:\/\/blogopara.com.br\/index.php\/wp-json\/wp\/v2\/media\/42395"}],"wp:attachment":[{"href":"https:\/\/blogopara.com.br\/index.php\/wp-json\/wp\/v2\/media?parent=42394"}],"wp:term":[{"taxonomy":"category","embeddable":true,"href":"https:\/\/blogopara.com.br\/index.php\/wp-json\/wp\/v2\/categories?post=42394"},{"taxonomy":"post_tag","embeddable":true,"href":"https:\/\/blogopara.com.br\/index.php\/wp-json\/wp\/v2\/tags?post=42394"}],"curies":[{"name":"wp","href":"https:\/\/api.w.org\/{rel}","templated":true}]}}