{"id":42399,"date":"2022-09-14T14:25:00","date_gmt":"2022-09-14T17:25:00","guid":{"rendered":"https:\/\/blogopara.com.br\/?p=42399"},"modified":"2022-09-13T22:20:07","modified_gmt":"2022-09-14T01:20:07","slug":"acm-neto-defende-revisao-total-do-papel-da-embasa","status":"publish","type":"post","link":"https:\/\/blogopara.com.br\/index.php\/2022\/09\/14\/acm-neto-defende-revisao-total-do-papel-da-embasa","title":{"rendered":"ACM Neto defende revis\u00e3o total do papel da Embasa"},"content":{"rendered":"<p style=\"text-align: justify;\">O candidato a governador ACM Neto (Uni\u00e3o Brasil) defendeu a inteira revis\u00e3o do atual papel desenvolvido pela Empresa Baiana de \u00c1guas e Saneamento (Embasa). Para o ex-prefeito de Salvador, a empresa estadual, respons\u00e1vel pelas a\u00e7\u00f5es de manuten\u00e7\u00e3o do saneamento b\u00e1sico na Bahia tem atuado de maneira \u201ct\u00edmida\u201d.<\/p>\n<p style=\"text-align: justify;\">\u201cQuando a gente associa as a\u00e7\u00f5es que cabem ao Governo do Estado, a gente n\u00e3o pode deixar de olhar a situa\u00e7\u00e3o do saneamento b\u00e1sico. Infelizmente, nos \u00faltimos anos, a Embasa, que \u00e9 a empresa estadual de saneamento, vem cuidando muito mal da Bahia, fazendo poucos investimentos e ampliando o acesso das pessoas de maneira muito t\u00edmida ao saneamento b\u00e1sico\u201d, apontou o candidato.<\/p>\n<p style=\"text-align: justify;\">\u201cPara mudar isso, a minha proposta \u00e9 rever inteiramente o papel da Embasa, a gest\u00e3o da empresa. Trazer recursos privados e assegurar a retomada n\u00e3o s\u00f3 em Salvador, nas periferias, nas grandes cidades, mas tamb\u00e9m nas pequenas e m\u00e9dias cidades do interior da Bahia\u201d, enfatizou durante entrevista concedida \u00e0 imprensa nesta ter\u00e7a-feira (13).<\/p>\n<p style=\"text-align: justify;\">Neto tamb\u00e9m chamou aten\u00e7\u00e3o para a necessidade de criar planejamentos espec\u00edficos para a infraestrutura e a mobilidade das cidades baianas. O candidato refor\u00e7ou que o crescimento da popula\u00e7\u00e3o e, consequentemente, dos centros urbanos pedem maior direcionamento das a\u00e7\u00f5es de moderniza\u00e7\u00e3o das cidades.<\/p>\n<p style=\"text-align: justify;\">\u201cMais do que nunca, as cidades precisam de planejamento. Afinal de contas, elas v\u00e3o crescendo e a infraestrutura precisa chegar junto, as solu\u00e7\u00f5es de mobilidade tamb\u00e9m precisam chegar junto\u201d, disse.<\/p>\n<p style=\"text-align: justify;\">ACM Neto destacou ainda que, caso seja eleito em outubro deste ano, vai definir a\u00e7\u00f5es para transformar as cidades em centros de servi\u00e7o e com\u00e9rcio, promovendo melhorias para os pequenos e m\u00e9dios empreendedores locais.<\/p>\n<p style=\"text-align: justify;\">\u201cCaso eu tenha oportunidade de ser governador, pretendo trabalhar com o olhar e o foco tamb\u00e9m nas m\u00e9dias e grandes cidades. Dessa maneira, vamos ajudar a solucionar os problemas que existem hoje. Sobretudo, fomentando essas cidades como centros de servi\u00e7os e de com\u00e9rcio, ajudando o pequeno empreendedor, o ambulante, o feirante para que ele possa estruturar o seu neg\u00f3cio e, assim, avan\u00e7ar na gera\u00e7\u00e3o de empregos nos bairros mais populares das grandes cidades do estado da Bahia\u201d, ressaltou o ex-prefeito de Salvador.<\/p>\n<p style=\"text-align: justify;\">A agenda de Neto nesta ter\u00e7a-feira (13) foi cheia. Acompanhado pelos candidatos a vice-governadora, Ana Coelho (Republicanos), e ao Senado, Cac\u00e1 Le\u00e3o (PP), al\u00e9m do prefeito de Salvador, Bruno Reis (Uni\u00e3o Brasil), a comitiva pela manh\u00e3 percorreu em carreata os bairros de Piraj\u00e1, Marechal Rondon e Alto do Cabrito, em Salvador. O percurso teve cerca de 10 km.<\/p>\n<p style=\"text-align: justify;\">Pela tarde, a comitiva de ACM Neto seguiu para as cidades de S\u00e3o Francisco do Conde e Candeias, onde o candidato participa de eventos pol\u00edticos ao lado de lideran\u00e7as pol\u00edticas locais e de moradores das regi\u00f5es.<\/p>\n\n\n<p>Ascom ACM Neto<\/p>\n","protected":false},"excerpt":{"rendered":"<p>O candidato a governador ACM Neto (Uni\u00e3o Brasil) defendeu a inteira revis\u00e3o do atual papel desenvolvido pela Empresa Baiana de \u00c1guas e Saneamento (Embasa). Para o ex-prefeito de Salvador, a empresa estadual, respons\u00e1vel pelas a\u00e7\u00f5es de manuten\u00e7\u00e3o do saneamento b\u00e1sico na Bahia tem atuado de maneira \u201ct\u00edmida\u201d. \u201cQuando a gente associa as a\u00e7\u00f5es que cabem [&hellip;]<\/p>\n","protected":false},"author":1,"featured_media":37553,"comment_status":"closed","ping_status":"open","sticky":false,"template":"","format":"standard","meta":{"_uag_custom_page_level_css":"","_monsterinsights_skip_tracking":false,"_monsterinsights_sitenote_active":false,"_monsterinsights_sitenote_note":"","_monsterinsights_sitenote_category":0,"jetpack_post_was_ever_published":false,"_jetpack_newsletter_access":"","_jetpack_dont_email_post_to_subs":false,"_jetpack_newsletter_tier_id":0,"_jetpack_memberships_contains_paywalled_content":false,"_jetpack_memberships_contains_paid_content":false,"footnotes":"","jetpack_publicize_message":"","jetpack_publicize_feature_enabled":true,"jetpack_social_post_already_shared":true,"jetpack_social_options":{"image_generator_settings":{"template":"highway","default_image_id":0,"font":"","enabled":false},"version":2}},"categories":[199,197],"tags":[],"class_list":["post-42399","post","type-post","status-publish","format-standard","has-post-thumbnail","hentry","category-bahia","category-politica"],"jetpack_publicize_connections":[],"jetpack_featured_media_url":"https:\/\/blogopara.com.br\/wp-content\/uploads\/2022\/05\/acm_neto_KEuAMJz_widelg.jpeg","uagb_featured_image_src":{"full":["https:\/\/blogopara.com.br\/wp-content\/uploads\/2022\/05\/acm_neto_KEuAMJz_widelg.jpeg",500,281,false],"thumbnail":["https:\/\/blogopara.com.br\/wp-content\/uploads\/2022\/05\/acm_neto_KEuAMJz_widelg-150x150.jpeg",150,150,true],"medium":["https:\/\/blogopara.com.br\/wp-content\/uploads\/2022\/05\/acm_neto_KEuAMJz_widelg-300x169.jpeg",300,169,true],"medium_large":["https:\/\/blogopara.com.br\/wp-content\/uploads\/2022\/05\/acm_neto_KEuAMJz_widelg.jpeg",500,281,false],"large":["https:\/\/blogopara.com.br\/wp-content\/uploads\/2022\/05\/acm_neto_KEuAMJz_widelg.jpeg",500,281,false],"1536x1536":["https:\/\/blogopara.com.br\/wp-content\/uploads\/2022\/05\/acm_neto_KEuAMJz_widelg.jpeg",500,281,false],"2048x2048":["https:\/\/blogopara.com.br\/wp-content\/uploads\/2022\/05\/acm_neto_KEuAMJz_widelg.jpeg",500,281,false],"mantranews-slider-large":["https:\/\/blogopara.com.br\/wp-content\/uploads\/2022\/05\/acm_neto_KEuAMJz_widelg.jpeg",500,281,false],"mantranews-featured-medium":["https:\/\/blogopara.com.br\/wp-content\/uploads\/2022\/05\/acm_neto_KEuAMJz_widelg-420x281.jpeg",420,281,true],"mantranews-featured-long":["https:\/\/blogopara.com.br\/wp-content\/uploads\/2022\/05\/acm_neto_KEuAMJz_widelg-300x281.jpeg",300,281,true],"mantranews-block-medium":["https:\/\/blogopara.com.br\/wp-content\/uploads\/2022\/05\/acm_neto_KEuAMJz_widelg-464x281.jpeg",464,281,true],"mantranews-carousel-image":["https:\/\/blogopara.com.br\/wp-content\/uploads\/2022\/05\/acm_neto_KEuAMJz_widelg.jpeg",500,281,false],"mantranews-block-thumb":["https:\/\/blogopara.com.br\/wp-content\/uploads\/2022\/05\/acm_neto_KEuAMJz_widelg-322x230.jpeg",322,230,true],"mantranews-single-large":["https:\/\/blogopara.com.br\/wp-content\/uploads\/2022\/05\/acm_neto_KEuAMJz_widelg.jpeg",500,281,false]},"uagb_author_info":{"display_name":"Reda\u00e7\u00e3o geral","author_link":"https:\/\/blogopara.com.br\/index.php\/author\/blogopara"},"uagb_comment_info":0,"uagb_excerpt":"O candidato a governador ACM Neto (Uni\u00e3o Brasil) defendeu a inteira revis\u00e3o do atual papel desenvolvido pela Empresa Baiana de \u00c1guas e Saneamento (Embasa). Para o ex-prefeito de Salvador, a empresa estadual, respons\u00e1vel pelas a\u00e7\u00f5es de manuten\u00e7\u00e3o do saneamento b\u00e1sico na Bahia tem atuado de maneira \u201ct\u00edmida\u201d. \u201cQuando a gente associa as a\u00e7\u00f5es que cabem&hellip;","jetpack_sharing_enabled":true,"jetpack_likes_enabled":true,"_links":{"self":[{"href":"https:\/\/blogopara.com.br\/index.php\/wp-json\/wp\/v2\/posts\/42399","targetHints":{"allow":["GET"]}}],"collection":[{"href":"https:\/\/blogopara.com.br\/index.php\/wp-json\/wp\/v2\/posts"}],"about":[{"href":"https:\/\/blogopara.com.br\/index.php\/wp-json\/wp\/v2\/types\/post"}],"author":[{"embeddable":true,"href":"https:\/\/blogopara.com.br\/index.php\/wp-json\/wp\/v2\/users\/1"}],"replies":[{"embeddable":true,"href":"https:\/\/blogopara.com.br\/index.php\/wp-json\/wp\/v2\/comments?post=42399"}],"version-history":[{"count":1,"href":"https:\/\/blogopara.com.br\/index.php\/wp-json\/wp\/v2\/posts\/42399\/revisions"}],"predecessor-version":[{"id":42400,"href":"https:\/\/blogopara.com.br\/index.php\/wp-json\/wp\/v2\/posts\/42399\/revisions\/42400"}],"wp:featuredmedia":[{"embeddable":true,"href":"https:\/\/blogopara.com.br\/index.php\/wp-json\/wp\/v2\/media\/37553"}],"wp:attachment":[{"href":"https:\/\/blogopara.com.br\/index.php\/wp-json\/wp\/v2\/media?parent=42399"}],"wp:term":[{"taxonomy":"category","embeddable":true,"href":"https:\/\/blogopara.com.br\/index.php\/wp-json\/wp\/v2\/categories?post=42399"},{"taxonomy":"post_tag","embeddable":true,"href":"https:\/\/blogopara.com.br\/index.php\/wp-json\/wp\/v2\/tags?post=42399"}],"curies":[{"name":"wp","href":"https:\/\/api.w.org\/{rel}","templated":true}]}}