{"id":42414,"date":"2022-09-14T19:35:00","date_gmt":"2022-09-14T22:35:00","guid":{"rendered":"https:\/\/blogopara.com.br\/?p=42414"},"modified":"2022-09-14T14:27:23","modified_gmt":"2022-09-14T17:27:23","slug":"programa-da-prefeitura-de-juazeiro-forma-primeira-turma-de-funcionarios-de-escolas-municipais-com-treinamento-de-primeiros-socorros","status":"publish","type":"post","link":"https:\/\/blogopara.com.br\/index.php\/2022\/09\/14\/programa-da-prefeitura-de-juazeiro-forma-primeira-turma-de-funcionarios-de-escolas-municipais-com-treinamento-de-primeiros-socorros","title":{"rendered":"Programa da Prefeitura de Juazeiro forma primeira turma de funcion\u00e1rios de escolas municipais com treinamento de primeiros socorros"},"content":{"rendered":"<p style=\"text-align: justify;\">A primeira turma de educadores de escolas municipais de Juazeiro recebeu nesta quarta-feira (14) o certificado de conclus\u00e3o do Programa Cuidar, da Prefeitura Municipal, atrav\u00e9s das Secretarias de Sa\u00fade (Sesau) e de Educa\u00e7\u00e3o e Juventude (Seduc). O Cuidar tem a proposta de realizar treinamentos de primeiros socorros para professores e gestores das escolas municipais. Nesta primeira turma, 20 pessoas de escolas do munic\u00edpio receberam a forma\u00e7\u00e3o.<\/p>\n<p style=\"text-align: justify;\">O encerramento da primeira turma contou com a presen\u00e7a de representantes das duas secretarias envolvidas no Programa Cuidar. O secret\u00e1rio de Sa\u00fade, Fernando Costa, destacou que os conhecimentos adquiridos sem d\u00favidas ser\u00e3o multiplicados, o que ajuda no atendimento dos alunos. \u201cEstou muito orgulhoso disso que vejo aqui. Os educadores est\u00e3o mais seguros para atender situa\u00e7\u00f5es de risco e emerg\u00eancias que podem acontecer em suas escolas. Tenho certeza que eles v\u00e3o sair daqui como multiplicadores, trazendo mais colegas para participarem do curso. Certamente eles v\u00e3o levar o DNA do Samu junto com eles\u201d, ressaltou o secret\u00e1rio de Sa\u00fade.<\/p>\n<p style=\"text-align: justify;\">De acordo com o socorrista e instrutor do N\u00facleo de Educa\u00e7\u00e3o de Urg\u00eancia (NEU) do SAMU, Fl\u00e1vio Santos, a turma recebeu orienta\u00e7\u00f5es sobre diversas tem\u00e1ticas de primeiros socorros, que auxiliam no atendimento de sa\u00fade. \u201cForam passados para os profissionais da educa\u00e7\u00e3o temas como crises convulsivas, engasgo, parada cardiorespirat\u00f3ria, acidentes com animais pe\u00e7onhentos, situa\u00e7\u00f5es de traumas, queimaduras, choques el\u00e9tricos, com teorias e simula\u00e7\u00f5es da pr\u00e1tica. As pessoas chegam com d\u00favidas e cren\u00e7as trazidas da gera\u00e7\u00e3o familiar para determinados tipos de atendimentos e no curso trouxemos as informa\u00e7\u00f5es corretas de atendimento\u201d, explicou o instrutor do NEU.<\/p>\n<p style=\"text-align: justify;\"><strong>Forma\u00e7\u00e3o aprovada<\/strong><\/p>\n<p style=\"text-align: justify;\">Dona Eliene Souza Dantas \u00e9 professora do munic\u00edpio h\u00e1 24 anos e trabalha na Escola Celso Cavalcanti de Carvalho, no distrito do Mandacaru I. A educadora disse que j\u00e1 precisou utilizar no ambiente de trabalho os conhecimentos adquiridos no curso. \u201cUm rapaz desmaiou e as outras pessoas disseram para agir de determinadas formas. Eu disse que n\u00e3o podia e realizamos o atendimento adequado. O curso \u00e9 de extrema import\u00e2ncia. A gente acha que \u00e9 de obriga\u00e7\u00e3o apenas do SAMU ou do enfermeiro, mas naquele momento a pessoa tendo j\u00e1 uma base, se sente at\u00e9 realizado em poder ajudar\u201d, disse.<\/p>\n<p style=\"text-align: justify;\">A vice-gestora da Escola 15 de Julho, que fica em Mani\u00e7oba, Daniela Oliveira, tamb\u00e9m aprovou a iniciativa. \u201cFoi maravilhoso o curso onde a gente p\u00f4de aprender desde a quest\u00e3o do engasgamento a atendimentos, que s\u00e3o rotina na escola. Estou muito contente com esta participa\u00e7\u00e3o. Agrade\u00e7o a toda esta equipe por todo o conhecimento repassado para a gente, o Programa Cuidar vem para que possamos realizar o atendimento mais adequado nas escolas\u201d, destacou a vice-gestora.<\/p>\n\n\n<p>Ascom PMJ<\/p>\n","protected":false},"excerpt":{"rendered":"<p>A primeira turma de educadores de escolas municipais de Juazeiro recebeu nesta quarta-feira (14) o certificado de conclus\u00e3o do Programa Cuidar, da Prefeitura Municipal, atrav\u00e9s das Secretarias de Sa\u00fade (Sesau) e de Educa\u00e7\u00e3o e Juventude (Seduc). O Cuidar tem a proposta de realizar treinamentos de primeiros socorros para professores e gestores das escolas municipais. Nesta [&hellip;]<\/p>\n","protected":false},"author":1,"featured_media":42415,"comment_status":"closed","ping_status":"open","sticky":false,"template":"","format":"standard","meta":{"_uag_custom_page_level_css":"","_monsterinsights_skip_tracking":false,"_monsterinsights_sitenote_active":false,"_monsterinsights_sitenote_note":"","_monsterinsights_sitenote_category":0,"jetpack_post_was_ever_published":false,"_jetpack_newsletter_access":"","_jetpack_dont_email_post_to_subs":false,"_jetpack_newsletter_tier_id":0,"_jetpack_memberships_contains_paywalled_content":false,"_jetpack_memberships_contains_paid_content":false,"footnotes":"","jetpack_publicize_message":"","jetpack_publicize_feature_enabled":true,"jetpack_social_post_already_shared":true,"jetpack_social_options":{"image_generator_settings":{"template":"highway","default_image_id":0,"font":"","enabled":false},"version":2}},"categories":[205],"tags":[],"class_list":["post-42414","post","type-post","status-publish","format-standard","has-post-thumbnail","hentry","category-saude"],"jetpack_publicize_connections":[],"jetpack_featured_media_url":"https:\/\/blogopara.com.br\/wp-content\/uploads\/2022\/09\/cuidar-21.jpg","uagb_featured_image_src":{"full":["https:\/\/blogopara.com.br\/wp-content\/uploads\/2022\/09\/cuidar-21.jpg",500,333,false],"thumbnail":["https:\/\/blogopara.com.br\/wp-content\/uploads\/2022\/09\/cuidar-21-150x150.jpg",150,150,true],"medium":["https:\/\/blogopara.com.br\/wp-content\/uploads\/2022\/09\/cuidar-21-300x200.jpg",300,200,true],"medium_large":["https:\/\/blogopara.com.br\/wp-content\/uploads\/2022\/09\/cuidar-21.jpg",500,333,false],"large":["https:\/\/blogopara.com.br\/wp-content\/uploads\/2022\/09\/cuidar-21.jpg",500,333,false],"1536x1536":["https:\/\/blogopara.com.br\/wp-content\/uploads\/2022\/09\/cuidar-21.jpg",500,333,false],"2048x2048":["https:\/\/blogopara.com.br\/wp-content\/uploads\/2022\/09\/cuidar-21.jpg",500,333,false],"mantranews-slider-large":["https:\/\/blogopara.com.br\/wp-content\/uploads\/2022\/09\/cuidar-21.jpg",500,333,false],"mantranews-featured-medium":["https:\/\/blogopara.com.br\/wp-content\/uploads\/2022\/09\/cuidar-21-420x307.jpg",420,307,true],"mantranews-featured-long":["https:\/\/blogopara.com.br\/wp-content\/uploads\/2022\/09\/cuidar-21-300x333.jpg",300,333,true],"mantranews-block-medium":["https:\/\/blogopara.com.br\/wp-content\/uploads\/2022\/09\/cuidar-21-464x290.jpg",464,290,true],"mantranews-carousel-image":["https:\/\/blogopara.com.br\/wp-content\/uploads\/2022\/09\/cuidar-21.jpg",500,333,false],"mantranews-block-thumb":["https:\/\/blogopara.com.br\/wp-content\/uploads\/2022\/09\/cuidar-21-322x230.jpg",322,230,true],"mantranews-single-large":["https:\/\/blogopara.com.br\/wp-content\/uploads\/2022\/09\/cuidar-21.jpg",500,333,false]},"uagb_author_info":{"display_name":"Reda\u00e7\u00e3o geral","author_link":"https:\/\/blogopara.com.br\/index.php\/author\/blogopara"},"uagb_comment_info":0,"uagb_excerpt":"A primeira turma de educadores de escolas municipais de Juazeiro recebeu nesta quarta-feira (14) o certificado de conclus\u00e3o do Programa Cuidar, da Prefeitura Municipal, atrav\u00e9s das Secretarias de Sa\u00fade (Sesau) e de Educa\u00e7\u00e3o e Juventude (Seduc). O Cuidar tem a proposta de realizar treinamentos de primeiros socorros para professores e gestores das escolas municipais. Nesta&hellip;","jetpack_sharing_enabled":true,"jetpack_likes_enabled":true,"_links":{"self":[{"href":"https:\/\/blogopara.com.br\/index.php\/wp-json\/wp\/v2\/posts\/42414","targetHints":{"allow":["GET"]}}],"collection":[{"href":"https:\/\/blogopara.com.br\/index.php\/wp-json\/wp\/v2\/posts"}],"about":[{"href":"https:\/\/blogopara.com.br\/index.php\/wp-json\/wp\/v2\/types\/post"}],"author":[{"embeddable":true,"href":"https:\/\/blogopara.com.br\/index.php\/wp-json\/wp\/v2\/users\/1"}],"replies":[{"embeddable":true,"href":"https:\/\/blogopara.com.br\/index.php\/wp-json\/wp\/v2\/comments?post=42414"}],"version-history":[{"count":1,"href":"https:\/\/blogopara.com.br\/index.php\/wp-json\/wp\/v2\/posts\/42414\/revisions"}],"predecessor-version":[{"id":42416,"href":"https:\/\/blogopara.com.br\/index.php\/wp-json\/wp\/v2\/posts\/42414\/revisions\/42416"}],"wp:featuredmedia":[{"embeddable":true,"href":"https:\/\/blogopara.com.br\/index.php\/wp-json\/wp\/v2\/media\/42415"}],"wp:attachment":[{"href":"https:\/\/blogopara.com.br\/index.php\/wp-json\/wp\/v2\/media?parent=42414"}],"wp:term":[{"taxonomy":"category","embeddable":true,"href":"https:\/\/blogopara.com.br\/index.php\/wp-json\/wp\/v2\/categories?post=42414"},{"taxonomy":"post_tag","embeddable":true,"href":"https:\/\/blogopara.com.br\/index.php\/wp-json\/wp\/v2\/tags?post=42414"}],"curies":[{"name":"wp","href":"https:\/\/api.w.org\/{rel}","templated":true}]}}