{"id":42422,"date":"2022-09-14T20:28:00","date_gmt":"2022-09-14T23:28:00","guid":{"rendered":"https:\/\/blogopara.com.br\/?p=42422"},"modified":"2022-09-14T14:32:19","modified_gmt":"2022-09-14T17:32:19","slug":"governo-lanca-programa-para-estimular-acoes-sustentaveis-na-educacao","status":"publish","type":"post","link":"https:\/\/blogopara.com.br\/index.php\/2022\/09\/14\/governo-lanca-programa-para-estimular-acoes-sustentaveis-na-educacao","title":{"rendered":"Governo lan\u00e7a programa para estimular a\u00e7\u00f5es sustent\u00e1veis na educa\u00e7\u00e3o"},"content":{"rendered":"<div class=\"post-item-wrap\">\n<p style=\"text-align: justify;\">O Minist\u00e9rio do Meio Ambiente (MMA) lan\u00e7ou hoje (14) o programa Escolas +Verdes, que vai promover a\u00e7\u00f5es de cidadania e educa\u00e7\u00e3o ambiental nas escolas, como separa\u00e7\u00e3o e tratamento de res\u00edduos, reciclagem, log\u00edstica reversa, re\u00faso e efici\u00eancia no uso de \u00e1gua, efici\u00eancia energ\u00e9tica e energias renov\u00e1veis. A iniciativa ser\u00e1 realizada em duas etapas, com investimento de at\u00e9 R$ 300 milh\u00f5es no financiamento de projetos.<img decoding=\"async\" src=\"https:\/\/agenciabrasil.ebc.com.br\/ebc.png?id=1482310&amp;o=node\" \/><img decoding=\"async\" src=\"https:\/\/agenciabrasil.ebc.com.br\/ebc.gif?id=1482310&amp;o=node\" \/><\/p>\n<p style=\"text-align: justify;\">O Escolas +Verdes \u00e9 realizado em parceria com o Minist\u00e9rio da Educa\u00e7\u00e3o (MEC). A portaria que regulamenta o programa e define os crit\u00e9rios para os projetos foi assinada, nesta quarta-feira, pelos ministros do Meio Ambiente, Joaquim Leite, e da Educa\u00e7\u00e3o, Victor Godoy. Tamb\u00e9m foi lan\u00e7ado o primeiro edital que vai selecionar 200 escolas para participar da inciativa.<\/p>\n<p style=\"text-align: justify;\">Na primeira etapa, est\u00e3o previstos R$ 100 milh\u00f5es para a instala\u00e7\u00e3o de biodigestores em escolas p\u00fablicas, possibilitando a produ\u00e7\u00e3o de biog\u00e1s a partir de res\u00edduos org\u00e2nicos. O biodigestor \u00e9 um equipamento que produz, al\u00e9m do biog\u00e1s, o biofertilizante l\u00edquido.<\/p>\n<p style=\"text-align: justify;\">\u201cAssim, cascas, sementes, baga\u00e7o de frutas e restos de legumes deixam de ir para o lixo comum e geram o combust\u00edvel usado no preparo da merenda escolar, substituindo a compra de botij\u00f5es\u201d, explicou o MMA, em nota. A estrutura do equipamento tamb\u00e9m pode ser usada para o tratamento de esgoto em escolas que ainda n\u00e3o t\u00eam saneamento b\u00e1sico.<\/p>\n<p style=\"text-align: justify;\">A aquisi\u00e7\u00e3o e a implanta\u00e7\u00e3o dos biodigestores ser\u00e3o financiadas pelo MMA. O financiamento ser\u00e1 feito a partir de recursos pr\u00f3prios ou de coopera\u00e7\u00e3o, acordos, ajustes e outros instrumentos firmados pela pasta com governos estrangeiros e organismos internacionais ou \u00f3rg\u00e3os e entidades p\u00fablicas ou privadas, nacionais ou internacionais, com ou sem fins lucrativos.<\/p>\n<p style=\"text-align: justify;\">\u201cAs iniciativas sustent\u00e1veis, como o biodigestor, abrem espa\u00e7o para a interdisciplinaridade, pois permitem que educadores nas \u00e1reas de biologia, matem\u00e1tica, qu\u00edmica, f\u00edsica e ci\u00eancias possam abordar os assuntos de forma pr\u00e1tica com seus alunos\u201d, destacou o minist\u00e9rio.<\/p>\n<p style=\"text-align: justify;\">Para a segunda fase do programa, a previs\u00e3o \u00e9 que sejam aplicados R$ 200 milh\u00f5es, abrangendo outras iniciativas sustent\u00e1veis.<\/p>\n<p style=\"text-align: justify;\">As escolas p\u00fablicas ou particulares que adotarem pr\u00e1ticas de sustentabilidade tamb\u00e9m poder\u00e3o requisitar o selo Escola +Verde. \u201cA certifica\u00e7\u00e3o \u00e9 um reconhecimento do Minist\u00e9rio do Meio Ambiente e um diferencial para estimular a educa\u00e7\u00e3o ambiental dentro e fora de sala de aula\u201d, acrescentou o MMA.<\/p>\n<\/div>\n\n\n<p>Agencia Brasil<\/p>\n","protected":false},"excerpt":{"rendered":"<p>O Minist\u00e9rio do Meio Ambiente (MMA) lan\u00e7ou hoje (14) o programa Escolas +Verdes, que vai promover a\u00e7\u00f5es de cidadania e educa\u00e7\u00e3o ambiental nas escolas, como separa\u00e7\u00e3o e tratamento de res\u00edduos, reciclagem, log\u00edstica reversa, re\u00faso e efici\u00eancia no uso de \u00e1gua, efici\u00eancia energ\u00e9tica e energias renov\u00e1veis. A iniciativa ser\u00e1 realizada em duas etapas, com investimento de [&hellip;]<\/p>\n","protected":false},"author":1,"featured_media":42423,"comment_status":"closed","ping_status":"open","sticky":false,"template":"","format":"standard","meta":{"_uag_custom_page_level_css":"","_monsterinsights_skip_tracking":false,"_monsterinsights_sitenote_active":false,"_monsterinsights_sitenote_note":"","_monsterinsights_sitenote_category":0,"jetpack_post_was_ever_published":false,"_jetpack_newsletter_access":"","_jetpack_dont_email_post_to_subs":false,"_jetpack_newsletter_tier_id":0,"_jetpack_memberships_contains_paywalled_content":false,"_jetpack_memberships_contains_paid_content":false,"footnotes":"","jetpack_publicize_message":"","jetpack_publicize_feature_enabled":true,"jetpack_social_post_already_shared":true,"jetpack_social_options":{"image_generator_settings":{"template":"highway","default_image_id":0,"font":"","enabled":false},"version":2}},"categories":[209],"tags":[],"class_list":["post-42422","post","type-post","status-publish","format-standard","has-post-thumbnail","hentry","category-educacao"],"jetpack_publicize_connections":[],"jetpack_featured_media_url":"https:\/\/blogopara.com.br\/wp-content\/uploads\/2022\/09\/meio_ambiente-educacao_1409220845.jpg","uagb_featured_image_src":{"full":["https:\/\/blogopara.com.br\/wp-content\/uploads\/2022\/09\/meio_ambiente-educacao_1409220845.jpg",500,299,false],"thumbnail":["https:\/\/blogopara.com.br\/wp-content\/uploads\/2022\/09\/meio_ambiente-educacao_1409220845-150x150.jpg",150,150,true],"medium":["https:\/\/blogopara.com.br\/wp-content\/uploads\/2022\/09\/meio_ambiente-educacao_1409220845-300x179.jpg",300,179,true],"medium_large":["https:\/\/blogopara.com.br\/wp-content\/uploads\/2022\/09\/meio_ambiente-educacao_1409220845.jpg",500,299,false],"large":["https:\/\/blogopara.com.br\/wp-content\/uploads\/2022\/09\/meio_ambiente-educacao_1409220845.jpg",500,299,false],"1536x1536":["https:\/\/blogopara.com.br\/wp-content\/uploads\/2022\/09\/meio_ambiente-educacao_1409220845.jpg",500,299,false],"2048x2048":["https:\/\/blogopara.com.br\/wp-content\/uploads\/2022\/09\/meio_ambiente-educacao_1409220845.jpg",500,299,false],"mantranews-slider-large":["https:\/\/blogopara.com.br\/wp-content\/uploads\/2022\/09\/meio_ambiente-educacao_1409220845.jpg",500,299,false],"mantranews-featured-medium":["https:\/\/blogopara.com.br\/wp-content\/uploads\/2022\/09\/meio_ambiente-educacao_1409220845-420x299.jpg",420,299,true],"mantranews-featured-long":["https:\/\/blogopara.com.br\/wp-content\/uploads\/2022\/09\/meio_ambiente-educacao_1409220845-300x299.jpg",300,299,true],"mantranews-block-medium":["https:\/\/blogopara.com.br\/wp-content\/uploads\/2022\/09\/meio_ambiente-educacao_1409220845-464x290.jpg",464,290,true],"mantranews-carousel-image":["https:\/\/blogopara.com.br\/wp-content\/uploads\/2022\/09\/meio_ambiente-educacao_1409220845.jpg",500,299,false],"mantranews-block-thumb":["https:\/\/blogopara.com.br\/wp-content\/uploads\/2022\/09\/meio_ambiente-educacao_1409220845-322x230.jpg",322,230,true],"mantranews-single-large":["https:\/\/blogopara.com.br\/wp-content\/uploads\/2022\/09\/meio_ambiente-educacao_1409220845.jpg",500,299,false]},"uagb_author_info":{"display_name":"Reda\u00e7\u00e3o geral","author_link":"https:\/\/blogopara.com.br\/index.php\/author\/blogopara"},"uagb_comment_info":0,"uagb_excerpt":"O Minist\u00e9rio do Meio Ambiente (MMA) lan\u00e7ou hoje (14) o programa Escolas +Verdes, que vai promover a\u00e7\u00f5es de cidadania e educa\u00e7\u00e3o ambiental nas escolas, como separa\u00e7\u00e3o e tratamento de res\u00edduos, reciclagem, log\u00edstica reversa, re\u00faso e efici\u00eancia no uso de \u00e1gua, efici\u00eancia energ\u00e9tica e energias renov\u00e1veis. A iniciativa ser\u00e1 realizada em duas etapas, com investimento de&hellip;","jetpack_sharing_enabled":true,"jetpack_likes_enabled":true,"_links":{"self":[{"href":"https:\/\/blogopara.com.br\/index.php\/wp-json\/wp\/v2\/posts\/42422","targetHints":{"allow":["GET"]}}],"collection":[{"href":"https:\/\/blogopara.com.br\/index.php\/wp-json\/wp\/v2\/posts"}],"about":[{"href":"https:\/\/blogopara.com.br\/index.php\/wp-json\/wp\/v2\/types\/post"}],"author":[{"embeddable":true,"href":"https:\/\/blogopara.com.br\/index.php\/wp-json\/wp\/v2\/users\/1"}],"replies":[{"embeddable":true,"href":"https:\/\/blogopara.com.br\/index.php\/wp-json\/wp\/v2\/comments?post=42422"}],"version-history":[{"count":1,"href":"https:\/\/blogopara.com.br\/index.php\/wp-json\/wp\/v2\/posts\/42422\/revisions"}],"predecessor-version":[{"id":42424,"href":"https:\/\/blogopara.com.br\/index.php\/wp-json\/wp\/v2\/posts\/42422\/revisions\/42424"}],"wp:featuredmedia":[{"embeddable":true,"href":"https:\/\/blogopara.com.br\/index.php\/wp-json\/wp\/v2\/media\/42423"}],"wp:attachment":[{"href":"https:\/\/blogopara.com.br\/index.php\/wp-json\/wp\/v2\/media?parent=42422"}],"wp:term":[{"taxonomy":"category","embeddable":true,"href":"https:\/\/blogopara.com.br\/index.php\/wp-json\/wp\/v2\/categories?post=42422"},{"taxonomy":"post_tag","embeddable":true,"href":"https:\/\/blogopara.com.br\/index.php\/wp-json\/wp\/v2\/tags?post=42422"}],"curies":[{"name":"wp","href":"https:\/\/api.w.org\/{rel}","templated":true}]}}