{"id":42425,"date":"2022-09-14T15:49:21","date_gmt":"2022-09-14T18:49:21","guid":{"rendered":"https:\/\/blogopara.com.br\/?p=42425"},"modified":"2022-09-14T15:49:22","modified_gmt":"2022-09-14T18:49:22","slug":"a-mulher-sabe-onde-doi-diz-luiza-de-deus-para-delirio-da-militancia-em-comicio-para-milhares-de-pessoas","status":"publish","type":"post","link":"https:\/\/blogopara.com.br\/index.php\/2022\/09\/14\/a-mulher-sabe-onde-doi-diz-luiza-de-deus-para-delirio-da-militancia-em-comicio-para-milhares-de-pessoas","title":{"rendered":"\u201cA mulher sabe onde d\u00f3i\u201d, diz Luiza de Deus para del\u00edrio da milit\u00e2ncia em com\u00edcio para milhares de pessoas"},"content":{"rendered":"<p style=\"text-align: justify;\">A Pra\u00e7a do Acaraj\u00e9 foi coberta por um mar azul e branco no com\u00edcio dos candidatos progressistas \u00e0 C\u00e2mara Federal, M\u00e1rio J\u00fanior e \u00e0 assembleia estadual, Luiza de Deus, agora h\u00e1 pouco.<\/p>\n<p style=\"text-align: justify;\">Com a presen\u00e7a de uma centena de pol\u00edticos entre vereadores e prefeitos de toda regi\u00e3o, os candidatos discursaram para levantar a milit\u00e2ncia e fazer um marco hist\u00f3rico das campanhas.<\/p>\n<p style=\"text-align: justify;\">Luiza enfatizou a import\u00e2ncia de estar no pleito, sendo mais uma mulher a tentar a vaga de deputada estadual.<\/p>\n<p style=\"text-align: justify;\">\u201cFarei men\u00e7\u00e3o a Ena Vilma [ex-prefeita de Gl\u00f3ria] que foi uma grande prefeita, e n\u00f3s sabemos fazer melhor \u00e9 cuidar de gente, n\u00e3o \u00e9 porque somos melhores do que ningu\u00e9m, mas n\u00f3s como mulheres, como m\u00e3es somos sim mais acolhedoras, n\u00f3s mulheres sabemos onde d\u00f3i\u201d, disse para o del\u00edrio da milit\u00e2ncia.<\/p>\n","protected":false},"excerpt":{"rendered":"<p>A Pra\u00e7a do Acaraj\u00e9 foi coberta por um mar azul e branco no com\u00edcio dos candidatos progressistas \u00e0 C\u00e2mara Federal, M\u00e1rio J\u00fanior e \u00e0 assembleia estadual, Luiza de Deus, agora h\u00e1 pouco. Com a presen\u00e7a de uma centena de pol\u00edticos entre vereadores e prefeitos de toda regi\u00e3o, os candidatos discursaram para levantar a milit\u00e2ncia e [&hellip;]<\/p>\n","protected":false},"author":1,"featured_media":42426,"comment_status":"closed","ping_status":"open","sticky":false,"template":"","format":"standard","meta":{"_uag_custom_page_level_css":"","_monsterinsights_skip_tracking":false,"_monsterinsights_sitenote_active":false,"_monsterinsights_sitenote_note":"","_monsterinsights_sitenote_category":0,"jetpack_post_was_ever_published":false,"_jetpack_newsletter_access":"","_jetpack_dont_email_post_to_subs":false,"_jetpack_newsletter_tier_id":0,"_jetpack_memberships_contains_paywalled_content":false,"_jetpack_memberships_contains_paid_content":false,"footnotes":"","jetpack_publicize_message":"","jetpack_publicize_feature_enabled":true,"jetpack_social_post_already_shared":true,"jetpack_social_options":{"image_generator_settings":{"template":"highway","default_image_id":0,"font":"","enabled":false},"version":2}},"categories":[199,197],"tags":[],"class_list":["post-42425","post","type-post","status-publish","format-standard","has-post-thumbnail","hentry","category-bahia","category-politica"],"jetpack_publicize_connections":[],"jetpack_featured_media_url":"https:\/\/blogopara.com.br\/wp-content\/uploads\/2022\/09\/page-puj65wt4qo9x1yzw95jsrdgsv78njm7a96w2zuszd4.jpg","uagb_featured_image_src":{"full":["https:\/\/blogopara.com.br\/wp-content\/uploads\/2022\/09\/page-puj65wt4qo9x1yzw95jsrdgsv78njm7a96w2zuszd4.jpg",500,294,false],"thumbnail":["https:\/\/blogopara.com.br\/wp-content\/uploads\/2022\/09\/page-puj65wt4qo9x1yzw95jsrdgsv78njm7a96w2zuszd4-150x150.jpg",150,150,true],"medium":["https:\/\/blogopara.com.br\/wp-content\/uploads\/2022\/09\/page-puj65wt4qo9x1yzw95jsrdgsv78njm7a96w2zuszd4-300x176.jpg",300,176,true],"medium_large":["https:\/\/blogopara.com.br\/wp-content\/uploads\/2022\/09\/page-puj65wt4qo9x1yzw95jsrdgsv78njm7a96w2zuszd4.jpg",500,294,false],"large":["https:\/\/blogopara.com.br\/wp-content\/uploads\/2022\/09\/page-puj65wt4qo9x1yzw95jsrdgsv78njm7a96w2zuszd4.jpg",500,294,false],"1536x1536":["https:\/\/blogopara.com.br\/wp-content\/uploads\/2022\/09\/page-puj65wt4qo9x1yzw95jsrdgsv78njm7a96w2zuszd4.jpg",500,294,false],"2048x2048":["https:\/\/blogopara.com.br\/wp-content\/uploads\/2022\/09\/page-puj65wt4qo9x1yzw95jsrdgsv78njm7a96w2zuszd4.jpg",500,294,false],"mantranews-slider-large":["https:\/\/blogopara.com.br\/wp-content\/uploads\/2022\/09\/page-puj65wt4qo9x1yzw95jsrdgsv78njm7a96w2zuszd4.jpg",500,294,false],"mantranews-featured-medium":["https:\/\/blogopara.com.br\/wp-content\/uploads\/2022\/09\/page-puj65wt4qo9x1yzw95jsrdgsv78njm7a96w2zuszd4-420x294.jpg",420,294,true],"mantranews-featured-long":["https:\/\/blogopara.com.br\/wp-content\/uploads\/2022\/09\/page-puj65wt4qo9x1yzw95jsrdgsv78njm7a96w2zuszd4-300x294.jpg",300,294,true],"mantranews-block-medium":["https:\/\/blogopara.com.br\/wp-content\/uploads\/2022\/09\/page-puj65wt4qo9x1yzw95jsrdgsv78njm7a96w2zuszd4-464x290.jpg",464,290,true],"mantranews-carousel-image":["https:\/\/blogopara.com.br\/wp-content\/uploads\/2022\/09\/page-puj65wt4qo9x1yzw95jsrdgsv78njm7a96w2zuszd4.jpg",500,294,false],"mantranews-block-thumb":["https:\/\/blogopara.com.br\/wp-content\/uploads\/2022\/09\/page-puj65wt4qo9x1yzw95jsrdgsv78njm7a96w2zuszd4-322x230.jpg",322,230,true],"mantranews-single-large":["https:\/\/blogopara.com.br\/wp-content\/uploads\/2022\/09\/page-puj65wt4qo9x1yzw95jsrdgsv78njm7a96w2zuszd4.jpg",500,294,false]},"uagb_author_info":{"display_name":"Reda\u00e7\u00e3o geral","author_link":"https:\/\/blogopara.com.br\/index.php\/author\/blogopara"},"uagb_comment_info":0,"uagb_excerpt":"A Pra\u00e7a do Acaraj\u00e9 foi coberta por um mar azul e branco no com\u00edcio dos candidatos progressistas \u00e0 C\u00e2mara Federal, M\u00e1rio J\u00fanior e \u00e0 assembleia estadual, Luiza de Deus, agora h\u00e1 pouco. Com a presen\u00e7a de uma centena de pol\u00edticos entre vereadores e prefeitos de toda regi\u00e3o, os candidatos discursaram para levantar a milit\u00e2ncia e&hellip;","jetpack_sharing_enabled":true,"jetpack_likes_enabled":true,"_links":{"self":[{"href":"https:\/\/blogopara.com.br\/index.php\/wp-json\/wp\/v2\/posts\/42425","targetHints":{"allow":["GET"]}}],"collection":[{"href":"https:\/\/blogopara.com.br\/index.php\/wp-json\/wp\/v2\/posts"}],"about":[{"href":"https:\/\/blogopara.com.br\/index.php\/wp-json\/wp\/v2\/types\/post"}],"author":[{"embeddable":true,"href":"https:\/\/blogopara.com.br\/index.php\/wp-json\/wp\/v2\/users\/1"}],"replies":[{"embeddable":true,"href":"https:\/\/blogopara.com.br\/index.php\/wp-json\/wp\/v2\/comments?post=42425"}],"version-history":[{"count":1,"href":"https:\/\/blogopara.com.br\/index.php\/wp-json\/wp\/v2\/posts\/42425\/revisions"}],"predecessor-version":[{"id":42427,"href":"https:\/\/blogopara.com.br\/index.php\/wp-json\/wp\/v2\/posts\/42425\/revisions\/42427"}],"wp:featuredmedia":[{"embeddable":true,"href":"https:\/\/blogopara.com.br\/index.php\/wp-json\/wp\/v2\/media\/42426"}],"wp:attachment":[{"href":"https:\/\/blogopara.com.br\/index.php\/wp-json\/wp\/v2\/media?parent=42425"}],"wp:term":[{"taxonomy":"category","embeddable":true,"href":"https:\/\/blogopara.com.br\/index.php\/wp-json\/wp\/v2\/categories?post=42425"},{"taxonomy":"post_tag","embeddable":true,"href":"https:\/\/blogopara.com.br\/index.php\/wp-json\/wp\/v2\/tags?post=42425"}],"curies":[{"name":"wp","href":"https:\/\/api.w.org\/{rel}","templated":true}]}}