{"id":42482,"date":"2022-09-15T18:34:00","date_gmt":"2022-09-15T21:34:00","guid":{"rendered":"https:\/\/blogopara.com.br\/?p=42482"},"modified":"2022-09-15T09:44:40","modified_gmt":"2022-09-15T12:44:40","slug":"prefeita-suzana-ramos-participa-do-lancamento-do-projeto-de-desenvolvimento-federativo-promovido-pela-da-sudene-em-juazeiro","status":"publish","type":"post","link":"https:\/\/blogopara.com.br\/index.php\/2022\/09\/15\/prefeita-suzana-ramos-participa-do-lancamento-do-projeto-de-desenvolvimento-federativo-promovido-pela-da-sudene-em-juazeiro","title":{"rendered":"Prefeita Suzana Ramos participa do lan\u00e7amento do Projeto de Desenvolvimento Federativo promovido pela da Sudene em Juazeiro"},"content":{"rendered":"<p style=\"font-weight: 400; text-align: justify;\">A prefeita Suzana Ramos participou nesta quarta-feira (14), no audit\u00f3rio do Sesi Juazeiro, do lan\u00e7amento do Projeto de Desenvolvimento Federativo (PDF), promovido pela Superintend\u00eancia do Desenvolvimento do Nordeste (Sudene), que tem por objetivo contribuir para impulsionar a\u00e7\u00f5es de desenvolvimento e para a melhoria da gest\u00e3o p\u00fablica em munic\u00edpios que apresentam maiores fragilidades em seus indicadores sociais e econ\u00f4micos.<\/p>\n<p style=\"font-weight: 400; text-align: justify;\">O Sebrae, Banco do Nordeste, Caixa Econ\u00f4mica e Minist\u00e9rio da Agricultura, Pecu\u00e1ria e Abastecimento (MAPA) comp\u00f5em os parceiros do projeto, al\u00e9m do Minist\u00e9rio do Desenvolvimento Regional (MDR); Secretaria Especial de Assuntos Federativos do Governo Federal; Departamento Nacional de Obras Contra as Secas (DNOCS); Programa Agronordeste; Instituto Nacional do Semi\u00e1rido (INSA); e Ag\u00eancia Brasileira de Desenvolvimento Industrial (ABDI).<\/p>\n<p style=\"font-weight: 400; text-align: justify;\">O Projeto de Desenvolvimento Federativo vai abranger os nove estados do Nordeste, al\u00e9m de Minas Gerais e Esp\u00edrito Santo. Na Bahia, seis munic\u00edpios foram contemplados, entre eles, al\u00e9m de Juazeiro, Andorinha, Jaguarari, Pil\u00e3o Arcado, Sobradinho e Umburanas.<\/p>\n<p style=\"font-weight: 400; text-align: justify;\">O lan\u00e7amento foi marcado pela apresenta\u00e7\u00e3o dos planos de a\u00e7\u00e3o e intera\u00e7\u00e3o entre prefeituras e institui\u00e7\u00f5es, al\u00e9m da assinatura dos protocolos de inten\u00e7\u00f5es, com a presen\u00e7a dos prefeitos de Andorinha, Renato Brand\u00e3o de Oliveira; de Sobradinho, Cleyvinho Sampaio; de Umburanas, Roberto Bruno Silva; e do o secret\u00e1rio de Desenvolvimento Econ\u00f4mico e Turismo de Jaguarari, Raimundo Gomes.<\/p>\n<p style=\"font-weight: 400; text-align: justify;\">A iniciativa da Sudene e parceiros ter\u00e1 como finalidade oferecer capacita\u00e7\u00f5es nas \u00e1reas de gest\u00e3o e elabora\u00e7\u00e3o de programas. E a partir dessa a\u00e7\u00e3o, os munic\u00edpios participantes estar\u00e3o mais\u00a0habilitados para articular e apoiar a\u00e7\u00f5es voltadas ao agroneg\u00f3cio, finan\u00e7as p\u00fablicas, conectividade, comercializa\u00e7\u00e3o e exporta\u00e7\u00e3o de servi\u00e7os. A prefeita Suzana Ramos comemorou a escolha de Juazeiro para sediar o lan\u00e7amento e para fazer parte do projeto.<\/p>\n<p style=\"font-weight: 400; text-align: justify;\">\u201cA escolha de Juazeiro para integrar esse projeto \u00e9 de uma relev\u00e2ncia muito grande. N\u00f3s sabemos o quanto a Sudene e demais \u00f3rg\u00e3os s\u00e3o fortes na regi\u00e3o do Nordeste. E n\u00f3s precisamos de apoio para executar pol\u00edticas p\u00fablicas que ajudem a desenvolver em nossa regi\u00e3o a agricultura familiar e atividades econ\u00f4micas nas \u00e1reas de sequeiro. Estou feliz por Juazeiro ter sido escolhida para essas discuss\u00f5es e para desenvolver esse projeto. Tenho certeza que daqui vamos colher muitos frutos positivos para nossa regi\u00e3o\u201d, declarou Suzana Ramos.<\/p>\n<p style=\"font-weight: 400; text-align: justify;\">Participaram do lan\u00e7amento o Diretor de Planejamento e Articula\u00e7\u00e3o de Pol\u00edticas da Sudene, Marcos Falc\u00e3o Gon\u00e7alves; o Presidente do Conselho do Sebrae Bahia, Carlos Andrade; o Superintendente Estadual do Sebrae Bahia, Jorge Khoury; o Diretor de Fundos, Incentivo e de Atra\u00e7\u00e3o de Investimentos da Sudene, Wilson Almeida; a Gerente de Desenvolvimento Territorial do Banco do Nordeste, Marilda Galindo; o Superintendente Executivo da Caixa Econ\u00f4mica Federal no Vale do S\u00e3o Francisco, Ilton Lopes; o Chefe do Servi\u00e7o T\u00e9cnico do Departamento Nacional de Obras Contra as Secas na Bahia (DNOCS), Raimundo Guedes; o Auditor Fiscal Federal Agroecu\u00e1rio do Minist\u00e9rio da Agricultura, Pecu\u00e1ria e Abastecimento (MAPA), Kleber Santos; e o Diretor-Presidente da Autarquia Municipal de Abastecimento de Juazeiro, Carlos Neiva.<\/p>\n<p style=\"font-weight: 400; text-align: justify;\">Durante o evento, a Secretaria de Meio Ambiente e Ordenamento Urbano (Semaurb) e Ag\u00eancia de Desenvolvimento Econ\u00f4mico, Agricultura e Pecu\u00e1ria de Juazeiro (Adeap) realizaram exposi\u00e7\u00e3o de produtos aos visitantes.<\/p>\n\n\n<p>Ascom PMJ<\/p>\n","protected":false},"excerpt":{"rendered":"<p>A prefeita Suzana Ramos participou nesta quarta-feira (14), no audit\u00f3rio do Sesi Juazeiro, do lan\u00e7amento do Projeto de Desenvolvimento Federativo (PDF), promovido pela Superintend\u00eancia do Desenvolvimento do Nordeste (Sudene), que tem por objetivo contribuir para impulsionar a\u00e7\u00f5es de desenvolvimento e para a melhoria da gest\u00e3o p\u00fablica em munic\u00edpios que apresentam maiores fragilidades em seus indicadores [&hellip;]<\/p>\n","protected":false},"author":1,"featured_media":42483,"comment_status":"closed","ping_status":"open","sticky":false,"template":"","format":"standard","meta":{"_uag_custom_page_level_css":"","_monsterinsights_skip_tracking":false,"_monsterinsights_sitenote_active":false,"_monsterinsights_sitenote_note":"","_monsterinsights_sitenote_category":0,"jetpack_post_was_ever_published":false,"_jetpack_newsletter_access":"","_jetpack_dont_email_post_to_subs":false,"_jetpack_newsletter_tier_id":0,"_jetpack_memberships_contains_paywalled_content":false,"_jetpack_memberships_contains_paid_content":false,"footnotes":"","jetpack_publicize_message":"","jetpack_publicize_feature_enabled":true,"jetpack_social_post_already_shared":true,"jetpack_social_options":{"image_generator_settings":{"template":"highway","default_image_id":0,"font":"","enabled":false},"version":2}},"categories":[203],"tags":[],"class_list":["post-42482","post","type-post","status-publish","format-standard","has-post-thumbnail","hentry","category-juazeiro"],"jetpack_publicize_connections":[],"jetpack_featured_media_url":"https:\/\/blogopara.com.br\/wp-content\/uploads\/2022\/09\/Projeto-de-Desenvolvimento-Federativo-10.jpg","uagb_featured_image_src":{"full":["https:\/\/blogopara.com.br\/wp-content\/uploads\/2022\/09\/Projeto-de-Desenvolvimento-Federativo-10.jpg",500,333,false],"thumbnail":["https:\/\/blogopara.com.br\/wp-content\/uploads\/2022\/09\/Projeto-de-Desenvolvimento-Federativo-10-150x150.jpg",150,150,true],"medium":["https:\/\/blogopara.com.br\/wp-content\/uploads\/2022\/09\/Projeto-de-Desenvolvimento-Federativo-10-300x200.jpg",300,200,true],"medium_large":["https:\/\/blogopara.com.br\/wp-content\/uploads\/2022\/09\/Projeto-de-Desenvolvimento-Federativo-10.jpg",500,333,false],"large":["https:\/\/blogopara.com.br\/wp-content\/uploads\/2022\/09\/Projeto-de-Desenvolvimento-Federativo-10.jpg",500,333,false],"1536x1536":["https:\/\/blogopara.com.br\/wp-content\/uploads\/2022\/09\/Projeto-de-Desenvolvimento-Federativo-10.jpg",500,333,false],"2048x2048":["https:\/\/blogopara.com.br\/wp-content\/uploads\/2022\/09\/Projeto-de-Desenvolvimento-Federativo-10.jpg",500,333,false],"mantranews-slider-large":["https:\/\/blogopara.com.br\/wp-content\/uploads\/2022\/09\/Projeto-de-Desenvolvimento-Federativo-10.jpg",500,333,false],"mantranews-featured-medium":["https:\/\/blogopara.com.br\/wp-content\/uploads\/2022\/09\/Projeto-de-Desenvolvimento-Federativo-10-420x307.jpg",420,307,true],"mantranews-featured-long":["https:\/\/blogopara.com.br\/wp-content\/uploads\/2022\/09\/Projeto-de-Desenvolvimento-Federativo-10-300x333.jpg",300,333,true],"mantranews-block-medium":["https:\/\/blogopara.com.br\/wp-content\/uploads\/2022\/09\/Projeto-de-Desenvolvimento-Federativo-10-464x290.jpg",464,290,true],"mantranews-carousel-image":["https:\/\/blogopara.com.br\/wp-content\/uploads\/2022\/09\/Projeto-de-Desenvolvimento-Federativo-10.jpg",500,333,false],"mantranews-block-thumb":["https:\/\/blogopara.com.br\/wp-content\/uploads\/2022\/09\/Projeto-de-Desenvolvimento-Federativo-10-322x230.jpg",322,230,true],"mantranews-single-large":["https:\/\/blogopara.com.br\/wp-content\/uploads\/2022\/09\/Projeto-de-Desenvolvimento-Federativo-10.jpg",500,333,false]},"uagb_author_info":{"display_name":"Reda\u00e7\u00e3o geral","author_link":"https:\/\/blogopara.com.br\/index.php\/author\/blogopara"},"uagb_comment_info":0,"uagb_excerpt":"A prefeita Suzana Ramos participou nesta quarta-feira (14), no audit\u00f3rio do Sesi Juazeiro, do lan\u00e7amento do Projeto de Desenvolvimento Federativo (PDF), promovido pela Superintend\u00eancia do Desenvolvimento do Nordeste (Sudene), que tem por objetivo contribuir para impulsionar a\u00e7\u00f5es de desenvolvimento e para a melhoria da gest\u00e3o p\u00fablica em munic\u00edpios que apresentam maiores fragilidades em seus indicadores&hellip;","jetpack_sharing_enabled":true,"jetpack_likes_enabled":true,"_links":{"self":[{"href":"https:\/\/blogopara.com.br\/index.php\/wp-json\/wp\/v2\/posts\/42482","targetHints":{"allow":["GET"]}}],"collection":[{"href":"https:\/\/blogopara.com.br\/index.php\/wp-json\/wp\/v2\/posts"}],"about":[{"href":"https:\/\/blogopara.com.br\/index.php\/wp-json\/wp\/v2\/types\/post"}],"author":[{"embeddable":true,"href":"https:\/\/blogopara.com.br\/index.php\/wp-json\/wp\/v2\/users\/1"}],"replies":[{"embeddable":true,"href":"https:\/\/blogopara.com.br\/index.php\/wp-json\/wp\/v2\/comments?post=42482"}],"version-history":[{"count":1,"href":"https:\/\/blogopara.com.br\/index.php\/wp-json\/wp\/v2\/posts\/42482\/revisions"}],"predecessor-version":[{"id":42484,"href":"https:\/\/blogopara.com.br\/index.php\/wp-json\/wp\/v2\/posts\/42482\/revisions\/42484"}],"wp:featuredmedia":[{"embeddable":true,"href":"https:\/\/blogopara.com.br\/index.php\/wp-json\/wp\/v2\/media\/42483"}],"wp:attachment":[{"href":"https:\/\/blogopara.com.br\/index.php\/wp-json\/wp\/v2\/media?parent=42482"}],"wp:term":[{"taxonomy":"category","embeddable":true,"href":"https:\/\/blogopara.com.br\/index.php\/wp-json\/wp\/v2\/categories?post=42482"},{"taxonomy":"post_tag","embeddable":true,"href":"https:\/\/blogopara.com.br\/index.php\/wp-json\/wp\/v2\/tags?post=42482"}],"curies":[{"name":"wp","href":"https:\/\/api.w.org\/{rel}","templated":true}]}}