{"id":42485,"date":"2022-09-15T20:10:00","date_gmt":"2022-09-15T23:10:00","guid":{"rendered":"https:\/\/blogopara.com.br\/?p=42485"},"modified":"2022-09-15T10:06:55","modified_gmt":"2022-09-15T13:06:55","slug":"milhares-de-pessoas-visitam-caixao-da-rainha-em-velorio-publico","status":"publish","type":"post","link":"https:\/\/blogopara.com.br\/index.php\/2022\/09\/15\/milhares-de-pessoas-visitam-caixao-da-rainha-em-velorio-publico","title":{"rendered":"Milhares de pessoas visitam caix\u00e3o da rainha em vel\u00f3rio p\u00fablico"},"content":{"rendered":"<p style=\"text-align: justify;\">Uma multid\u00e3o enlutada passou pelo caix\u00e3o da rainha Elizabeth II durante a noite em vel\u00f3rio p\u00fablico no Westminster Hall, em Londres. Os brit\u00e2nicos, al\u00e9m de pessoas do mundo&nbsp;inteiro,&nbsp;prestaram assim&nbsp;as homenagens finais \u00e0 monarca com o reinado mais longo da hist\u00f3ria do Reino Unido, antes de seu funeral na pr\u00f3xima segunda-feira (19).<img decoding=\"async\" src=\"https:\/\/agenciabrasil.ebc.com.br\/ebc.png?id=1482464&amp;o=node\"><img decoding=\"async\" src=\"https:\/\/agenciabrasil.ebc.com.br\/ebc.gif?id=1482464&amp;o=node\"><\/p>\n<p style=\"text-align: justify;\">Ap\u00f3s dias de prociss\u00f5es e rituais, enquanto o corpo da rainha era levado at\u00e9 Londres, procedente de Balmoral, na Esc\u00f3cia, onde morreu na \u00faltima quinta-feira (8) aos 96 anos, essa foi a oportunidade para que o povo comum participasse da cerim\u00f4nia. Muitos passaram em l\u00e1grimas pelo caix\u00e3o revestido de bandeiras.<\/p>\n<p style=\"text-align: justify;\">Autoridades esperam cerca de 750 mil pessoas at\u00e9 o fim&nbsp;do vel\u00f3rio p\u00fablico na manh\u00e3 de segunda-feira.<\/p>\n<p style=\"text-align: justify;\">O rei Charles, seus filhos, os pr\u00edncipes William e Harry, e outros membros da realeza se juntaram mais cedo a uma prociss\u00e3o solene para acompanhar o caix\u00e3o da rainha Elizabeth nessa quarta-feira, dia em que o corpo da monarca fez sua \u00faltima viagem, saindo do Pal\u00e1cio de Buckingham.<\/p>\n<p style=\"text-align: justify;\">Multid\u00f5es se reuniram no centro de Londres para testemunhar a rainha sendo levada do pal\u00e1cio at\u00e9 o Parlamento, enquanto as armas de artilharia disparavam sauda\u00e7\u00f5es e o Big Ben tocava, na \u00faltima de uma s\u00e9rie de cerim\u00f4nias comoventes.<\/p>\n<p style=\"text-align: justify;\">Transportado em uma carruagem de armas, coberto pela bandeira chamada de Estandarte Real&nbsp; e com a Coroa do Estado Imperial colocada em uma almofada no topo ao lado de uma coroa de flores, o caix\u00e3o com o&nbsp;corpo de Elizabeth foi levado em lenta e sombria prociss\u00e3o de sua casa em Londres para o Westminster Hall, onde permanecer\u00e1 por quatro dias.<\/p>\n<p style=\"text-align: justify;\">Caminhando logo atr\u00e1s estavam Charles e seus irm\u00e3os&nbsp;Anne, Andrew e Edward.<\/p>\n<p style=\"text-align: justify;\">Em um segundo grupo estavam os filhos de Charles, os pr\u00edncipes William e Harry, uma cena triste, que lembrou o dia em que, quando meninos h\u00e1 25 anos, eles seguiram o caix\u00e3o da m\u00e3e, a princesa Diana, levado em uma prociss\u00e3o semelhante pelo centro da capital inglesa.<\/p>\n<p style=\"text-align: justify;\">Foi tamb\u00e9m uma demonstra\u00e7\u00e3o simb\u00f3lica de uni\u00e3o, j\u00e1 que William, de 40 anos de idade, agora pr\u00edncipe de Gales, e Harry, de 37, duque de Sussex, supostamente pouco se falam depois de um amargo desentendimento nos \u00faltimos dois anos.<\/p>\n<p style=\"text-align: justify;\">&#8220;Foi muito emocionante ver a fam\u00edlia. Foi uma poderosa demonstra\u00e7\u00e3o de uni\u00e3o&#8221;, disse Jenny Frame, de 54 anos, que esperou mais de quatro horas para ver a prociss\u00e3o.<\/p>\n<p style=\"text-align: justify;\">Paul Wiltshire, de 65, comentou: &#8220;Acho que nunca mais veremos algo assim, ou uma rainha assim novamente. O fim de uma era&#8221;.<\/p>\n","protected":false},"excerpt":{"rendered":"<p>Uma multid\u00e3o enlutada passou pelo caix\u00e3o da rainha Elizabeth II durante a noite em vel\u00f3rio p\u00fablico no Westminster Hall, em Londres. Os brit\u00e2nicos, al\u00e9m de pessoas do mundo&nbsp;inteiro,&nbsp;prestaram assim&nbsp;as homenagens finais \u00e0 monarca com o reinado mais longo da hist\u00f3ria do Reino Unido, antes de seu funeral na pr\u00f3xima segunda-feira (19). Ap\u00f3s dias de prociss\u00f5es [&hellip;]<\/p>\n","protected":false},"author":1,"featured_media":42486,"comment_status":"closed","ping_status":"open","sticky":false,"template":"","format":"standard","meta":{"_uag_custom_page_level_css":"","_monsterinsights_skip_tracking":false,"_monsterinsights_sitenote_active":false,"_monsterinsights_sitenote_note":"","_monsterinsights_sitenote_category":0,"jetpack_post_was_ever_published":false,"_jetpack_newsletter_access":"","_jetpack_dont_email_post_to_subs":false,"_jetpack_newsletter_tier_id":0,"_jetpack_memberships_contains_paywalled_content":false,"_jetpack_memberships_contains_paid_content":false,"footnotes":"","jetpack_publicize_message":"","jetpack_publicize_feature_enabled":true,"jetpack_social_post_already_shared":true,"jetpack_social_options":{"image_generator_settings":{"template":"highway","default_image_id":0,"font":"","enabled":false},"version":2}},"categories":[273],"tags":[],"class_list":["post-42485","post","type-post","status-publish","format-standard","has-post-thumbnail","hentry","category-mundo"],"jetpack_publicize_connections":[],"jetpack_featured_media_url":"https:\/\/blogopara.com.br\/wp-content\/uploads\/2022\/09\/WhatsApp-Image-2022-09-15-at-09.52.39.jpg","uagb_featured_image_src":{"full":["https:\/\/blogopara.com.br\/wp-content\/uploads\/2022\/09\/WhatsApp-Image-2022-09-15-at-09.52.39.jpg",500,303,false],"thumbnail":["https:\/\/blogopara.com.br\/wp-content\/uploads\/2022\/09\/WhatsApp-Image-2022-09-15-at-09.52.39-150x150.jpg",150,150,true],"medium":["https:\/\/blogopara.com.br\/wp-content\/uploads\/2022\/09\/WhatsApp-Image-2022-09-15-at-09.52.39-300x182.jpg",300,182,true],"medium_large":["https:\/\/blogopara.com.br\/wp-content\/uploads\/2022\/09\/WhatsApp-Image-2022-09-15-at-09.52.39.jpg",500,303,false],"large":["https:\/\/blogopara.com.br\/wp-content\/uploads\/2022\/09\/WhatsApp-Image-2022-09-15-at-09.52.39.jpg",500,303,false],"1536x1536":["https:\/\/blogopara.com.br\/wp-content\/uploads\/2022\/09\/WhatsApp-Image-2022-09-15-at-09.52.39.jpg",500,303,false],"2048x2048":["https:\/\/blogopara.com.br\/wp-content\/uploads\/2022\/09\/WhatsApp-Image-2022-09-15-at-09.52.39.jpg",500,303,false],"mantranews-slider-large":["https:\/\/blogopara.com.br\/wp-content\/uploads\/2022\/09\/WhatsApp-Image-2022-09-15-at-09.52.39.jpg",500,303,false],"mantranews-featured-medium":["https:\/\/blogopara.com.br\/wp-content\/uploads\/2022\/09\/WhatsApp-Image-2022-09-15-at-09.52.39-420x303.jpg",420,303,true],"mantranews-featured-long":["https:\/\/blogopara.com.br\/wp-content\/uploads\/2022\/09\/WhatsApp-Image-2022-09-15-at-09.52.39-300x303.jpg",300,303,true],"mantranews-block-medium":["https:\/\/blogopara.com.br\/wp-content\/uploads\/2022\/09\/WhatsApp-Image-2022-09-15-at-09.52.39-464x290.jpg",464,290,true],"mantranews-carousel-image":["https:\/\/blogopara.com.br\/wp-content\/uploads\/2022\/09\/WhatsApp-Image-2022-09-15-at-09.52.39.jpg",500,303,false],"mantranews-block-thumb":["https:\/\/blogopara.com.br\/wp-content\/uploads\/2022\/09\/WhatsApp-Image-2022-09-15-at-09.52.39-322x230.jpg",322,230,true],"mantranews-single-large":["https:\/\/blogopara.com.br\/wp-content\/uploads\/2022\/09\/WhatsApp-Image-2022-09-15-at-09.52.39.jpg",500,303,false]},"uagb_author_info":{"display_name":"Reda\u00e7\u00e3o geral","author_link":"https:\/\/blogopara.com.br\/index.php\/author\/blogopara"},"uagb_comment_info":0,"uagb_excerpt":"Uma multid\u00e3o enlutada passou pelo caix\u00e3o da rainha Elizabeth II durante a noite em vel\u00f3rio p\u00fablico no Westminster Hall, em Londres. Os brit\u00e2nicos, al\u00e9m de pessoas do mundo&nbsp;inteiro,&nbsp;prestaram assim&nbsp;as homenagens finais \u00e0 monarca com o reinado mais longo da hist\u00f3ria do Reino Unido, antes de seu funeral na pr\u00f3xima segunda-feira (19). Ap\u00f3s dias de prociss\u00f5es&hellip;","jetpack_sharing_enabled":true,"jetpack_likes_enabled":true,"_links":{"self":[{"href":"https:\/\/blogopara.com.br\/index.php\/wp-json\/wp\/v2\/posts\/42485","targetHints":{"allow":["GET"]}}],"collection":[{"href":"https:\/\/blogopara.com.br\/index.php\/wp-json\/wp\/v2\/posts"}],"about":[{"href":"https:\/\/blogopara.com.br\/index.php\/wp-json\/wp\/v2\/types\/post"}],"author":[{"embeddable":true,"href":"https:\/\/blogopara.com.br\/index.php\/wp-json\/wp\/v2\/users\/1"}],"replies":[{"embeddable":true,"href":"https:\/\/blogopara.com.br\/index.php\/wp-json\/wp\/v2\/comments?post=42485"}],"version-history":[{"count":2,"href":"https:\/\/blogopara.com.br\/index.php\/wp-json\/wp\/v2\/posts\/42485\/revisions"}],"predecessor-version":[{"id":42488,"href":"https:\/\/blogopara.com.br\/index.php\/wp-json\/wp\/v2\/posts\/42485\/revisions\/42488"}],"wp:featuredmedia":[{"embeddable":true,"href":"https:\/\/blogopara.com.br\/index.php\/wp-json\/wp\/v2\/media\/42486"}],"wp:attachment":[{"href":"https:\/\/blogopara.com.br\/index.php\/wp-json\/wp\/v2\/media?parent=42485"}],"wp:term":[{"taxonomy":"category","embeddable":true,"href":"https:\/\/blogopara.com.br\/index.php\/wp-json\/wp\/v2\/categories?post=42485"},{"taxonomy":"post_tag","embeddable":true,"href":"https:\/\/blogopara.com.br\/index.php\/wp-json\/wp\/v2\/tags?post=42485"}],"curies":[{"name":"wp","href":"https:\/\/api.w.org\/{rel}","templated":true}]}}