{"id":4250,"date":"2019-10-28T12:46:15","date_gmt":"2019-10-28T15:46:15","guid":{"rendered":"http:\/\/blogopara.com.br\/?p=4250"},"modified":"2019-10-28T12:53:18","modified_gmt":"2019-10-28T15:53:18","slug":"juazeiro-dia-do-servidor-prefeitura-e-camara-nao-realizam-concurso-publico","status":"publish","type":"post","link":"https:\/\/blogopara.com.br\/index.php\/2019\/10\/28\/juazeiro-dia-do-servidor-prefeitura-e-camara-nao-realizam-concurso-publico","title":{"rendered":"JUAZEIRO: DIA DO SERVIDOR. PREFEITURA E C\u00c2MARA N\u00c3O REALIZAM CONCURSO P\u00daBLICO."},"content":{"rendered":"<p style=\"text-align: justify;\">No Dia do Servidor P\u00fablico, o que temos na Prefeitura de Juazeiro em todos os setores \u00e9 o excesso de servidores contratados, assim como na C\u00e2mara de Vereadores, sendo essa a t\u00f4nica dos dois gestores, o prefeito Paulo Bomfim (PCdoB) e o vereador Alex Tanuri (PSL).<\/p>\n<p style=\"text-align: justify;\">Praticamente todas as secretarias funcionam com a folha inchada de contratados. A pr\u00e1tica nefasta fica mais evidente em ano de elei\u00e7\u00e3o, os contratos viram moeda de troca pol\u00edtica.<\/p>\n<p style=\"text-align: justify;\">O Minist\u00e9rio P\u00fablico Estadual (MPE), informou que existia no ano de 2018, 900 professores contratados, mas somente foi realizado concurso para pouco mais de 200 profissionais. Diante desta situa\u00e7\u00e3o, o munic\u00edpio ficou livre para contratar mais de 2\/3 de professores. A Secretaria de Educa\u00e7\u00e3o continua convocando professores contratados, ignorando completamente a ordem do Minist\u00e9rio P\u00fablico.<\/p>\n<p style=\"text-align: justify;\">Na C\u00e2mara de Vereadores a situa\u00e7\u00e3o \u00e9 ainda pior, s\u00e3o cerca de 400 contratados, sem nenhum tipo de sele\u00e7\u00e3o, com o apadrinhamento pol\u00edtico muito forte, que tem como consequ\u00eancia uma m\u00e1 presta\u00e7\u00e3o de servi\u00e7o, precariza\u00e7\u00e3o e gastos superior a R$ 800 mil reais por m\u00eas. A C\u00e2mara nunca realizou concurso p\u00fablico.<\/p>\n","protected":false},"excerpt":{"rendered":"<p>No Dia do Servidor P\u00fablico, o que temos na Prefeitura de Juazeiro em todos os setores \u00e9 o excesso de servidores contratados, assim como na C\u00e2mara de Vereadores, sendo essa a t\u00f4nica dos dois gestores, o prefeito Paulo Bomfim (PCdoB) e o vereador Alex Tanuri (PSL). Praticamente todas as secretarias funcionam com a folha inchada [&hellip;]<\/p>\n","protected":false},"author":1,"featured_media":4254,"comment_status":"open","ping_status":"open","sticky":false,"template":"","format":"standard","meta":{"_uag_custom_page_level_css":"","_monsterinsights_skip_tracking":false,"_monsterinsights_sitenote_active":false,"_monsterinsights_sitenote_note":"","_monsterinsights_sitenote_category":0,"jetpack_post_was_ever_published":false,"_jetpack_newsletter_access":"","_jetpack_dont_email_post_to_subs":false,"_jetpack_newsletter_tier_id":0,"_jetpack_memberships_contains_paywalled_content":false,"_jetpack_memberships_contains_paid_content":false,"footnotes":"","jetpack_publicize_message":"","jetpack_publicize_feature_enabled":true,"jetpack_social_post_already_shared":true,"jetpack_social_options":{"image_generator_settings":{"template":"highway","default_image_id":0,"font":"","enabled":false},"version":2}},"categories":[203],"tags":[338,592,1039,340],"class_list":["post-4250","post","type-post","status-publish","format-standard","has-post-thumbnail","hentry","category-juazeiro","tag-camara-de-vereadores","tag-concurso-publico","tag-dia-do-servidor","tag-prefeitura-de-juazeiro"],"jetpack_publicize_connections":[],"jetpack_featured_media_url":"https:\/\/blogopara.com.br\/wp-content\/uploads\/2019\/10\/DIFEREN\u00c7AS-E-SEMELHAN\u00c7AS-PAULO-BOMFIM-E-BOLSONARO-14.jpg","uagb_featured_image_src":{"full":["https:\/\/blogopara.com.br\/wp-content\/uploads\/2019\/10\/DIFEREN\u00c7AS-E-SEMELHAN\u00c7AS-PAULO-BOMFIM-E-BOLSONARO-14.jpg",1080,1080,false],"thumbnail":["https:\/\/blogopara.com.br\/wp-content\/uploads\/2019\/10\/DIFEREN\u00c7AS-E-SEMELHAN\u00c7AS-PAULO-BOMFIM-E-BOLSONARO-14-150x150.jpg",150,150,true],"medium":["https:\/\/blogopara.com.br\/wp-content\/uploads\/2019\/10\/DIFEREN\u00c7AS-E-SEMELHAN\u00c7AS-PAULO-BOMFIM-E-BOLSONARO-14-300x300.jpg",300,300,true],"medium_large":["https:\/\/blogopara.com.br\/wp-content\/uploads\/2019\/10\/DIFEREN\u00c7AS-E-SEMELHAN\u00c7AS-PAULO-BOMFIM-E-BOLSONARO-14-768x768.jpg",640,640,true],"large":["https:\/\/blogopara.com.br\/wp-content\/uploads\/2019\/10\/DIFEREN\u00c7AS-E-SEMELHAN\u00c7AS-PAULO-BOMFIM-E-BOLSONARO-14-1024x1024.jpg",640,640,true],"1536x1536":["https:\/\/blogopara.com.br\/wp-content\/uploads\/2019\/10\/DIFEREN\u00c7AS-E-SEMELHAN\u00c7AS-PAULO-BOMFIM-E-BOLSONARO-14.jpg",1080,1080,false],"2048x2048":["https:\/\/blogopara.com.br\/wp-content\/uploads\/2019\/10\/DIFEREN\u00c7AS-E-SEMELHAN\u00c7AS-PAULO-BOMFIM-E-BOLSONARO-14.jpg",1080,1080,false],"mantranews-slider-large":["https:\/\/blogopara.com.br\/wp-content\/uploads\/2019\/10\/DIFEREN\u00c7AS-E-SEMELHAN\u00c7AS-PAULO-BOMFIM-E-BOLSONARO-14.jpg",741,741,false],"mantranews-featured-medium":["https:\/\/blogopara.com.br\/wp-content\/uploads\/2019\/10\/DIFEREN\u00c7AS-E-SEMELHAN\u00c7AS-PAULO-BOMFIM-E-BOLSONARO-14.jpg",307,307,false],"mantranews-featured-long":["https:\/\/blogopara.com.br\/wp-content\/uploads\/2019\/10\/DIFEREN\u00c7AS-E-SEMELHAN\u00c7AS-PAULO-BOMFIM-E-BOLSONARO-14.jpg",300,300,false],"mantranews-block-medium":["https:\/\/blogopara.com.br\/wp-content\/uploads\/2019\/10\/DIFEREN\u00c7AS-E-SEMELHAN\u00c7AS-PAULO-BOMFIM-E-BOLSONARO-14.jpg",290,290,false],"mantranews-carousel-image":["https:\/\/blogopara.com.br\/wp-content\/uploads\/2019\/10\/DIFEREN\u00c7AS-E-SEMELHAN\u00c7AS-PAULO-BOMFIM-E-BOLSONARO-14.jpg",500,500,false],"mantranews-block-thumb":["https:\/\/blogopara.com.br\/wp-content\/uploads\/2019\/10\/DIFEREN\u00c7AS-E-SEMELHAN\u00c7AS-PAULO-BOMFIM-E-BOLSONARO-14.jpg",230,230,false],"mantranews-single-large":["https:\/\/blogopara.com.br\/wp-content\/uploads\/2019\/10\/DIFEREN\u00c7AS-E-SEMELHAN\u00c7AS-PAULO-BOMFIM-E-BOLSONARO-14.jpg",642,642,false]},"uagb_author_info":{"display_name":"Reda\u00e7\u00e3o geral","author_link":"https:\/\/blogopara.com.br\/index.php\/author\/blogopara"},"uagb_comment_info":2,"uagb_excerpt":"No Dia do Servidor P\u00fablico, o que temos na Prefeitura de Juazeiro em todos os setores \u00e9 o excesso de servidores contratados, assim como na C\u00e2mara de Vereadores, sendo essa a t\u00f4nica dos dois gestores, o prefeito Paulo Bomfim (PCdoB) e o vereador Alex Tanuri (PSL). Praticamente todas as secretarias funcionam com a folha inchada&hellip;","jetpack_sharing_enabled":true,"jetpack_likes_enabled":true,"_links":{"self":[{"href":"https:\/\/blogopara.com.br\/index.php\/wp-json\/wp\/v2\/posts\/4250","targetHints":{"allow":["GET"]}}],"collection":[{"href":"https:\/\/blogopara.com.br\/index.php\/wp-json\/wp\/v2\/posts"}],"about":[{"href":"https:\/\/blogopara.com.br\/index.php\/wp-json\/wp\/v2\/types\/post"}],"author":[{"embeddable":true,"href":"https:\/\/blogopara.com.br\/index.php\/wp-json\/wp\/v2\/users\/1"}],"replies":[{"embeddable":true,"href":"https:\/\/blogopara.com.br\/index.php\/wp-json\/wp\/v2\/comments?post=4250"}],"version-history":[{"count":1,"href":"https:\/\/blogopara.com.br\/index.php\/wp-json\/wp\/v2\/posts\/4250\/revisions"}],"predecessor-version":[{"id":4252,"href":"https:\/\/blogopara.com.br\/index.php\/wp-json\/wp\/v2\/posts\/4250\/revisions\/4252"}],"wp:featuredmedia":[{"embeddable":true,"href":"https:\/\/blogopara.com.br\/index.php\/wp-json\/wp\/v2\/media\/4254"}],"wp:attachment":[{"href":"https:\/\/blogopara.com.br\/index.php\/wp-json\/wp\/v2\/media?parent=4250"}],"wp:term":[{"taxonomy":"category","embeddable":true,"href":"https:\/\/blogopara.com.br\/index.php\/wp-json\/wp\/v2\/categories?post=4250"},{"taxonomy":"post_tag","embeddable":true,"href":"https:\/\/blogopara.com.br\/index.php\/wp-json\/wp\/v2\/tags?post=4250"}],"curies":[{"name":"wp","href":"https:\/\/api.w.org\/{rel}","templated":true}]}}