{"id":42518,"date":"2022-09-16T07:35:00","date_gmt":"2022-09-16T10:35:00","guid":{"rendered":"https:\/\/blogopara.com.br\/?p=42518"},"modified":"2022-09-15T22:36:00","modified_gmt":"2022-09-16T01:36:00","slug":"tre-ba-inseminacao-das-urnas-eletronicas-tem-inicio-na-segunda-feira","status":"publish","type":"post","link":"https:\/\/blogopara.com.br\/index.php\/2022\/09\/16\/tre-ba-inseminacao-das-urnas-eletronicas-tem-inicio-na-segunda-feira","title":{"rendered":"TRE-BA: Insemina\u00e7\u00e3o das urnas eletr\u00f4nicas tem in\u00edcio na segunda-feira"},"content":{"rendered":"<p style=\"text-align: justify;\">O Tribunal Regional Eleitoral da Bahia (TRE-BA) dar\u00e1 in\u00edcio, na segunda-feira, 19, ao trabalho de insemina\u00e7\u00e3o das urnas eletr\u00f4nicas que ser\u00e3o utilizadas nas Elei\u00e7\u00f5es Gerais de outubro. Em Salvador, a cerim\u00f4nia ser\u00e1 realizada a partir das 8h, no Centro de Apoio T\u00e9cnico (CAT) do TRE-BA, localizado na BR-324, em Porto Seco Piraj\u00e1. J\u00e1 no interior, o procedimento ocorrer\u00e1 nos cart\u00f3rios eleitorais, nos polos de inform\u00e1tica do Eleitoral baiano ou em outros locais determinados pelos ju\u00edzes eleitorais.\u00a0<\/p>\n<p style=\"text-align: justify;\">Na fase de \u201cinsemina\u00e7\u00e3o\u201d, as urnas eletr\u00f4nicas recebem os sistemas operacionais, de vota\u00e7\u00e3o e de justificativa, assim como as listas de eleitores e candidatos. Ao final da carga, ser\u00e3o colocados os lacres f\u00edsicos.<\/p>\n<p style=\"text-align: justify;\">Tamb\u00e9m \u00e9 durante essa cerim\u00f4nia que ocorre a verifica\u00e7\u00e3o da integridade e da autenticidade dos sistemas.\u00a0<\/p>\n<p style=\"text-align: justify;\">O procedimento segue a Resolu\u00e7\u00e3o TSE n\u00ba 23.669\/2021 e, conforme cronograma de prepara\u00e7\u00e3o das urnas, dispon\u00edvel no site do TRE-BA, o trabalho de insemina\u00e7\u00e3o dever\u00e1 ser finalizado por todas as zonas eleitorais da Bahia at\u00e9 29 de setembro.<\/p>\n\n\n<p>A Tarde<\/p>\n","protected":false},"excerpt":{"rendered":"<p>O Tribunal Regional Eleitoral da Bahia (TRE-BA) dar\u00e1 in\u00edcio, na segunda-feira, 19, ao trabalho de insemina\u00e7\u00e3o das urnas eletr\u00f4nicas que ser\u00e3o utilizadas nas Elei\u00e7\u00f5es Gerais de outubro. Em Salvador, a cerim\u00f4nia ser\u00e1 realizada a partir das 8h, no Centro de Apoio T\u00e9cnico (CAT) do TRE-BA, localizado na BR-324, em Porto Seco Piraj\u00e1. J\u00e1 no interior, [&hellip;]<\/p>\n","protected":false},"author":1,"featured_media":18179,"comment_status":"closed","ping_status":"open","sticky":false,"template":"","format":"standard","meta":{"_uag_custom_page_level_css":"","_monsterinsights_skip_tracking":false,"_monsterinsights_sitenote_active":false,"_monsterinsights_sitenote_note":"","_monsterinsights_sitenote_category":0,"jetpack_post_was_ever_published":false,"_jetpack_newsletter_access":"","_jetpack_dont_email_post_to_subs":false,"_jetpack_newsletter_tier_id":0,"_jetpack_memberships_contains_paywalled_content":false,"_jetpack_memberships_contains_paid_content":false,"footnotes":"","jetpack_publicize_message":"","jetpack_publicize_feature_enabled":true,"jetpack_social_post_already_shared":true,"jetpack_social_options":{"image_generator_settings":{"template":"highway","default_image_id":0,"font":"","enabled":false},"version":2}},"categories":[10109],"tags":[],"class_list":["post-42518","post","type-post","status-publish","format-standard","has-post-thumbnail","hentry","category-eleicoes-2022"],"jetpack_publicize_connections":[],"jetpack_featured_media_url":"https:\/\/blogopara.com.br\/wp-content\/uploads\/2021\/01\/urna-eletronica.jpg","uagb_featured_image_src":{"full":["https:\/\/blogopara.com.br\/wp-content\/uploads\/2021\/01\/urna-eletronica.jpg",500,281,false],"thumbnail":["https:\/\/blogopara.com.br\/wp-content\/uploads\/2021\/01\/urna-eletronica-150x150.jpg",150,150,true],"medium":["https:\/\/blogopara.com.br\/wp-content\/uploads\/2021\/01\/urna-eletronica-300x169.jpg",300,169,true],"medium_large":["https:\/\/blogopara.com.br\/wp-content\/uploads\/2021\/01\/urna-eletronica.jpg",500,281,false],"large":["https:\/\/blogopara.com.br\/wp-content\/uploads\/2021\/01\/urna-eletronica.jpg",500,281,false],"1536x1536":["https:\/\/blogopara.com.br\/wp-content\/uploads\/2021\/01\/urna-eletronica.jpg",500,281,false],"2048x2048":["https:\/\/blogopara.com.br\/wp-content\/uploads\/2021\/01\/urna-eletronica.jpg",500,281,false],"mantranews-slider-large":["https:\/\/blogopara.com.br\/wp-content\/uploads\/2021\/01\/urna-eletronica.jpg",500,281,false],"mantranews-featured-medium":["https:\/\/blogopara.com.br\/wp-content\/uploads\/2021\/01\/urna-eletronica-420x281.jpg",420,281,true],"mantranews-featured-long":["https:\/\/blogopara.com.br\/wp-content\/uploads\/2021\/01\/urna-eletronica-300x281.jpg",300,281,true],"mantranews-block-medium":["https:\/\/blogopara.com.br\/wp-content\/uploads\/2021\/01\/urna-eletronica-464x281.jpg",464,281,true],"mantranews-carousel-image":["https:\/\/blogopara.com.br\/wp-content\/uploads\/2021\/01\/urna-eletronica.jpg",500,281,false],"mantranews-block-thumb":["https:\/\/blogopara.com.br\/wp-content\/uploads\/2021\/01\/urna-eletronica-322x230.jpg",322,230,true],"mantranews-single-large":["https:\/\/blogopara.com.br\/wp-content\/uploads\/2021\/01\/urna-eletronica.jpg",500,281,false]},"uagb_author_info":{"display_name":"Reda\u00e7\u00e3o geral","author_link":"https:\/\/blogopara.com.br\/index.php\/author\/blogopara"},"uagb_comment_info":0,"uagb_excerpt":"O Tribunal Regional Eleitoral da Bahia (TRE-BA) dar\u00e1 in\u00edcio, na segunda-feira, 19, ao trabalho de insemina\u00e7\u00e3o das urnas eletr\u00f4nicas que ser\u00e3o utilizadas nas Elei\u00e7\u00f5es Gerais de outubro. Em Salvador, a cerim\u00f4nia ser\u00e1 realizada a partir das 8h, no Centro de Apoio T\u00e9cnico (CAT) do TRE-BA, localizado na BR-324, em Porto Seco Piraj\u00e1. J\u00e1 no interior,&hellip;","jetpack_sharing_enabled":true,"jetpack_likes_enabled":true,"_links":{"self":[{"href":"https:\/\/blogopara.com.br\/index.php\/wp-json\/wp\/v2\/posts\/42518","targetHints":{"allow":["GET"]}}],"collection":[{"href":"https:\/\/blogopara.com.br\/index.php\/wp-json\/wp\/v2\/posts"}],"about":[{"href":"https:\/\/blogopara.com.br\/index.php\/wp-json\/wp\/v2\/types\/post"}],"author":[{"embeddable":true,"href":"https:\/\/blogopara.com.br\/index.php\/wp-json\/wp\/v2\/users\/1"}],"replies":[{"embeddable":true,"href":"https:\/\/blogopara.com.br\/index.php\/wp-json\/wp\/v2\/comments?post=42518"}],"version-history":[{"count":1,"href":"https:\/\/blogopara.com.br\/index.php\/wp-json\/wp\/v2\/posts\/42518\/revisions"}],"predecessor-version":[{"id":42519,"href":"https:\/\/blogopara.com.br\/index.php\/wp-json\/wp\/v2\/posts\/42518\/revisions\/42519"}],"wp:featuredmedia":[{"embeddable":true,"href":"https:\/\/blogopara.com.br\/index.php\/wp-json\/wp\/v2\/media\/18179"}],"wp:attachment":[{"href":"https:\/\/blogopara.com.br\/index.php\/wp-json\/wp\/v2\/media?parent=42518"}],"wp:term":[{"taxonomy":"category","embeddable":true,"href":"https:\/\/blogopara.com.br\/index.php\/wp-json\/wp\/v2\/categories?post=42518"},{"taxonomy":"post_tag","embeddable":true,"href":"https:\/\/blogopara.com.br\/index.php\/wp-json\/wp\/v2\/tags?post=42518"}],"curies":[{"name":"wp","href":"https:\/\/api.w.org\/{rel}","templated":true}]}}