{"id":42653,"date":"2022-09-18T17:51:21","date_gmt":"2022-09-18T20:51:21","guid":{"rendered":"https:\/\/blogopara.com.br\/?p=42653"},"modified":"2022-09-18T17:51:23","modified_gmt":"2022-09-18T20:51:23","slug":"ellen-carvalho-pt-vai-ate-os-eleitores-em-um-porta-a-porta-e-participa-de-eventos-nos-distritos-de-itamotinga-e-salitre-em-juazeiro","status":"publish","type":"post","link":"https:\/\/blogopara.com.br\/index.php\/2022\/09\/18\/ellen-carvalho-pt-vai-ate-os-eleitores-em-um-porta-a-porta-e-participa-de-eventos-nos-distritos-de-itamotinga-e-salitre-em-juazeiro","title":{"rendered":"Ellen Carvalho (PT) vai at\u00e9 os eleitores em um &#8216;porta a porta&#8217; e participa de eventos nos distritos de Itamotinga e Salitre, em Juazeiro"},"content":{"rendered":"<p style=\"text-align: justify;\">Neste s\u00e1bado (17), a candidata Ellen Carvalho (PT) participou de um evento promovido pela ACESPOC\u00a0&#8211; Associa\u00e7\u00e3o Cultural, Esportiva e Social dos Policiais Civis e Demais For\u00e7as de Seguran\u00e7a da Regi\u00e3o Norte da Bahia, dirigido aos idosos do bairro Jardim Primavera. Ellen foi homenageada por um grupo de crian\u00e7as, que fizeram uma apresenta\u00e7\u00e3o destacando a mulher do sert\u00e3o.<br aria-hidden=\"true\" \/><br aria-hidden=\"true\" \/>&#8220;Ela \u00e9 uma grande mulher e vai ser maior ainda quando for eleita, porque ela vai ter compromisso conosco do Jardim Primavera. Al\u00e9m disso, ela \u00e9 esposa do ex-prefeito, nosso vaqueiro, que zelou muito por nossa comunidade&#8221;, disse a professora Eva Sena.<br aria-hidden=\"true\" \/><br aria-hidden=\"true\" \/>&#8220;Eu conhe\u00e7o Isaac e a fam\u00edlia de longas datas e, como o presidente da Associa\u00e7\u00e3o dos Agricultores de Tour\u00e3o, estou apoiando Ellen, pois o seu companheiro ajudou muito a nossa comunidade, climatizando as nossas escolas e construindo nossa biblioteca. Ent\u00e3o, confio que ela far\u00e1 o mesmo por n\u00f3s&#8221;, afirmou Francisco de Assis, Chic\u00e3o da Agrovale.<br aria-hidden=\"true\" \/><br aria-hidden=\"true\" \/>&#8220;N\u00f3s j\u00e1 estamos cansados de falsas promessas, ent\u00e3o depositamos nossa esperan\u00e7a nela para melhorar nossa cidade em infraestrutura, educa\u00e7\u00e3o e sa\u00fade&#8221;, declarou a dona de casa Raimunda Lucineide.<br aria-hidden=\"true\" \/><br aria-hidden=\"true\" \/>Em seguida, a candidata e sua comitiva visitaram fam\u00edlias da comunidade do S\u00e3o Jos\u00e9, NH4, em Itamotinga, participaram da Festa do Colono, do NH3, no Projeto Cura\u00e7\u00e1, tamb\u00e9m em Itamotinga, e durante a tarde visitaram a Feira de Caprinos e Ovinos, na comunidade do Junco, Salitre.<br aria-hidden=\"true\" \/><br aria-hidden=\"true\" \/>&#8220;Nestas andan\u00e7as tenho recebido muitas declara\u00e7\u00f5es de confian\u00e7a no nosso projeto, e \u00e9 impressionante o reconhecimento ao trabalho prestado por meu companheiro Isaac Carvalho, o que aumenta nossa responsabilidade. As pessoas pedem a volta de Isaac para governar Juazeiro e n\u00f3s afirmamos que agora \u00e9 Ellen pela Bahia, mas em 2024 Ellen \u00e9 Isaac para o nosso munic\u00edpio retomar o crescimento. Vamos garantir esta candidatura para Isaac voltar mais forte em 2024. Me sinto cada dia mais fortalecida e preparada para essa miss\u00e3o que abracei. N\u00f3s vamos levar as demandas do povo do norte baiano para a Assembleia Legislativa, vamo<\/p>\n<p style=\"text-align: justify;\">Neste s\u00e1bado (17), a candidata Ellen Carvalho (PT) participou de um evento promovido pela ACESPOC &#8211; Associa\u00e7\u00e3o Cultural, Esportiva e Social dos Policiais Civis e Demais For\u00e7as de Seguran\u00e7a da Regi\u00e3o Norte da Bahia, dirigido aos idosos do bairro Jardim Primavera. Ellen foi homenageada por um grupo de crian\u00e7as, que fizeram uma apresenta\u00e7\u00e3o destacando a mulher do sert\u00e3o.<\/p>\n<p style=\"text-align: justify;\">&#8220;Ela \u00e9 uma grande mulher e vai ser maior ainda quando for eleita, porque ela vai ter compromisso conosco do Jardim Primavera. Al\u00e9m disso, ela \u00e9 esposa do ex-prefeito, nosso vaqueiro, que zelou muito por nossa comunidade&#8221;, disse a professora Eva Sena.<\/p>\n<p style=\"text-align: justify;\">&#8220;Eu conhe\u00e7o Isaac e a fam\u00edlia de longas datas e, como o presidente da Associa\u00e7\u00e3o dos Agricultores de Tour\u00e3o, estou apoiando Ellen, pois o seu companheiro ajudou muito a nossa comunidade, climatizando as nossas escolas e construindo nossa biblioteca. Ent\u00e3o, confio que ela far\u00e1 o mesmo por n\u00f3s&#8221;, afirmou Francisco de Assis, Chic\u00e3o da Agrovale.<\/p>\n<p style=\"text-align: justify;\">&#8220;N\u00f3s j\u00e1 estamos cansados de falsas promessas, ent\u00e3o depositamos nossa esperan\u00e7a nela para melhorar nossa cidade em infraestrutura, educa\u00e7\u00e3o e sa\u00fade&#8221;, declarou a dona de casa Raimunda Lucineide.<\/p>\n<p style=\"text-align: justify;\">Em seguida, a candidata e sua comitiva visitaram fam\u00edlias da comunidade do S\u00e3o Jos\u00e9, NH4, em Itamotinga, participaram da Festa do Colono, do NH3, no Projeto Cura\u00e7\u00e1, tamb\u00e9m em Itamotinga, e durante a tarde visitaram a Feira de Caprinos e Ovinos, na comunidade do Junco, Salitre.<\/p>\n<p style=\"text-align: justify;\">&#8220;Nestas andan\u00e7as tenho recebido muitas declara\u00e7\u00f5es de confian\u00e7a no nosso projeto, e \u00e9 impressionante o reconhecimento ao trabalho prestado por meu companheiro Isaac Carvalho, o que aumenta nossa responsabilidade. As pessoas pedem a volta de Isaac para governar Juazeiro e n\u00f3s afirmamos que agora \u00e9 Ellen pela Bahia, mas em 2024 Ellen \u00e9 Isaac para o nosso munic\u00edpio retomar o crescimento. Vamos garantir esta candidatura para Isaac voltar mais forte em 2024. Me sinto cada dia mais fortalecida e preparada para essa miss\u00e3o que abracei. N\u00f3s vamos levar as demandas do povo do norte baiano para a Assembleia Legislativa, vamos ter nosso assento e nossa voz firme no parlamento&#8221;, disse Ellen.<\/p>\n<p style=\"text-align: justify;\">Neste domingo (18), Ellen Carvalho participou de um porta a porta do time de Lula e de Isaac Carvalho no Residencial S\u00e3o Francisco, em Juazeiro, e no distrito de Pinh\u00f5es.<\/p>\n<p style=\"text-align: justify;\">Ascom\/Ellen Carvalho<\/p>\n<p style=\"text-align: justify;\">s ter nosso assento e nossa voz firme no parlamento&#8221;, disse Ellen.<br aria-hidden=\"true\" \/><br aria-hidden=\"true\" \/>Neste domingo (18), Ellen Carvalho participou de um porta a porta do time de Lula e de Isaac Carvalho no Residencial S\u00e3o Francisco, em Juazeiro, e no distrito de Pinh\u00f5es.<br aria-hidden=\"true\" \/><br aria-hidden=\"true\" \/><b>Ascom\/Ellen Carvalho<\/b><\/p>\n","protected":false},"excerpt":{"rendered":"<p>Neste s\u00e1bado (17), a candidata Ellen Carvalho (PT) participou de um evento promovido pela ACESPOC\u00a0&#8211; Associa\u00e7\u00e3o Cultural, Esportiva e Social dos Policiais Civis e Demais For\u00e7as de Seguran\u00e7a da Regi\u00e3o Norte da Bahia, dirigido aos idosos do bairro Jardim Primavera. Ellen foi homenageada por um grupo de crian\u00e7as, que fizeram uma apresenta\u00e7\u00e3o destacando a mulher [&hellip;]<\/p>\n","protected":false},"author":1,"featured_media":42655,"comment_status":"closed","ping_status":"open","sticky":false,"template":"","format":"standard","meta":{"_uag_custom_page_level_css":"","_monsterinsights_skip_tracking":false,"_monsterinsights_sitenote_active":false,"_monsterinsights_sitenote_note":"","_monsterinsights_sitenote_category":0,"jetpack_post_was_ever_published":false,"_jetpack_newsletter_access":"","_jetpack_dont_email_post_to_subs":false,"_jetpack_newsletter_tier_id":0,"_jetpack_memberships_contains_paywalled_content":false,"_jetpack_memberships_contains_paid_content":false,"footnotes":"","jetpack_publicize_message":"","jetpack_publicize_feature_enabled":true,"jetpack_social_post_already_shared":true,"jetpack_social_options":{"image_generator_settings":{"template":"highway","default_image_id":0,"font":"","enabled":false},"version":2}},"categories":[10109,203],"tags":[],"class_list":["post-42653","post","type-post","status-publish","format-standard","has-post-thumbnail","hentry","category-eleicoes-2022","category-juazeiro"],"jetpack_publicize_connections":[],"jetpack_featured_media_url":"https:\/\/blogopara.com.br\/wp-content\/uploads\/2022\/09\/EllenItamotingaeSalitre.jpeg","uagb_featured_image_src":{"full":["https:\/\/blogopara.com.br\/wp-content\/uploads\/2022\/09\/EllenItamotingaeSalitre.jpeg",500,888,false],"thumbnail":["https:\/\/blogopara.com.br\/wp-content\/uploads\/2022\/09\/EllenItamotingaeSalitre-150x150.jpeg",150,150,true],"medium":["https:\/\/blogopara.com.br\/wp-content\/uploads\/2022\/09\/EllenItamotingaeSalitre-169x300.jpeg",169,300,true],"medium_large":["https:\/\/blogopara.com.br\/wp-content\/uploads\/2022\/09\/EllenItamotingaeSalitre.jpeg",500,888,false],"large":["https:\/\/blogopara.com.br\/wp-content\/uploads\/2022\/09\/EllenItamotingaeSalitre.jpeg",500,888,false],"1536x1536":["https:\/\/blogopara.com.br\/wp-content\/uploads\/2022\/09\/EllenItamotingaeSalitre.jpeg",500,888,false],"2048x2048":["https:\/\/blogopara.com.br\/wp-content\/uploads\/2022\/09\/EllenItamotingaeSalitre.jpeg",500,888,false],"mantranews-slider-large":["https:\/\/blogopara.com.br\/wp-content\/uploads\/2022\/09\/EllenItamotingaeSalitre-500x741.jpeg",500,741,true],"mantranews-featured-medium":["https:\/\/blogopara.com.br\/wp-content\/uploads\/2022\/09\/EllenItamotingaeSalitre-420x307.jpeg",420,307,true],"mantranews-featured-long":["https:\/\/blogopara.com.br\/wp-content\/uploads\/2022\/09\/EllenItamotingaeSalitre-300x443.jpeg",300,443,true],"mantranews-block-medium":["https:\/\/blogopara.com.br\/wp-content\/uploads\/2022\/09\/EllenItamotingaeSalitre-464x290.jpeg",464,290,true],"mantranews-carousel-image":["https:\/\/blogopara.com.br\/wp-content\/uploads\/2022\/09\/EllenItamotingaeSalitre-500x500.jpeg",500,500,true],"mantranews-block-thumb":["https:\/\/blogopara.com.br\/wp-content\/uploads\/2022\/09\/EllenItamotingaeSalitre-322x230.jpeg",322,230,true],"mantranews-single-large":["https:\/\/blogopara.com.br\/wp-content\/uploads\/2022\/09\/EllenItamotingaeSalitre-500x642.jpeg",500,642,true]},"uagb_author_info":{"display_name":"Reda\u00e7\u00e3o geral","author_link":"https:\/\/blogopara.com.br\/index.php\/author\/blogopara"},"uagb_comment_info":0,"uagb_excerpt":"Neste s\u00e1bado (17), a candidata Ellen Carvalho (PT) participou de um evento promovido pela ACESPOC\u00a0&#8211; Associa\u00e7\u00e3o Cultural, Esportiva e Social dos Policiais Civis e Demais For\u00e7as de Seguran\u00e7a da Regi\u00e3o Norte da Bahia, dirigido aos idosos do bairro Jardim Primavera. Ellen foi homenageada por um grupo de crian\u00e7as, que fizeram uma apresenta\u00e7\u00e3o destacando a mulher&hellip;","jetpack_sharing_enabled":true,"jetpack_likes_enabled":true,"_links":{"self":[{"href":"https:\/\/blogopara.com.br\/index.php\/wp-json\/wp\/v2\/posts\/42653","targetHints":{"allow":["GET"]}}],"collection":[{"href":"https:\/\/blogopara.com.br\/index.php\/wp-json\/wp\/v2\/posts"}],"about":[{"href":"https:\/\/blogopara.com.br\/index.php\/wp-json\/wp\/v2\/types\/post"}],"author":[{"embeddable":true,"href":"https:\/\/blogopara.com.br\/index.php\/wp-json\/wp\/v2\/users\/1"}],"replies":[{"embeddable":true,"href":"https:\/\/blogopara.com.br\/index.php\/wp-json\/wp\/v2\/comments?post=42653"}],"version-history":[{"count":1,"href":"https:\/\/blogopara.com.br\/index.php\/wp-json\/wp\/v2\/posts\/42653\/revisions"}],"predecessor-version":[{"id":42656,"href":"https:\/\/blogopara.com.br\/index.php\/wp-json\/wp\/v2\/posts\/42653\/revisions\/42656"}],"wp:featuredmedia":[{"embeddable":true,"href":"https:\/\/blogopara.com.br\/index.php\/wp-json\/wp\/v2\/media\/42655"}],"wp:attachment":[{"href":"https:\/\/blogopara.com.br\/index.php\/wp-json\/wp\/v2\/media?parent=42653"}],"wp:term":[{"taxonomy":"category","embeddable":true,"href":"https:\/\/blogopara.com.br\/index.php\/wp-json\/wp\/v2\/categories?post=42653"},{"taxonomy":"post_tag","embeddable":true,"href":"https:\/\/blogopara.com.br\/index.php\/wp-json\/wp\/v2\/tags?post=42653"}],"curies":[{"name":"wp","href":"https:\/\/api.w.org\/{rel}","templated":true}]}}