{"id":42690,"date":"2022-09-19T07:37:00","date_gmt":"2022-09-19T10:37:00","guid":{"rendered":"https:\/\/blogopara.com.br\/?p=42690"},"modified":"2022-09-18T23:40:03","modified_gmt":"2022-09-19T02:40:03","slug":"luiza-de-deus-tem-encontros-com-liderancas-regionais-importantes-em-petrolina-e-juazeiro-o-agro-e-a-solucao","status":"publish","type":"post","link":"https:\/\/blogopara.com.br\/index.php\/2022\/09\/19\/luiza-de-deus-tem-encontros-com-liderancas-regionais-importantes-em-petrolina-e-juazeiro-o-agro-e-a-solucao","title":{"rendered":"Luiza de Deus tem encontros com lideran\u00e7as regionais importantes em Petrolina e Juazeiro \u201cO agro \u00e9 a solu\u00e7\u00e3o\u201d"},"content":{"rendered":"<p style=\"text-align: justify;\">A candidata a deputada estadual Luiza de Deus (Progressistas), cumpriu uma extensa agenda na regi\u00e3o do Vale do S\u00e3o Francisco neste fim de semana. Al\u00e9m dos atos de campanha nas ruas de Juazeiro\/Bahia, acompanhando o grupo de ACM Neto (Uni\u00e3o), Luiza visitou o Projeto Salitre.<\/p>\n<p style=\"text-align: justify;\">A visita de Luiza tem objetivos claros: conhecer a realidade do agroneg\u00f3cio na regi\u00e3o e firmar parcerias que possam impulsionar uma agenda verde\/agro tamb\u00e9m em Paulo Afonso.<\/p>\n<p style=\"text-align: justify;\">\u201cDiscutimos v\u00e1rios pontos de interesses em comum \u00e0s regi\u00f5es de Juazeiro e Paulo Afonso, inclusive convidamos essas lideran\u00e7as para irem a Paulo Afonso na pr\u00f3xima visita de ACM Neto, porque s\u00e3o prioridades que ter\u00e3o espa\u00e7o no futuro governo dele\u201d, comentou Luiza.<\/p>\n<p style=\"text-align: justify;\">\u201cO agroneg\u00f3cio faz parte da nossa agenda de prioridades, tamb\u00e9m por tudo o que o nosso munic\u00edpio vem conseguindo nessa \u00e1rea, com o novo governo de ACM Neto vamos ampliar, o agro faz parte da solu\u00e7\u00e3o\u201d, resumiu Luiza.<\/p>\n<p style=\"text-align: justify;\"><strong>Em Petrolina<\/strong><\/p>\n<p style=\"text-align: justify;\">\u00c0 noite, j\u00e1 no estado de Pernambuco, em Petrolina, Luiza se reuniu com a candidata ao governo de Pernambuco Raquel Lyra (PSB) que, segundo as pesquisas chegar\u00e1 firme ao segundo turno, e com o senador Guilherme Coelho (PSDB), candidato \u00e0 reelei\u00e7\u00e3o.<\/p>\n","protected":false},"excerpt":{"rendered":"<p>A candidata a deputada estadual Luiza de Deus (Progressistas), cumpriu uma extensa agenda na regi\u00e3o do Vale do S\u00e3o Francisco neste fim de semana. Al\u00e9m dos atos de campanha nas ruas de Juazeiro\/Bahia, acompanhando o grupo de ACM Neto (Uni\u00e3o), Luiza visitou o Projeto Salitre. A visita de Luiza tem objetivos claros: conhecer a realidade [&hellip;]<\/p>\n","protected":false},"author":1,"featured_media":42691,"comment_status":"closed","ping_status":"open","sticky":false,"template":"","format":"standard","meta":{"_uag_custom_page_level_css":"","_monsterinsights_skip_tracking":false,"_monsterinsights_sitenote_active":false,"_monsterinsights_sitenote_note":"","_monsterinsights_sitenote_category":0,"jetpack_post_was_ever_published":false,"_jetpack_newsletter_access":"","_jetpack_dont_email_post_to_subs":false,"_jetpack_newsletter_tier_id":0,"_jetpack_memberships_contains_paywalled_content":false,"_jetpack_memberships_contains_paid_content":false,"footnotes":"","jetpack_publicize_message":"","jetpack_publicize_feature_enabled":true,"jetpack_social_post_already_shared":true,"jetpack_social_options":{"image_generator_settings":{"template":"highway","default_image_id":0,"font":"","enabled":false},"version":2}},"categories":[199,10109],"tags":[],"class_list":["post-42690","post","type-post","status-publish","format-standard","has-post-thumbnail","hentry","category-bahia","category-eleicoes-2022"],"jetpack_publicize_connections":[],"jetpack_featured_media_url":"https:\/\/blogopara.com.br\/wp-content\/uploads\/2022\/09\/af008e14-a5d1-4432-9eb6-5631f21f46d7-puxaumn7xj0718r3ufdjxq1qgs6p0hf70q7xwsctfs.jpg","uagb_featured_image_src":{"full":["https:\/\/blogopara.com.br\/wp-content\/uploads\/2022\/09\/af008e14-a5d1-4432-9eb6-5631f21f46d7-puxaumn7xj0718r3ufdjxq1qgs6p0hf70q7xwsctfs.jpg",500,294,false],"thumbnail":["https:\/\/blogopara.com.br\/wp-content\/uploads\/2022\/09\/af008e14-a5d1-4432-9eb6-5631f21f46d7-puxaumn7xj0718r3ufdjxq1qgs6p0hf70q7xwsctfs-150x150.jpg",150,150,true],"medium":["https:\/\/blogopara.com.br\/wp-content\/uploads\/2022\/09\/af008e14-a5d1-4432-9eb6-5631f21f46d7-puxaumn7xj0718r3ufdjxq1qgs6p0hf70q7xwsctfs-300x176.jpg",300,176,true],"medium_large":["https:\/\/blogopara.com.br\/wp-content\/uploads\/2022\/09\/af008e14-a5d1-4432-9eb6-5631f21f46d7-puxaumn7xj0718r3ufdjxq1qgs6p0hf70q7xwsctfs.jpg",500,294,false],"large":["https:\/\/blogopara.com.br\/wp-content\/uploads\/2022\/09\/af008e14-a5d1-4432-9eb6-5631f21f46d7-puxaumn7xj0718r3ufdjxq1qgs6p0hf70q7xwsctfs.jpg",500,294,false],"1536x1536":["https:\/\/blogopara.com.br\/wp-content\/uploads\/2022\/09\/af008e14-a5d1-4432-9eb6-5631f21f46d7-puxaumn7xj0718r3ufdjxq1qgs6p0hf70q7xwsctfs.jpg",500,294,false],"2048x2048":["https:\/\/blogopara.com.br\/wp-content\/uploads\/2022\/09\/af008e14-a5d1-4432-9eb6-5631f21f46d7-puxaumn7xj0718r3ufdjxq1qgs6p0hf70q7xwsctfs.jpg",500,294,false],"mantranews-slider-large":["https:\/\/blogopara.com.br\/wp-content\/uploads\/2022\/09\/af008e14-a5d1-4432-9eb6-5631f21f46d7-puxaumn7xj0718r3ufdjxq1qgs6p0hf70q7xwsctfs.jpg",500,294,false],"mantranews-featured-medium":["https:\/\/blogopara.com.br\/wp-content\/uploads\/2022\/09\/af008e14-a5d1-4432-9eb6-5631f21f46d7-puxaumn7xj0718r3ufdjxq1qgs6p0hf70q7xwsctfs-420x294.jpg",420,294,true],"mantranews-featured-long":["https:\/\/blogopara.com.br\/wp-content\/uploads\/2022\/09\/af008e14-a5d1-4432-9eb6-5631f21f46d7-puxaumn7xj0718r3ufdjxq1qgs6p0hf70q7xwsctfs-300x294.jpg",300,294,true],"mantranews-block-medium":["https:\/\/blogopara.com.br\/wp-content\/uploads\/2022\/09\/af008e14-a5d1-4432-9eb6-5631f21f46d7-puxaumn7xj0718r3ufdjxq1qgs6p0hf70q7xwsctfs-464x290.jpg",464,290,true],"mantranews-carousel-image":["https:\/\/blogopara.com.br\/wp-content\/uploads\/2022\/09\/af008e14-a5d1-4432-9eb6-5631f21f46d7-puxaumn7xj0718r3ufdjxq1qgs6p0hf70q7xwsctfs.jpg",500,294,false],"mantranews-block-thumb":["https:\/\/blogopara.com.br\/wp-content\/uploads\/2022\/09\/af008e14-a5d1-4432-9eb6-5631f21f46d7-puxaumn7xj0718r3ufdjxq1qgs6p0hf70q7xwsctfs-322x230.jpg",322,230,true],"mantranews-single-large":["https:\/\/blogopara.com.br\/wp-content\/uploads\/2022\/09\/af008e14-a5d1-4432-9eb6-5631f21f46d7-puxaumn7xj0718r3ufdjxq1qgs6p0hf70q7xwsctfs.jpg",500,294,false]},"uagb_author_info":{"display_name":"Reda\u00e7\u00e3o geral","author_link":"https:\/\/blogopara.com.br\/index.php\/author\/blogopara"},"uagb_comment_info":0,"uagb_excerpt":"A candidata a deputada estadual Luiza de Deus (Progressistas), cumpriu uma extensa agenda na regi\u00e3o do Vale do S\u00e3o Francisco neste fim de semana. Al\u00e9m dos atos de campanha nas ruas de Juazeiro\/Bahia, acompanhando o grupo de ACM Neto (Uni\u00e3o), Luiza visitou o Projeto Salitre. A visita de Luiza tem objetivos claros: conhecer a realidade&hellip;","jetpack_sharing_enabled":true,"jetpack_likes_enabled":true,"_links":{"self":[{"href":"https:\/\/blogopara.com.br\/index.php\/wp-json\/wp\/v2\/posts\/42690","targetHints":{"allow":["GET"]}}],"collection":[{"href":"https:\/\/blogopara.com.br\/index.php\/wp-json\/wp\/v2\/posts"}],"about":[{"href":"https:\/\/blogopara.com.br\/index.php\/wp-json\/wp\/v2\/types\/post"}],"author":[{"embeddable":true,"href":"https:\/\/blogopara.com.br\/index.php\/wp-json\/wp\/v2\/users\/1"}],"replies":[{"embeddable":true,"href":"https:\/\/blogopara.com.br\/index.php\/wp-json\/wp\/v2\/comments?post=42690"}],"version-history":[{"count":1,"href":"https:\/\/blogopara.com.br\/index.php\/wp-json\/wp\/v2\/posts\/42690\/revisions"}],"predecessor-version":[{"id":42692,"href":"https:\/\/blogopara.com.br\/index.php\/wp-json\/wp\/v2\/posts\/42690\/revisions\/42692"}],"wp:featuredmedia":[{"embeddable":true,"href":"https:\/\/blogopara.com.br\/index.php\/wp-json\/wp\/v2\/media\/42691"}],"wp:attachment":[{"href":"https:\/\/blogopara.com.br\/index.php\/wp-json\/wp\/v2\/media?parent=42690"}],"wp:term":[{"taxonomy":"category","embeddable":true,"href":"https:\/\/blogopara.com.br\/index.php\/wp-json\/wp\/v2\/categories?post=42690"},{"taxonomy":"post_tag","embeddable":true,"href":"https:\/\/blogopara.com.br\/index.php\/wp-json\/wp\/v2\/tags?post=42690"}],"curies":[{"name":"wp","href":"https:\/\/api.w.org\/{rel}","templated":true}]}}