{"id":42717,"date":"2022-09-20T10:35:00","date_gmt":"2022-09-20T13:35:00","guid":{"rendered":"https:\/\/blogopara.com.br\/?p=42717"},"modified":"2022-09-20T00:50:10","modified_gmt":"2022-09-20T03:50:10","slug":"wagner-diz-que-tenente-coronel-que-foi-em-evento-de-acm-neto-mereceu-ser-exonerado-pegue-o-chapeu-e-se-pique","status":"publish","type":"post","link":"https:\/\/blogopara.com.br\/index.php\/2022\/09\/20\/wagner-diz-que-tenente-coronel-que-foi-em-evento-de-acm-neto-mereceu-ser-exonerado-pegue-o-chapeu-e-se-pique","title":{"rendered":"Wagner diz que tenente-coronel que foi em evento de ACM Neto mereceu ser exonerado: \u201cpegue o chap\u00e9u e se pique\u201d"},"content":{"rendered":"<p style=\"text-align: justify;\">O senador e ex-governador da Bahia, Jaques Wagner (PT), disse que o tenente-coronel da Pol\u00edcia Militar, Itamar Gondim, est\u00e1 errado e n\u00e3o deveria ter ido a um ato do candidato ao ao Governo, ACM Neto (Uni\u00e3o Brasil), que \u00e9 advers\u00e1rio do candidato governista Jer\u00f4nimo Rodrigues. O policial foi exonerado da dire\u00e7\u00e3o do Col\u00e9gio da Pol\u00edcia Militar pelo governador Rui Costa (PT).<\/p>\n<p style=\"text-align: justify;\">\u201cEu li, sinceramente, a den\u00fancia dele e fui saber. Realmente ele foi exonerado, n\u00e3o de coronel, ele \u00e9 tenente-coronel, ningu\u00e9m exonera ele. Ele tinha um cargo de confian\u00e7a de comandante do Col\u00e9gio de Jequi\u00e9. Confesso que n\u00e3o aprofundei o tema, agora cargo de confian\u00e7a, cargo comissionado, o cidad\u00e3o nomeia e tira a crit\u00e9rio do comandante dele. Se a motiva\u00e7\u00e3o foi o fato de que ele \u2013 tamb\u00e9m n\u00e3o sei direito -, agora eu tamb\u00e9m acho que se ele foi, n\u00e3o foi correto, na minha opini\u00e3o. Ele foi no ato do candidato contra o governo dele. Se ele tem cargo de confian\u00e7a do comandante dele, como ele est\u00e1 indo contra quem nomeou o comandante dele?\u201d, questionou, em entrevista \u00e0 R\u00e1dio Metropole.<\/p>\n<p style=\"text-align: justify;\">Wagner reafirmou ser contra algu\u00e9m do seu governo ir em evento de advers\u00e1rio. \u201cEu n\u00e3o gostaria. Sou muito franco aqui, para n\u00e3o sair fora. Como vou ter meu secret\u00e1rio na campanha do meu advers\u00e1rio? Ent\u00e3o pega o chap\u00e9u e se pique. Ningu\u00e9m acha razo\u00e1vel isso\u201d, completou.<\/p>\n<p style=\"text-align: justify;\">A exonera\u00e7\u00e3o foi publicada na edi\u00e7\u00e3o do \u00faltimo s\u00e1bado (16\/9) do Di\u00e1rio Oficial do Estado, conforme reportagem feita pelo Informe Baiano.<\/p>\n\n\n<p>Informe Baiano<\/p>\n","protected":false},"excerpt":{"rendered":"<p>O senador e ex-governador da Bahia, Jaques Wagner (PT), disse que o tenente-coronel da Pol\u00edcia Militar, Itamar Gondim, est\u00e1 errado e n\u00e3o deveria ter ido a um ato do candidato ao ao Governo, ACM Neto (Uni\u00e3o Brasil), que \u00e9 advers\u00e1rio do candidato governista Jer\u00f4nimo Rodrigues. O policial foi exonerado da dire\u00e7\u00e3o do Col\u00e9gio da Pol\u00edcia [&hellip;]<\/p>\n","protected":false},"author":1,"featured_media":42718,"comment_status":"closed","ping_status":"open","sticky":false,"template":"","format":"standard","meta":{"_uag_custom_page_level_css":"","_monsterinsights_skip_tracking":false,"_monsterinsights_sitenote_active":false,"_monsterinsights_sitenote_note":"","_monsterinsights_sitenote_category":0,"jetpack_post_was_ever_published":false,"_jetpack_newsletter_access":"","_jetpack_dont_email_post_to_subs":false,"_jetpack_newsletter_tier_id":0,"_jetpack_memberships_contains_paywalled_content":false,"_jetpack_memberships_contains_paid_content":false,"footnotes":"","jetpack_publicize_message":"","jetpack_publicize_feature_enabled":true,"jetpack_social_post_already_shared":true,"jetpack_social_options":{"image_generator_settings":{"template":"highway","default_image_id":0,"font":"","enabled":false},"version":2}},"categories":[199,197],"tags":[],"class_list":["post-42717","post","type-post","status-publish","format-standard","has-post-thumbnail","hentry","category-bahia","category-politica"],"jetpack_publicize_connections":[],"jetpack_featured_media_url":"https:\/\/blogopara.com.br\/wp-content\/uploads\/2022\/09\/WhatsApp-Image-2022-09-19-at-18.03.43.jpg","uagb_featured_image_src":{"full":["https:\/\/blogopara.com.br\/wp-content\/uploads\/2022\/09\/WhatsApp-Image-2022-09-19-at-18.03.43.jpg",500,327,false],"thumbnail":["https:\/\/blogopara.com.br\/wp-content\/uploads\/2022\/09\/WhatsApp-Image-2022-09-19-at-18.03.43-150x150.jpg",150,150,true],"medium":["https:\/\/blogopara.com.br\/wp-content\/uploads\/2022\/09\/WhatsApp-Image-2022-09-19-at-18.03.43-300x196.jpg",300,196,true],"medium_large":["https:\/\/blogopara.com.br\/wp-content\/uploads\/2022\/09\/WhatsApp-Image-2022-09-19-at-18.03.43.jpg",500,327,false],"large":["https:\/\/blogopara.com.br\/wp-content\/uploads\/2022\/09\/WhatsApp-Image-2022-09-19-at-18.03.43.jpg",500,327,false],"1536x1536":["https:\/\/blogopara.com.br\/wp-content\/uploads\/2022\/09\/WhatsApp-Image-2022-09-19-at-18.03.43.jpg",500,327,false],"2048x2048":["https:\/\/blogopara.com.br\/wp-content\/uploads\/2022\/09\/WhatsApp-Image-2022-09-19-at-18.03.43.jpg",500,327,false],"mantranews-slider-large":["https:\/\/blogopara.com.br\/wp-content\/uploads\/2022\/09\/WhatsApp-Image-2022-09-19-at-18.03.43.jpg",500,327,false],"mantranews-featured-medium":["https:\/\/blogopara.com.br\/wp-content\/uploads\/2022\/09\/WhatsApp-Image-2022-09-19-at-18.03.43-420x307.jpg",420,307,true],"mantranews-featured-long":["https:\/\/blogopara.com.br\/wp-content\/uploads\/2022\/09\/WhatsApp-Image-2022-09-19-at-18.03.43-300x327.jpg",300,327,true],"mantranews-block-medium":["https:\/\/blogopara.com.br\/wp-content\/uploads\/2022\/09\/WhatsApp-Image-2022-09-19-at-18.03.43-464x290.jpg",464,290,true],"mantranews-carousel-image":["https:\/\/blogopara.com.br\/wp-content\/uploads\/2022\/09\/WhatsApp-Image-2022-09-19-at-18.03.43.jpg",500,327,false],"mantranews-block-thumb":["https:\/\/blogopara.com.br\/wp-content\/uploads\/2022\/09\/WhatsApp-Image-2022-09-19-at-18.03.43-322x230.jpg",322,230,true],"mantranews-single-large":["https:\/\/blogopara.com.br\/wp-content\/uploads\/2022\/09\/WhatsApp-Image-2022-09-19-at-18.03.43.jpg",500,327,false]},"uagb_author_info":{"display_name":"Reda\u00e7\u00e3o geral","author_link":"https:\/\/blogopara.com.br\/index.php\/author\/blogopara"},"uagb_comment_info":0,"uagb_excerpt":"O senador e ex-governador da Bahia, Jaques Wagner (PT), disse que o tenente-coronel da Pol\u00edcia Militar, Itamar Gondim, est\u00e1 errado e n\u00e3o deveria ter ido a um ato do candidato ao ao Governo, ACM Neto (Uni\u00e3o Brasil), que \u00e9 advers\u00e1rio do candidato governista Jer\u00f4nimo Rodrigues. O policial foi exonerado da dire\u00e7\u00e3o do Col\u00e9gio da Pol\u00edcia&hellip;","jetpack_sharing_enabled":true,"jetpack_likes_enabled":true,"_links":{"self":[{"href":"https:\/\/blogopara.com.br\/index.php\/wp-json\/wp\/v2\/posts\/42717","targetHints":{"allow":["GET"]}}],"collection":[{"href":"https:\/\/blogopara.com.br\/index.php\/wp-json\/wp\/v2\/posts"}],"about":[{"href":"https:\/\/blogopara.com.br\/index.php\/wp-json\/wp\/v2\/types\/post"}],"author":[{"embeddable":true,"href":"https:\/\/blogopara.com.br\/index.php\/wp-json\/wp\/v2\/users\/1"}],"replies":[{"embeddable":true,"href":"https:\/\/blogopara.com.br\/index.php\/wp-json\/wp\/v2\/comments?post=42717"}],"version-history":[{"count":1,"href":"https:\/\/blogopara.com.br\/index.php\/wp-json\/wp\/v2\/posts\/42717\/revisions"}],"predecessor-version":[{"id":42719,"href":"https:\/\/blogopara.com.br\/index.php\/wp-json\/wp\/v2\/posts\/42717\/revisions\/42719"}],"wp:featuredmedia":[{"embeddable":true,"href":"https:\/\/blogopara.com.br\/index.php\/wp-json\/wp\/v2\/media\/42718"}],"wp:attachment":[{"href":"https:\/\/blogopara.com.br\/index.php\/wp-json\/wp\/v2\/media?parent=42717"}],"wp:term":[{"taxonomy":"category","embeddable":true,"href":"https:\/\/blogopara.com.br\/index.php\/wp-json\/wp\/v2\/categories?post=42717"},{"taxonomy":"post_tag","embeddable":true,"href":"https:\/\/blogopara.com.br\/index.php\/wp-json\/wp\/v2\/tags?post=42717"}],"curies":[{"name":"wp","href":"https:\/\/api.w.org\/{rel}","templated":true}]}}