{"id":42730,"date":"2022-09-20T17:25:00","date_gmt":"2022-09-20T20:25:00","guid":{"rendered":"https:\/\/blogopara.com.br\/?p=42730"},"modified":"2022-09-20T10:24:11","modified_gmt":"2022-09-20T13:24:11","slug":"apos-espera-de-quase-20-anos-moradores-do-alto-da-maravilha-comemoram-ampliacao-e-requalificacao-do-parque-lagoa-de-calu-e-relembram-pedimos-a-outras-gestoes-e-nao-fomos-atendidos","status":"publish","type":"post","link":"https:\/\/blogopara.com.br\/index.php\/2022\/09\/20\/apos-espera-de-quase-20-anos-moradores-do-alto-da-maravilha-comemoram-ampliacao-e-requalificacao-do-parque-lagoa-de-calu-e-relembram-pedimos-a-outras-gestoes-e-nao-fomos-atendidos","title":{"rendered":"Ap\u00f3s espera de quase 20 anos, moradores do Alto da Maravilha comemoram amplia\u00e7\u00e3o e requalifica\u00e7\u00e3o do Parque Lagoa de Calu e relembram: \u201cpedimos a outras gest\u00f5es e n\u00e3o fomos atendidos\u201d"},"content":{"rendered":"<p dir=\"ltr\" style=\"text-align: justify;\">Constru\u00eddo em 2002, o Parque Lagoa de Calu ficou durante muito tempo abandonado. A \u00e1rea, que \u00e9 destinada a lazer, entretenimento, pr\u00e1ticas esportivas e ponto tur\u00edstico da cidade, ficou esquecida por quase duas d\u00e9cadas. Ap\u00f3s mapeamento e estudos das \u00e1reas p\u00fablicas do munic\u00edpio, a Prefeitura de Juazeiro segue avan\u00e7ando com a requalifica\u00e7\u00e3o do espa\u00e7o e vem agradando a comunidade do bairro Alto da Maravilha.<\/p>\n<p dir=\"ltr\" style=\"text-align: justify;\">Al\u00e9m de promover qualidade de vida, sa\u00fade e bem-estar, o objetivo \u00e9 embelezar a cidade. A gest\u00e3o municipal est\u00e1 ampliando e requalificando toda a \u00e1rea e os moradores est\u00e3o aprovando a interven\u00e7\u00e3o que passa de mais de R$ 1 milh\u00e3o em investimentos pr\u00f3prios.<\/p>\n<p dir=\"ltr\" style=\"text-align: justify;\">Morador h\u00e1 25 anos no Alto da Maravilha, Sidnei Ribeiro dos Santos comemora as a\u00e7\u00f5es. \u201c\u00c9 uma obra que h\u00e1 muitos anos j\u00e1 t\u00ednhamos pedido para a Prefeitura fazer e, gra\u00e7as a Deus, nesse governo da prefeita Suzana, a gente foi atendido. Vai ser uma benfeitoria n\u00e3o s\u00f3 para os moradores, mas tamb\u00e9m para os visitantes. Ser\u00e1 uma \u00e1rea de lazer, de descanso e tamb\u00e9m local para cuidarmos da sa\u00fade, atrav\u00e9s da pr\u00e1tica de exerc\u00edcios. A gente agradece\u201d, lembrou.<\/p>\n<p dir=\"ltr\" style=\"text-align: justify;\">J\u00e1 Fabian Silva Souza, que mora h\u00e1 18 anos na localidade, afirma que a ansiedade est\u00e1 grande. \u201cA gente tem uma expectativa de melhora, afinal de contas o Parque Lagoa de Calu est\u00e1 abandonado h\u00e1 muitos anos e isso traz esperan\u00e7a de dias melhores para os moradores. A gente sabe que a revitaliza\u00e7\u00e3o vai trazer uma \u00e1rea de conviv\u00eancia, onde crian\u00e7as, jovens, adultos e idosos v\u00e3o poder usufruir do local trazendo uma qualidade de vida n\u00e3o s\u00f3 para a cidade. A nossa expectativa \u00e9 que possa ser conclu\u00eddo trazendo prosperidade\u201d, enfatizou.<\/p>\n<p dir=\"ltr\" style=\"text-align: justify;\"><b>A obra<\/b><\/p>\n<p dir=\"ltr\" style=\"text-align: justify;\">O engenheiro civil da Secretaria de Obras e Desenvolvimento Urbano (Sedur), Airton Gon\u00e7alves J\u00fanior, destaca que muitas interven\u00e7\u00f5es est\u00e3o sendo feitas. \u201cJ\u00e1 demolimos a quadra de futsal para implanta\u00e7\u00e3o de novo piso. A quadra de futebol de areia tamb\u00e9m vai receber servi\u00e7os de requalifica\u00e7\u00e3o, todos alambrados ser\u00e3o trocados e vamos reformar arquibancadas. Al\u00e9m disso, vamos melhorar a ilumina\u00e7\u00e3o e novos bancos ser\u00e3o implantados, bem como, academia a c\u00e9u aberto, parque infantil de eucalipto e melhoria da acessibilidade do local. Outra interven\u00e7\u00e3o importante que estamos fazendo \u00e9 o servi\u00e7o de drenagem que vai direcionar as \u00e1guas de chuva que caem da BR-235 para a Lagoa de Calu\u201d, enfatizou o engenheiro.<\/p>\n<p dir=\"ltr\" style=\"text-align: justify;\"><b>Outras obras em andamento<\/b><\/p>\n<p dir=\"ltr\" style=\"text-align: justify;\">A Prefeitura de Juazeiro tamb\u00e9m segue com equipes trabalhando na Pra\u00e7a da Amizade, no bairro Itaberaba; na Pra\u00e7a Arnulfo C\u00e2ndido Alves, no Tancredo Neves, Pra\u00e7a da Vila Tiradentes, na Vila Tiradentes; na pra\u00e7a Romilse Siqueira Santos, no distrito de Juremal; e na Pra\u00e7a Central Ant\u00f4nio Santana no Distrito de Ab\u00f3bora.<\/p>\n\n\n<p>Ascom PMJ<\/p>\n","protected":false},"excerpt":{"rendered":"<p>Constru\u00eddo em 2002, o Parque Lagoa de Calu ficou durante muito tempo abandonado. A \u00e1rea, que \u00e9 destinada a lazer, entretenimento, pr\u00e1ticas esportivas e ponto tur\u00edstico da cidade, ficou esquecida por quase duas d\u00e9cadas. Ap\u00f3s mapeamento e estudos das \u00e1reas p\u00fablicas do munic\u00edpio, a Prefeitura de Juazeiro segue avan\u00e7ando com a requalifica\u00e7\u00e3o do espa\u00e7o e [&hellip;]<\/p>\n","protected":false},"author":1,"featured_media":42731,"comment_status":"closed","ping_status":"open","sticky":false,"template":"","format":"standard","meta":{"_uag_custom_page_level_css":"","_monsterinsights_skip_tracking":false,"_monsterinsights_sitenote_active":false,"_monsterinsights_sitenote_note":"","_monsterinsights_sitenote_category":0,"jetpack_post_was_ever_published":false,"_jetpack_newsletter_access":"","_jetpack_dont_email_post_to_subs":false,"_jetpack_newsletter_tier_id":0,"_jetpack_memberships_contains_paywalled_content":false,"_jetpack_memberships_contains_paid_content":false,"footnotes":"","jetpack_publicize_message":"","jetpack_publicize_feature_enabled":true,"jetpack_social_post_already_shared":true,"jetpack_social_options":{"image_generator_settings":{"template":"highway","default_image_id":0,"font":"","enabled":false},"version":2}},"categories":[203],"tags":[340],"class_list":["post-42730","post","type-post","status-publish","format-standard","has-post-thumbnail","hentry","category-juazeiro","tag-prefeitura-de-juazeiro"],"jetpack_publicize_connections":[],"jetpack_featured_media_url":"https:\/\/blogopara.com.br\/wp-content\/uploads\/2022\/09\/Lagoa-de-Calu-Ampliacao3.jpg","uagb_featured_image_src":{"full":["https:\/\/blogopara.com.br\/wp-content\/uploads\/2022\/09\/Lagoa-de-Calu-Ampliacao3.jpg",500,333,false],"thumbnail":["https:\/\/blogopara.com.br\/wp-content\/uploads\/2022\/09\/Lagoa-de-Calu-Ampliacao3-150x150.jpg",150,150,true],"medium":["https:\/\/blogopara.com.br\/wp-content\/uploads\/2022\/09\/Lagoa-de-Calu-Ampliacao3-300x200.jpg",300,200,true],"medium_large":["https:\/\/blogopara.com.br\/wp-content\/uploads\/2022\/09\/Lagoa-de-Calu-Ampliacao3.jpg",500,333,false],"large":["https:\/\/blogopara.com.br\/wp-content\/uploads\/2022\/09\/Lagoa-de-Calu-Ampliacao3.jpg",500,333,false],"1536x1536":["https:\/\/blogopara.com.br\/wp-content\/uploads\/2022\/09\/Lagoa-de-Calu-Ampliacao3.jpg",500,333,false],"2048x2048":["https:\/\/blogopara.com.br\/wp-content\/uploads\/2022\/09\/Lagoa-de-Calu-Ampliacao3.jpg",500,333,false],"mantranews-slider-large":["https:\/\/blogopara.com.br\/wp-content\/uploads\/2022\/09\/Lagoa-de-Calu-Ampliacao3.jpg",500,333,false],"mantranews-featured-medium":["https:\/\/blogopara.com.br\/wp-content\/uploads\/2022\/09\/Lagoa-de-Calu-Ampliacao3-420x307.jpg",420,307,true],"mantranews-featured-long":["https:\/\/blogopara.com.br\/wp-content\/uploads\/2022\/09\/Lagoa-de-Calu-Ampliacao3-300x333.jpg",300,333,true],"mantranews-block-medium":["https:\/\/blogopara.com.br\/wp-content\/uploads\/2022\/09\/Lagoa-de-Calu-Ampliacao3-464x290.jpg",464,290,true],"mantranews-carousel-image":["https:\/\/blogopara.com.br\/wp-content\/uploads\/2022\/09\/Lagoa-de-Calu-Ampliacao3.jpg",500,333,false],"mantranews-block-thumb":["https:\/\/blogopara.com.br\/wp-content\/uploads\/2022\/09\/Lagoa-de-Calu-Ampliacao3-322x230.jpg",322,230,true],"mantranews-single-large":["https:\/\/blogopara.com.br\/wp-content\/uploads\/2022\/09\/Lagoa-de-Calu-Ampliacao3.jpg",500,333,false]},"uagb_author_info":{"display_name":"Reda\u00e7\u00e3o geral","author_link":"https:\/\/blogopara.com.br\/index.php\/author\/blogopara"},"uagb_comment_info":0,"uagb_excerpt":"Constru\u00eddo em 2002, o Parque Lagoa de Calu ficou durante muito tempo abandonado. A \u00e1rea, que \u00e9 destinada a lazer, entretenimento, pr\u00e1ticas esportivas e ponto tur\u00edstico da cidade, ficou esquecida por quase duas d\u00e9cadas. Ap\u00f3s mapeamento e estudos das \u00e1reas p\u00fablicas do munic\u00edpio, a Prefeitura de Juazeiro segue avan\u00e7ando com a requalifica\u00e7\u00e3o do espa\u00e7o e&hellip;","jetpack_sharing_enabled":true,"jetpack_likes_enabled":true,"_links":{"self":[{"href":"https:\/\/blogopara.com.br\/index.php\/wp-json\/wp\/v2\/posts\/42730","targetHints":{"allow":["GET"]}}],"collection":[{"href":"https:\/\/blogopara.com.br\/index.php\/wp-json\/wp\/v2\/posts"}],"about":[{"href":"https:\/\/blogopara.com.br\/index.php\/wp-json\/wp\/v2\/types\/post"}],"author":[{"embeddable":true,"href":"https:\/\/blogopara.com.br\/index.php\/wp-json\/wp\/v2\/users\/1"}],"replies":[{"embeddable":true,"href":"https:\/\/blogopara.com.br\/index.php\/wp-json\/wp\/v2\/comments?post=42730"}],"version-history":[{"count":1,"href":"https:\/\/blogopara.com.br\/index.php\/wp-json\/wp\/v2\/posts\/42730\/revisions"}],"predecessor-version":[{"id":42732,"href":"https:\/\/blogopara.com.br\/index.php\/wp-json\/wp\/v2\/posts\/42730\/revisions\/42732"}],"wp:featuredmedia":[{"embeddable":true,"href":"https:\/\/blogopara.com.br\/index.php\/wp-json\/wp\/v2\/media\/42731"}],"wp:attachment":[{"href":"https:\/\/blogopara.com.br\/index.php\/wp-json\/wp\/v2\/media?parent=42730"}],"wp:term":[{"taxonomy":"category","embeddable":true,"href":"https:\/\/blogopara.com.br\/index.php\/wp-json\/wp\/v2\/categories?post=42730"},{"taxonomy":"post_tag","embeddable":true,"href":"https:\/\/blogopara.com.br\/index.php\/wp-json\/wp\/v2\/tags?post=42730"}],"curies":[{"name":"wp","href":"https:\/\/api.w.org\/{rel}","templated":true}]}}