{"id":42737,"date":"2022-09-20T16:24:00","date_gmt":"2022-09-20T19:24:00","guid":{"rendered":"https:\/\/blogopara.com.br\/?p=42737"},"modified":"2022-09-20T10:26:59","modified_gmt":"2022-09-20T13:26:59","slug":"marquinhos-do-n4-recebera-governador-de-pe-para-assinatura-da-ordem-de-servico-da-pe-633","status":"publish","type":"post","link":"https:\/\/blogopara.com.br\/index.php\/2022\/09\/20\/marquinhos-do-n4-recebera-governador-de-pe-para-assinatura-da-ordem-de-servico-da-pe-633","title":{"rendered":"Marquinhos do N4 receber\u00e1 Governador de PE para assinatura da ordem de servi\u00e7o da PE-633"},"content":{"rendered":"<p style=\"text-align: justify;\">O vereador de Petrolina, Marquinhos do N4, \u00e9 um dos anfitri\u00f5es \u00e0 receber o Governador de Pernambuco, Paulo C\u00e2mara, nesta quinta (22), que vir\u00e1 ao munic\u00edpio para entregar a obra de recupera\u00e7\u00e3o asf\u00e1ltica da Estrada da Tapera, e para a assinatura da ordem de servi\u00e7o para o pavimento da PE- 633, que liga as rodovias 647 e 407, trechos das \u00e1reas irrigadas do munic\u00edpio, passando pelo N-5, N-3, N-1 em dire\u00e7\u00e3o a estrada de acesso ao munic\u00edpio de Afr\u00e2nio. Um pedido do vereador em maio do ano passado.<br \/>\nMarquinhos do N4 esteve em Recife, onde encontrou o apoio do deputado Lucas Ramos para apresentar ao Governo do Estado a solicita\u00e7\u00e3o urgente da recupera\u00e7\u00e3o da malha asf\u00e1ltica dos trechos que ligam os per\u00edmetros irrigados de Petrolina. Reuniu-se com a Secret\u00e1ria Estadual de Infraestrutura e Recursos H\u00eddricos, Fernandha Batista, e pediu celeridade na recupera\u00e7\u00e3o das rodovias PE-633, PE-639 e PE-638. Ao todo est\u00e3o sendo restaurados 36,2 quil\u00f4metros.<br \/>\n\u201cS\u00e3o trechos utilizados diariamente para o escoamento da produ\u00e7\u00e3o agr\u00edcola do munic\u00edpio. \u00c9 uma luta dos moradores da \u00e1rea irrigada e podemos garantir que muito mais obras vir\u00e3o para Petrolina, atrav\u00e9s do nosso mandato com a ajuda do nosso amigo Lucas Ramos, porque estamos caminhando juntos em busca de mais melhorias para a nossa regi\u00e3o\u201d, frisa Marquinhos do N4.<br \/>\nAinda de acordo com Marquinhos do N4, o Governo Estadual est\u00e1 atendendo a um pedido para obras de infraestrutura necess\u00e1rias para a mobilidade, seguran\u00e7a e bem estar das pessoas, al\u00e9m de criar as condi\u00e7\u00f5es para a expans\u00e3o econ\u00f4mica e a gera\u00e7\u00e3o de novas oportunidades para os petrolinenses. \u201c\u00c9 um importante avan\u00e7o no processo de melhoria dessas estradas, fundamentais para o escoamento da fruticultura irrigada, atividade que \u00e9 mola propulsora do emprego e renda em todo o Vale do S\u00e3o Francisco. \u00c9 mais trabalho e desenvolvimento\u201d, acrescenta Marquinhos do N4.<br \/>\nCerca de R$ 76,6 milh\u00f5es est\u00e3o sendo investidos pelo Governo de Pernambuco na recupera\u00e7\u00e3o dos tr\u00eas trechos estaduais.<\/p>\n<p style=\"text-align: justify;\">\nAscom Marquinhos do N4<\/p>\n","protected":false},"excerpt":{"rendered":"<p>O vereador de Petrolina, Marquinhos do N4, \u00e9 um dos anfitri\u00f5es \u00e0 receber o Governador de Pernambuco, Paulo C\u00e2mara, nesta quinta (22), que vir\u00e1 ao munic\u00edpio para entregar a obra de recupera\u00e7\u00e3o asf\u00e1ltica da Estrada da Tapera, e para a assinatura da ordem de servi\u00e7o para o pavimento da PE- 633, que liga as rodovias [&hellip;]<\/p>\n","protected":false},"author":1,"featured_media":42738,"comment_status":"closed","ping_status":"open","sticky":false,"template":"","format":"standard","meta":{"_uag_custom_page_level_css":"","_monsterinsights_skip_tracking":false,"_monsterinsights_sitenote_active":false,"_monsterinsights_sitenote_note":"","_monsterinsights_sitenote_category":0,"jetpack_post_was_ever_published":false,"_jetpack_newsletter_access":"","_jetpack_dont_email_post_to_subs":false,"_jetpack_newsletter_tier_id":0,"_jetpack_memberships_contains_paywalled_content":false,"_jetpack_memberships_contains_paid_content":false,"footnotes":"","jetpack_publicize_message":"","jetpack_publicize_feature_enabled":true,"jetpack_social_post_already_shared":true,"jetpack_social_options":{"image_generator_settings":{"template":"highway","default_image_id":0,"font":"","enabled":false},"version":2}},"categories":[197],"tags":[],"class_list":["post-42737","post","type-post","status-publish","format-standard","has-post-thumbnail","hentry","category-politica"],"jetpack_publicize_connections":[],"jetpack_featured_media_url":"https:\/\/blogopara.com.br\/wp-content\/uploads\/2022\/09\/WhatsApp-Image-2022-09-19-at-18.38.42.jpg","uagb_featured_image_src":{"full":["https:\/\/blogopara.com.br\/wp-content\/uploads\/2022\/09\/WhatsApp-Image-2022-09-19-at-18.38.42.jpg",500,374,false],"thumbnail":["https:\/\/blogopara.com.br\/wp-content\/uploads\/2022\/09\/WhatsApp-Image-2022-09-19-at-18.38.42-150x150.jpg",150,150,true],"medium":["https:\/\/blogopara.com.br\/wp-content\/uploads\/2022\/09\/WhatsApp-Image-2022-09-19-at-18.38.42-300x224.jpg",300,224,true],"medium_large":["https:\/\/blogopara.com.br\/wp-content\/uploads\/2022\/09\/WhatsApp-Image-2022-09-19-at-18.38.42.jpg",500,374,false],"large":["https:\/\/blogopara.com.br\/wp-content\/uploads\/2022\/09\/WhatsApp-Image-2022-09-19-at-18.38.42.jpg",500,374,false],"1536x1536":["https:\/\/blogopara.com.br\/wp-content\/uploads\/2022\/09\/WhatsApp-Image-2022-09-19-at-18.38.42.jpg",500,374,false],"2048x2048":["https:\/\/blogopara.com.br\/wp-content\/uploads\/2022\/09\/WhatsApp-Image-2022-09-19-at-18.38.42.jpg",500,374,false],"mantranews-slider-large":["https:\/\/blogopara.com.br\/wp-content\/uploads\/2022\/09\/WhatsApp-Image-2022-09-19-at-18.38.42.jpg",500,374,false],"mantranews-featured-medium":["https:\/\/blogopara.com.br\/wp-content\/uploads\/2022\/09\/WhatsApp-Image-2022-09-19-at-18.38.42-420x307.jpg",420,307,true],"mantranews-featured-long":["https:\/\/blogopara.com.br\/wp-content\/uploads\/2022\/09\/WhatsApp-Image-2022-09-19-at-18.38.42-300x374.jpg",300,374,true],"mantranews-block-medium":["https:\/\/blogopara.com.br\/wp-content\/uploads\/2022\/09\/WhatsApp-Image-2022-09-19-at-18.38.42-464x290.jpg",464,290,true],"mantranews-carousel-image":["https:\/\/blogopara.com.br\/wp-content\/uploads\/2022\/09\/WhatsApp-Image-2022-09-19-at-18.38.42.jpg",500,374,false],"mantranews-block-thumb":["https:\/\/blogopara.com.br\/wp-content\/uploads\/2022\/09\/WhatsApp-Image-2022-09-19-at-18.38.42-322x230.jpg",322,230,true],"mantranews-single-large":["https:\/\/blogopara.com.br\/wp-content\/uploads\/2022\/09\/WhatsApp-Image-2022-09-19-at-18.38.42.jpg",500,374,false]},"uagb_author_info":{"display_name":"Reda\u00e7\u00e3o geral","author_link":"https:\/\/blogopara.com.br\/index.php\/author\/blogopara"},"uagb_comment_info":0,"uagb_excerpt":"O vereador de Petrolina, Marquinhos do N4, \u00e9 um dos anfitri\u00f5es \u00e0 receber o Governador de Pernambuco, Paulo C\u00e2mara, nesta quinta (22), que vir\u00e1 ao munic\u00edpio para entregar a obra de recupera\u00e7\u00e3o asf\u00e1ltica da Estrada da Tapera, e para a assinatura da ordem de servi\u00e7o para o pavimento da PE- 633, que liga as rodovias&hellip;","jetpack_sharing_enabled":true,"jetpack_likes_enabled":true,"_links":{"self":[{"href":"https:\/\/blogopara.com.br\/index.php\/wp-json\/wp\/v2\/posts\/42737","targetHints":{"allow":["GET"]}}],"collection":[{"href":"https:\/\/blogopara.com.br\/index.php\/wp-json\/wp\/v2\/posts"}],"about":[{"href":"https:\/\/blogopara.com.br\/index.php\/wp-json\/wp\/v2\/types\/post"}],"author":[{"embeddable":true,"href":"https:\/\/blogopara.com.br\/index.php\/wp-json\/wp\/v2\/users\/1"}],"replies":[{"embeddable":true,"href":"https:\/\/blogopara.com.br\/index.php\/wp-json\/wp\/v2\/comments?post=42737"}],"version-history":[{"count":1,"href":"https:\/\/blogopara.com.br\/index.php\/wp-json\/wp\/v2\/posts\/42737\/revisions"}],"predecessor-version":[{"id":42739,"href":"https:\/\/blogopara.com.br\/index.php\/wp-json\/wp\/v2\/posts\/42737\/revisions\/42739"}],"wp:featuredmedia":[{"embeddable":true,"href":"https:\/\/blogopara.com.br\/index.php\/wp-json\/wp\/v2\/media\/42738"}],"wp:attachment":[{"href":"https:\/\/blogopara.com.br\/index.php\/wp-json\/wp\/v2\/media?parent=42737"}],"wp:term":[{"taxonomy":"category","embeddable":true,"href":"https:\/\/blogopara.com.br\/index.php\/wp-json\/wp\/v2\/categories?post=42737"},{"taxonomy":"post_tag","embeddable":true,"href":"https:\/\/blogopara.com.br\/index.php\/wp-json\/wp\/v2\/tags?post=42737"}],"curies":[{"name":"wp","href":"https:\/\/api.w.org\/{rel}","templated":true}]}}