{"id":42747,"date":"2022-09-20T20:38:00","date_gmt":"2022-09-20T23:38:00","guid":{"rendered":"https:\/\/blogopara.com.br\/?p=42747"},"modified":"2022-09-20T10:46:42","modified_gmt":"2022-09-20T13:46:42","slug":"os-emojis-de-cenoura-que-escondem-mensagens-antivacinas-nas-redes-sociais","status":"publish","type":"post","link":"https:\/\/blogopara.com.br\/index.php\/2022\/09\/20\/os-emojis-de-cenoura-que-escondem-mensagens-antivacinas-nas-redes-sociais","title":{"rendered":"Os emojis de cenoura que escondem mensagens antivacinas nas redes sociais"},"content":{"rendered":"<div class=\"bbc-19j92fr ebmt73l0\" dir=\"ltr\">\n<p class=\"bbc-hhl7in e17g058b0\" dir=\"ltr\" style=\"text-align: justify;\">Grupos do Facebook est\u00e3o usando o emoji de cenoura para ocultar conte\u00fado antivacina das ferramentas de modera\u00e7\u00e3o automatizadas.<\/p>\n<\/div>\n<div class=\"bbc-19j92fr ebmt73l0\" dir=\"ltr\" style=\"text-align: justify;\">\n<p class=\"bbc-hhl7in e17g058b0\" dir=\"ltr\">A BBC viu v\u00e1rios grupos, um deles com centenas de milhares de membros, nos quais o emoji aparece no lugar da palavra &#8220;vacina&#8221;.<\/p>\n<\/div>\n<div class=\"bbc-19j92fr ebmt73l0\" dir=\"ltr\" style=\"text-align: justify;\">\n<p class=\"bbc-hhl7in e17g058b0\" dir=\"ltr\">Os algoritmos do Facebook tendem a se concentrar em palavras, em vez de imagens.<\/p>\n<\/div>\n<div class=\"bbc-19j92fr ebmt73l0\" dir=\"ltr\" style=\"text-align: justify;\">\n<p class=\"bbc-hhl7in e17g058b0\" dir=\"ltr\">Os grupos est\u00e3o sendo usados \u200b\u200bpara compartilhar relatos n\u00e3o confirmados de pessoas que teriam ficado com sequelas ou sido at\u00e9 mortas por vacinas.<\/p>\n<\/div>\n<div class=\"bbc-19j92fr ebmt73l0\" dir=\"ltr\" style=\"text-align: justify;\">\n<p class=\"bbc-hhl7in e17g058b0\" dir=\"ltr\">Ap\u00f3s a BBC entrar em contato com a Meta, empresa dona do Facebook, os grupos foram removidos.<\/p>\n<\/div>\n<div class=\"bbc-19j92fr ebmt73l0\" dir=\"ltr\" style=\"text-align: justify;\">\n<p class=\"bbc-hhl7in e17g058b0\" dir=\"ltr\">&#8220;Removemos este grupo por violar nossas pol\u00edticas relacionadas \u00e0 desinforma\u00e7\u00e3o prejudicial e avaliaremos qualquer outro conte\u00fado semelhante de acordo com esta pol\u00edtica. Continuamos trabalhando em estreita colabora\u00e7\u00e3o com especialistas em sa\u00fade p\u00fablica e o governo do Reino Unido para combater ainda mais a desinforma\u00e7\u00e3o sobre a vacina contra covid&#8221;, declarou a empresa em um comunicado.<\/p>\n<\/div>\n<div class=\"bbc-19j92fr ebmt73l0\" dir=\"ltr\" style=\"text-align: justify;\">\n<p class=\"bbc-hhl7in e17g058b0\" dir=\"ltr\">Mas os grupos reapareceram desde ent\u00e3o em nossas buscas.<\/p>\n<\/div>\n<div class=\"bbc-19j92fr ebmt73l0\" dir=\"ltr\" style=\"text-align: justify;\">\n<p class=\"bbc-hhl7in e17g058b0\" dir=\"ltr\">Um grupo que vimos existe h\u00e1 tr\u00eas anos, mas mudou de nome em agosto de 2022 para se concentrar em hist\u00f3rias sobre vacinas \u2014 antes era um grupo para compartilhar &#8220;brincadeiras, apostas e v\u00eddeos engra\u00e7ados&#8221;.<\/p>\n<\/div>\n<div class=\"bbc-19j92fr ebmt73l0\" dir=\"ltr\" style=\"text-align: justify;\">\n<p class=\"bbc-hhl7in e17g058b0\" dir=\"ltr\">As regras do grupo maior afirmam: &#8220;Use palavras de c\u00f3digo para tudo&#8221;. E acrescenta: &#8220;Nunca use a palavra com &#8216;c&#8217;, a palavra com &#8216;v&#8217; ou a palavra com &#8216;r&#8217; (covid, vacina, refor\u00e7o, respectivamente)&#8221;. Foi criado h\u00e1 mais de um ano e tem mais de 250 mil membros.<\/p>\n<\/div>\n<div class=\"bbc-19j92fr ebmt73l0\" dir=\"ltr\" style=\"text-align: justify;\">\n<p class=\"bbc-hhl7in e17g058b0\" dir=\"ltr\">Marc Owen-Jones, pesquisador de desinforma\u00e7\u00e3o e professor associado da Universidade Hamad Bin Khalifa, no Catar, foi convidado a participar da observa\u00e7\u00e3o.<\/p>\n<\/div>\n<div class=\"bbc-19j92fr ebmt73l0\" dir=\"ltr\" style=\"text-align: justify;\">\n<p class=\"bbc-hhl7in e17g058b0\" dir=\"ltr\">&#8220;Eram pessoas dando relatos de parentes que morreram logo ap\u00f3s tomarem a vacina contra covid-19&#8221;, diz ele.<\/p>\n<\/div>\n<div class=\"bbc-19j92fr ebmt73l0\" dir=\"ltr\" style=\"text-align: justify;\">\n<p class=\"bbc-hhl7in e17g058b0\" dir=\"ltr\">&#8220;Mas em vez de usar as palavras &#8216;covid-19&#8217; ou &#8216;vacina&#8217;, eles estavam usando emojis de cenoura.&#8221;<\/p>\n<\/div>\n<div class=\"bbc-19j92fr ebmt73l0\" dir=\"ltr\">\n<p class=\"bbc-hhl7in e17g058b0\" dir=\"ltr\" style=\"text-align: justify;\">&#8220;Inicialmente, eu fiquei um pouco confuso. At\u00e9 que a ficha caiu \u2014 (os emojis) estavam sendo usados como uma forma de escapar, ou aparentemente de escapar, dos algoritmos de detec\u00e7\u00e3o de not\u00edcias falsas do Facebook.&#8221;<\/p>\n<\/div>\n\n\n<p>BBC Brasil<\/p>\n","protected":false},"excerpt":{"rendered":"<p>Grupos do Facebook est\u00e3o usando o emoji de cenoura para ocultar conte\u00fado antivacina das ferramentas de modera\u00e7\u00e3o automatizadas. A BBC viu v\u00e1rios grupos, um deles com centenas de milhares de membros, nos quais o emoji aparece no lugar da palavra &#8220;vacina&#8221;. Os algoritmos do Facebook tendem a se concentrar em palavras, em vez de imagens. [&hellip;]<\/p>\n","protected":false},"author":1,"featured_media":42748,"comment_status":"closed","ping_status":"open","sticky":false,"template":"","format":"standard","meta":{"_uag_custom_page_level_css":"","_monsterinsights_skip_tracking":false,"_monsterinsights_sitenote_active":false,"_monsterinsights_sitenote_note":"","_monsterinsights_sitenote_category":0,"jetpack_post_was_ever_published":false,"_jetpack_newsletter_access":"","_jetpack_dont_email_post_to_subs":false,"_jetpack_newsletter_tier_id":0,"_jetpack_memberships_contains_paywalled_content":false,"_jetpack_memberships_contains_paid_content":false,"footnotes":"","jetpack_publicize_message":"","jetpack_publicize_feature_enabled":true,"jetpack_social_post_already_shared":true,"jetpack_social_options":{"image_generator_settings":{"template":"highway","default_image_id":0,"font":"","enabled":false},"version":2}},"categories":[200],"tags":[],"class_list":["post-42747","post","type-post","status-publish","format-standard","has-post-thumbnail","hentry","category-brasil"],"jetpack_publicize_connections":[],"jetpack_featured_media_url":"https:\/\/blogopara.com.br\/wp-content\/uploads\/2022\/09\/WhatsApp-Image-2022-09-20-at-10.44.00.jpg","uagb_featured_image_src":{"full":["https:\/\/blogopara.com.br\/wp-content\/uploads\/2022\/09\/WhatsApp-Image-2022-09-20-at-10.44.00.jpg",500,289,false],"thumbnail":["https:\/\/blogopara.com.br\/wp-content\/uploads\/2022\/09\/WhatsApp-Image-2022-09-20-at-10.44.00-150x150.jpg",150,150,true],"medium":["https:\/\/blogopara.com.br\/wp-content\/uploads\/2022\/09\/WhatsApp-Image-2022-09-20-at-10.44.00-300x173.jpg",300,173,true],"medium_large":["https:\/\/blogopara.com.br\/wp-content\/uploads\/2022\/09\/WhatsApp-Image-2022-09-20-at-10.44.00.jpg",500,289,false],"large":["https:\/\/blogopara.com.br\/wp-content\/uploads\/2022\/09\/WhatsApp-Image-2022-09-20-at-10.44.00.jpg",500,289,false],"1536x1536":["https:\/\/blogopara.com.br\/wp-content\/uploads\/2022\/09\/WhatsApp-Image-2022-09-20-at-10.44.00.jpg",500,289,false],"2048x2048":["https:\/\/blogopara.com.br\/wp-content\/uploads\/2022\/09\/WhatsApp-Image-2022-09-20-at-10.44.00.jpg",500,289,false],"mantranews-slider-large":["https:\/\/blogopara.com.br\/wp-content\/uploads\/2022\/09\/WhatsApp-Image-2022-09-20-at-10.44.00.jpg",500,289,false],"mantranews-featured-medium":["https:\/\/blogopara.com.br\/wp-content\/uploads\/2022\/09\/WhatsApp-Image-2022-09-20-at-10.44.00-420x289.jpg",420,289,true],"mantranews-featured-long":["https:\/\/blogopara.com.br\/wp-content\/uploads\/2022\/09\/WhatsApp-Image-2022-09-20-at-10.44.00-300x289.jpg",300,289,true],"mantranews-block-medium":["https:\/\/blogopara.com.br\/wp-content\/uploads\/2022\/09\/WhatsApp-Image-2022-09-20-at-10.44.00-464x289.jpg",464,289,true],"mantranews-carousel-image":["https:\/\/blogopara.com.br\/wp-content\/uploads\/2022\/09\/WhatsApp-Image-2022-09-20-at-10.44.00.jpg",500,289,false],"mantranews-block-thumb":["https:\/\/blogopara.com.br\/wp-content\/uploads\/2022\/09\/WhatsApp-Image-2022-09-20-at-10.44.00-322x230.jpg",322,230,true],"mantranews-single-large":["https:\/\/blogopara.com.br\/wp-content\/uploads\/2022\/09\/WhatsApp-Image-2022-09-20-at-10.44.00.jpg",500,289,false]},"uagb_author_info":{"display_name":"Reda\u00e7\u00e3o geral","author_link":"https:\/\/blogopara.com.br\/index.php\/author\/blogopara"},"uagb_comment_info":0,"uagb_excerpt":"Grupos do Facebook est\u00e3o usando o emoji de cenoura para ocultar conte\u00fado antivacina das ferramentas de modera\u00e7\u00e3o automatizadas. A BBC viu v\u00e1rios grupos, um deles com centenas de milhares de membros, nos quais o emoji aparece no lugar da palavra &#8220;vacina&#8221;. Os algoritmos do Facebook tendem a se concentrar em palavras, em vez de imagens.&hellip;","jetpack_sharing_enabled":true,"jetpack_likes_enabled":true,"_links":{"self":[{"href":"https:\/\/blogopara.com.br\/index.php\/wp-json\/wp\/v2\/posts\/42747","targetHints":{"allow":["GET"]}}],"collection":[{"href":"https:\/\/blogopara.com.br\/index.php\/wp-json\/wp\/v2\/posts"}],"about":[{"href":"https:\/\/blogopara.com.br\/index.php\/wp-json\/wp\/v2\/types\/post"}],"author":[{"embeddable":true,"href":"https:\/\/blogopara.com.br\/index.php\/wp-json\/wp\/v2\/users\/1"}],"replies":[{"embeddable":true,"href":"https:\/\/blogopara.com.br\/index.php\/wp-json\/wp\/v2\/comments?post=42747"}],"version-history":[{"count":1,"href":"https:\/\/blogopara.com.br\/index.php\/wp-json\/wp\/v2\/posts\/42747\/revisions"}],"predecessor-version":[{"id":42749,"href":"https:\/\/blogopara.com.br\/index.php\/wp-json\/wp\/v2\/posts\/42747\/revisions\/42749"}],"wp:featuredmedia":[{"embeddable":true,"href":"https:\/\/blogopara.com.br\/index.php\/wp-json\/wp\/v2\/media\/42748"}],"wp:attachment":[{"href":"https:\/\/blogopara.com.br\/index.php\/wp-json\/wp\/v2\/media?parent=42747"}],"wp:term":[{"taxonomy":"category","embeddable":true,"href":"https:\/\/blogopara.com.br\/index.php\/wp-json\/wp\/v2\/categories?post=42747"},{"taxonomy":"post_tag","embeddable":true,"href":"https:\/\/blogopara.com.br\/index.php\/wp-json\/wp\/v2\/tags?post=42747"}],"curies":[{"name":"wp","href":"https:\/\/api.w.org\/{rel}","templated":true}]}}