{"id":42750,"date":"2022-09-20T19:35:00","date_gmt":"2022-09-20T22:35:00","guid":{"rendered":"https:\/\/blogopara.com.br\/?p=42750"},"modified":"2022-09-20T10:49:41","modified_gmt":"2022-09-20T13:49:41","slug":"jua-arborizado-mais-de-100-mudas-de-arvores-nativas-sao-doadas-em-acao-da-prefeitura-de-juazeiro-durante-a-feira-do-bode-do-junco","status":"publish","type":"post","link":"https:\/\/blogopara.com.br\/index.php\/2022\/09\/20\/jua-arborizado-mais-de-100-mudas-de-arvores-nativas-sao-doadas-em-acao-da-prefeitura-de-juazeiro-durante-a-feira-do-bode-do-junco","title":{"rendered":"Ju\u00e1 Arborizado\u2019: mais de 100 mudas de \u00e1rvores nativas s\u00e3o doadas em a\u00e7\u00e3o da Prefeitura de Juazeiro durante a Feira do Bode do Junco"},"content":{"rendered":"<p style=\"font-weight: 400; text-align: justify;\">\u00a0Secretaria de Meio Ambiente e Ordenamento Urbano de Juazeiro (Semaurb) realizou mais uma a\u00e7\u00e3o do Projeto \u2018Ju\u00e1 Arborizado\u2019. Desta vez no distrito do Junco, interior do munic\u00edpio, durante a 4\u00aa edi\u00e7\u00e3o da Feira do Bode do local, que aconteceu no \u00faltimo fim de semana, promovida pela Prefeitura Municipal, atrav\u00e9s da Ag\u00eancia de Desenvolvimento Econ\u00f4mico, Agricultura e Pecu\u00e1ria (Adeap).<\/p>\n<p style=\"font-weight: 400; text-align: justify;\">Durante o evento, a equipe ambiental da Semaurb distribuiu mais de 100 mudas de esp\u00e9cies nativas da caatinga aos participantes. As mudas foram doadas pela empresa Agrovale, que \u00e9 parceira da Semaurb no projeto Ju\u00e1 Arborizado. Moradores da comunidade e visitantes da feira gostaram da iniciativa. \u201cAchei muito importante essa a\u00e7\u00e3o, recebi uma muda, vou plantar e cuidar dela para que ela cres\u00e7a logo e fa\u00e7a sombra. Se cada um fizer sua parte, o meio ambiente vai saber compensar\u201d, disse o agricultor Jo\u00e3o da Silva.<\/p>\n<p style=\"font-weight: 400; text-align: justify;\">A Semaurb realizou ainda o plantio simb\u00f3lico de algumas mudas no espa\u00e7o da feira e na \u00e1rea externa da Escola Municipal Manoel Nunes Amorim, uma parceria j\u00e1 consolidada com a Adeap.<\/p>\n<p style=\"font-weight: 400; text-align: justify;\">\u201cA distribui\u00e7\u00e3o e plantio de mudas durante a realiza\u00e7\u00e3o da Feira do Bode foi pensando em levar para os moradores dos distritos os benef\u00edcios da arboriza\u00e7\u00e3o. Nas edi\u00e7\u00f5es da Feira do Bode j\u00e1 realizadas este ano a Semaurb fez o plantio e aqui no Junco n\u00e3o seria diferente. Tamb\u00e9m beneficiamos a Escola Municipal Manoel Nunes Amorim onde j\u00e1 hav\u00edamos promovido algumas a\u00e7\u00f5es de Educa\u00e7\u00e3o Ambiental na semana do meio ambiente, e nesse momento conclu\u00edmos a solicita\u00e7\u00e3o com a arboriza\u00e7\u00e3o do local, a quem agradecemos \u00e0 dire\u00e7\u00e3o pelo convite. N\u00f3s do setor de Meio Ambiente queremos mais uma vez reafirmar a parceria com a Adeap e aproveitar para agradecer tamb\u00e9m a comunidade do Junco e dizer que estamos \u00e0 disposi\u00e7\u00e3o para futuras a\u00e7\u00f5es ambientais\u201d, declarou a bi\u00f3loga da Semaurb, Emille Souza.<\/p>\n<p style=\"font-weight: 400; text-align: justify;\">Ascom PMJ<\/p>\n","protected":false},"excerpt":{"rendered":"<p>\u00a0Secretaria de Meio Ambiente e Ordenamento Urbano de Juazeiro (Semaurb) realizou mais uma a\u00e7\u00e3o do Projeto \u2018Ju\u00e1 Arborizado\u2019. Desta vez no distrito do Junco, interior do munic\u00edpio, durante a 4\u00aa edi\u00e7\u00e3o da Feira do Bode do local, que aconteceu no \u00faltimo fim de semana, promovida pela Prefeitura Municipal, atrav\u00e9s da Ag\u00eancia de Desenvolvimento Econ\u00f4mico, Agricultura [&hellip;]<\/p>\n","protected":false},"author":1,"featured_media":42751,"comment_status":"closed","ping_status":"open","sticky":false,"template":"","format":"standard","meta":{"_uag_custom_page_level_css":"","_monsterinsights_skip_tracking":false,"_monsterinsights_sitenote_active":false,"_monsterinsights_sitenote_note":"","_monsterinsights_sitenote_category":0,"jetpack_post_was_ever_published":false,"_jetpack_newsletter_access":"","_jetpack_dont_email_post_to_subs":false,"_jetpack_newsletter_tier_id":0,"_jetpack_memberships_contains_paywalled_content":false,"_jetpack_memberships_contains_paid_content":false,"footnotes":"","jetpack_publicize_message":"","jetpack_publicize_feature_enabled":true,"jetpack_social_post_already_shared":true,"jetpack_social_options":{"image_generator_settings":{"template":"highway","default_image_id":0,"font":"","enabled":false},"version":2}},"categories":[203],"tags":[],"class_list":["post-42750","post","type-post","status-publish","format-standard","has-post-thumbnail","hentry","category-juazeiro"],"jetpack_publicize_connections":[],"jetpack_featured_media_url":"https:\/\/blogopara.com.br\/wp-content\/uploads\/2022\/09\/Jua-Arborizado-Junco-Salitre-19.jpg","uagb_featured_image_src":{"full":["https:\/\/blogopara.com.br\/wp-content\/uploads\/2022\/09\/Jua-Arborizado-Junco-Salitre-19.jpg",500,375,false],"thumbnail":["https:\/\/blogopara.com.br\/wp-content\/uploads\/2022\/09\/Jua-Arborizado-Junco-Salitre-19-150x150.jpg",150,150,true],"medium":["https:\/\/blogopara.com.br\/wp-content\/uploads\/2022\/09\/Jua-Arborizado-Junco-Salitre-19-300x225.jpg",300,225,true],"medium_large":["https:\/\/blogopara.com.br\/wp-content\/uploads\/2022\/09\/Jua-Arborizado-Junco-Salitre-19.jpg",500,375,false],"large":["https:\/\/blogopara.com.br\/wp-content\/uploads\/2022\/09\/Jua-Arborizado-Junco-Salitre-19.jpg",500,375,false],"1536x1536":["https:\/\/blogopara.com.br\/wp-content\/uploads\/2022\/09\/Jua-Arborizado-Junco-Salitre-19.jpg",500,375,false],"2048x2048":["https:\/\/blogopara.com.br\/wp-content\/uploads\/2022\/09\/Jua-Arborizado-Junco-Salitre-19.jpg",500,375,false],"mantranews-slider-large":["https:\/\/blogopara.com.br\/wp-content\/uploads\/2022\/09\/Jua-Arborizado-Junco-Salitre-19.jpg",500,375,false],"mantranews-featured-medium":["https:\/\/blogopara.com.br\/wp-content\/uploads\/2022\/09\/Jua-Arborizado-Junco-Salitre-19-420x307.jpg",420,307,true],"mantranews-featured-long":["https:\/\/blogopara.com.br\/wp-content\/uploads\/2022\/09\/Jua-Arborizado-Junco-Salitre-19-300x375.jpg",300,375,true],"mantranews-block-medium":["https:\/\/blogopara.com.br\/wp-content\/uploads\/2022\/09\/Jua-Arborizado-Junco-Salitre-19-464x290.jpg",464,290,true],"mantranews-carousel-image":["https:\/\/blogopara.com.br\/wp-content\/uploads\/2022\/09\/Jua-Arborizado-Junco-Salitre-19.jpg",500,375,false],"mantranews-block-thumb":["https:\/\/blogopara.com.br\/wp-content\/uploads\/2022\/09\/Jua-Arborizado-Junco-Salitre-19-322x230.jpg",322,230,true],"mantranews-single-large":["https:\/\/blogopara.com.br\/wp-content\/uploads\/2022\/09\/Jua-Arborizado-Junco-Salitre-19.jpg",500,375,false]},"uagb_author_info":{"display_name":"Reda\u00e7\u00e3o geral","author_link":"https:\/\/blogopara.com.br\/index.php\/author\/blogopara"},"uagb_comment_info":0,"uagb_excerpt":"\u00a0Secretaria de Meio Ambiente e Ordenamento Urbano de Juazeiro (Semaurb) realizou mais uma a\u00e7\u00e3o do Projeto \u2018Ju\u00e1 Arborizado\u2019. Desta vez no distrito do Junco, interior do munic\u00edpio, durante a 4\u00aa edi\u00e7\u00e3o da Feira do Bode do local, que aconteceu no \u00faltimo fim de semana, promovida pela Prefeitura Municipal, atrav\u00e9s da Ag\u00eancia de Desenvolvimento Econ\u00f4mico, Agricultura&hellip;","jetpack_sharing_enabled":true,"jetpack_likes_enabled":true,"_links":{"self":[{"href":"https:\/\/blogopara.com.br\/index.php\/wp-json\/wp\/v2\/posts\/42750","targetHints":{"allow":["GET"]}}],"collection":[{"href":"https:\/\/blogopara.com.br\/index.php\/wp-json\/wp\/v2\/posts"}],"about":[{"href":"https:\/\/blogopara.com.br\/index.php\/wp-json\/wp\/v2\/types\/post"}],"author":[{"embeddable":true,"href":"https:\/\/blogopara.com.br\/index.php\/wp-json\/wp\/v2\/users\/1"}],"replies":[{"embeddable":true,"href":"https:\/\/blogopara.com.br\/index.php\/wp-json\/wp\/v2\/comments?post=42750"}],"version-history":[{"count":1,"href":"https:\/\/blogopara.com.br\/index.php\/wp-json\/wp\/v2\/posts\/42750\/revisions"}],"predecessor-version":[{"id":42752,"href":"https:\/\/blogopara.com.br\/index.php\/wp-json\/wp\/v2\/posts\/42750\/revisions\/42752"}],"wp:featuredmedia":[{"embeddable":true,"href":"https:\/\/blogopara.com.br\/index.php\/wp-json\/wp\/v2\/media\/42751"}],"wp:attachment":[{"href":"https:\/\/blogopara.com.br\/index.php\/wp-json\/wp\/v2\/media?parent=42750"}],"wp:term":[{"taxonomy":"category","embeddable":true,"href":"https:\/\/blogopara.com.br\/index.php\/wp-json\/wp\/v2\/categories?post=42750"},{"taxonomy":"post_tag","embeddable":true,"href":"https:\/\/blogopara.com.br\/index.php\/wp-json\/wp\/v2\/tags?post=42750"}],"curies":[{"name":"wp","href":"https:\/\/api.w.org\/{rel}","templated":true}]}}