{"id":42770,"date":"2022-09-21T14:35:00","date_gmt":"2022-09-21T17:35:00","guid":{"rendered":"https:\/\/blogopara.com.br\/?p=42770"},"modified":"2022-09-20T19:59:33","modified_gmt":"2022-09-20T22:59:33","slug":"rock-na-van-transforma-petrolina-apoia-primeiro-festival-de-rock-solidario-do-vale-do-sao-francisco","status":"publish","type":"post","link":"https:\/\/blogopara.com.br\/index.php\/2022\/09\/21\/rock-na-van-transforma-petrolina-apoia-primeiro-festival-de-rock-solidario-do-vale-do-sao-francisco","title":{"rendered":"Rock na Van: Transforma Petrolina apoia primeiro festival de Rock Solid\u00e1rio do Vale do S\u00e3o Francisco"},"content":{"rendered":"<p style=\"text-align: justify;\">Solidariedade, m\u00fasica, gastronomia e muito Rock and Roll. O primeiro Festival de Rock do Vale do S\u00e3o Francisco, o \u2018Rock na Van\u2019 ser\u00e1 realizado \u00e0s 16h, do dia 8 de outubro na Ch\u00e1cara Milleniun. O festival solid\u00e1rio conta com o apoio do Programa Transforma Petrolina e beneficiar\u00e1 tr\u00eas iniciativas sociais da regi\u00e3o.<\/p>\n<p style=\"text-align: justify;\">O \u201cRock na Van\u201d, reunir\u00e1 atra\u00e7\u00f5es musicais consagradas no cen\u00e1rio local, como o Rock tupiniquim da \u201cSebasti\u00e3o\u201d, o cl\u00e1ssico e a psicodelia da \u201cThe Odd Folks\u201d e o rock ao Bai\u00e3o da \u201cDubaia\u201d. O festival tamb\u00e9m ser\u00e1 open bar e contar\u00e1 com quiosques, lojas de itens personalizados, \u00e1rea gourmet, flash tatto e exposi\u00e7\u00f5es de artistas.<\/p>\n\n\n<p>Ascom Transforma Petrolina<\/p>\n","protected":false},"excerpt":{"rendered":"<p>Solidariedade, m\u00fasica, gastronomia e muito Rock and Roll. O primeiro Festival de Rock do Vale do S\u00e3o Francisco, o \u2018Rock na Van\u2019 ser\u00e1 realizado \u00e0s 16h, do dia 8 de outubro na Ch\u00e1cara Milleniun. O festival solid\u00e1rio conta com o apoio do Programa Transforma Petrolina e beneficiar\u00e1 tr\u00eas iniciativas sociais da regi\u00e3o. O \u201cRock na [&hellip;]<\/p>\n","protected":false},"author":1,"featured_media":42771,"comment_status":"closed","ping_status":"open","sticky":false,"template":"","format":"standard","meta":{"_uag_custom_page_level_css":"","_monsterinsights_skip_tracking":false,"_monsterinsights_sitenote_active":false,"_monsterinsights_sitenote_note":"","_monsterinsights_sitenote_category":0,"jetpack_post_was_ever_published":false,"_jetpack_newsletter_access":"","_jetpack_dont_email_post_to_subs":false,"_jetpack_newsletter_tier_id":0,"_jetpack_memberships_contains_paywalled_content":false,"_jetpack_memberships_contains_paid_content":false,"footnotes":"","jetpack_publicize_message":"","jetpack_publicize_feature_enabled":true,"jetpack_social_post_already_shared":true,"jetpack_social_options":{"image_generator_settings":{"template":"highway","default_image_id":0,"font":"","enabled":false},"version":2}},"categories":[1784],"tags":[],"class_list":["post-42770","post","type-post","status-publish","format-standard","has-post-thumbnail","hentry","category-cultura-2"],"jetpack_publicize_connections":[],"jetpack_featured_media_url":"https:\/\/blogopara.com.br\/wp-content\/uploads\/2022\/09\/WhatsApp-Image-2022-09-20-at-19.54.33.jpg","uagb_featured_image_src":{"full":["https:\/\/blogopara.com.br\/wp-content\/uploads\/2022\/09\/WhatsApp-Image-2022-09-20-at-19.54.33.jpg",500,430,false],"thumbnail":["https:\/\/blogopara.com.br\/wp-content\/uploads\/2022\/09\/WhatsApp-Image-2022-09-20-at-19.54.33-150x150.jpg",150,150,true],"medium":["https:\/\/blogopara.com.br\/wp-content\/uploads\/2022\/09\/WhatsApp-Image-2022-09-20-at-19.54.33-300x258.jpg",300,258,true],"medium_large":["https:\/\/blogopara.com.br\/wp-content\/uploads\/2022\/09\/WhatsApp-Image-2022-09-20-at-19.54.33.jpg",500,430,false],"large":["https:\/\/blogopara.com.br\/wp-content\/uploads\/2022\/09\/WhatsApp-Image-2022-09-20-at-19.54.33.jpg",500,430,false],"1536x1536":["https:\/\/blogopara.com.br\/wp-content\/uploads\/2022\/09\/WhatsApp-Image-2022-09-20-at-19.54.33.jpg",500,430,false],"2048x2048":["https:\/\/blogopara.com.br\/wp-content\/uploads\/2022\/09\/WhatsApp-Image-2022-09-20-at-19.54.33.jpg",500,430,false],"mantranews-slider-large":["https:\/\/blogopara.com.br\/wp-content\/uploads\/2022\/09\/WhatsApp-Image-2022-09-20-at-19.54.33.jpg",500,430,false],"mantranews-featured-medium":["https:\/\/blogopara.com.br\/wp-content\/uploads\/2022\/09\/WhatsApp-Image-2022-09-20-at-19.54.33-420x307.jpg",420,307,true],"mantranews-featured-long":["https:\/\/blogopara.com.br\/wp-content\/uploads\/2022\/09\/WhatsApp-Image-2022-09-20-at-19.54.33-300x430.jpg",300,430,true],"mantranews-block-medium":["https:\/\/blogopara.com.br\/wp-content\/uploads\/2022\/09\/WhatsApp-Image-2022-09-20-at-19.54.33-464x290.jpg",464,290,true],"mantranews-carousel-image":["https:\/\/blogopara.com.br\/wp-content\/uploads\/2022\/09\/WhatsApp-Image-2022-09-20-at-19.54.33.jpg",500,430,false],"mantranews-block-thumb":["https:\/\/blogopara.com.br\/wp-content\/uploads\/2022\/09\/WhatsApp-Image-2022-09-20-at-19.54.33-322x230.jpg",322,230,true],"mantranews-single-large":["https:\/\/blogopara.com.br\/wp-content\/uploads\/2022\/09\/WhatsApp-Image-2022-09-20-at-19.54.33.jpg",500,430,false]},"uagb_author_info":{"display_name":"Reda\u00e7\u00e3o geral","author_link":"https:\/\/blogopara.com.br\/index.php\/author\/blogopara"},"uagb_comment_info":0,"uagb_excerpt":"Solidariedade, m\u00fasica, gastronomia e muito Rock and Roll. O primeiro Festival de Rock do Vale do S\u00e3o Francisco, o \u2018Rock na Van\u2019 ser\u00e1 realizado \u00e0s 16h, do dia 8 de outubro na Ch\u00e1cara Milleniun. O festival solid\u00e1rio conta com o apoio do Programa Transforma Petrolina e beneficiar\u00e1 tr\u00eas iniciativas sociais da regi\u00e3o. O \u201cRock na&hellip;","jetpack_sharing_enabled":true,"jetpack_likes_enabled":true,"_links":{"self":[{"href":"https:\/\/blogopara.com.br\/index.php\/wp-json\/wp\/v2\/posts\/42770","targetHints":{"allow":["GET"]}}],"collection":[{"href":"https:\/\/blogopara.com.br\/index.php\/wp-json\/wp\/v2\/posts"}],"about":[{"href":"https:\/\/blogopara.com.br\/index.php\/wp-json\/wp\/v2\/types\/post"}],"author":[{"embeddable":true,"href":"https:\/\/blogopara.com.br\/index.php\/wp-json\/wp\/v2\/users\/1"}],"replies":[{"embeddable":true,"href":"https:\/\/blogopara.com.br\/index.php\/wp-json\/wp\/v2\/comments?post=42770"}],"version-history":[{"count":1,"href":"https:\/\/blogopara.com.br\/index.php\/wp-json\/wp\/v2\/posts\/42770\/revisions"}],"predecessor-version":[{"id":42772,"href":"https:\/\/blogopara.com.br\/index.php\/wp-json\/wp\/v2\/posts\/42770\/revisions\/42772"}],"wp:featuredmedia":[{"embeddable":true,"href":"https:\/\/blogopara.com.br\/index.php\/wp-json\/wp\/v2\/media\/42771"}],"wp:attachment":[{"href":"https:\/\/blogopara.com.br\/index.php\/wp-json\/wp\/v2\/media?parent=42770"}],"wp:term":[{"taxonomy":"category","embeddable":true,"href":"https:\/\/blogopara.com.br\/index.php\/wp-json\/wp\/v2\/categories?post=42770"},{"taxonomy":"post_tag","embeddable":true,"href":"https:\/\/blogopara.com.br\/index.php\/wp-json\/wp\/v2\/tags?post=42770"}],"curies":[{"name":"wp","href":"https:\/\/api.w.org\/{rel}","templated":true}]}}