{"id":42774,"date":"2022-09-21T10:36:00","date_gmt":"2022-09-21T13:36:00","guid":{"rendered":"https:\/\/blogopara.com.br\/?p=42774"},"modified":"2022-09-20T20:07:10","modified_gmt":"2022-09-20T23:07:10","slug":"prazo-para-pedir-2a-via-do-titulo-de-eleitor-termina-na-quinta-feira","status":"publish","type":"post","link":"https:\/\/blogopara.com.br\/index.php\/2022\/09\/21\/prazo-para-pedir-2a-via-do-titulo-de-eleitor-termina-na-quinta-feira","title":{"rendered":"Prazo para pedir 2\u00aa via do t\u00edtulo de eleitor termina na quinta-feira"},"content":{"rendered":"<p style=\"text-align: justify;\">O eleitor que perdeu o t\u00edtulo eleitoral ou teve o documento extraviado tem at\u00e9 esta quinta-feira (22), 10 dias antes do primeiro turno do pleito, para solicitar a segunda via no cart\u00f3rio eleitoral da zona onde tem cadastro.<\/p>\n<p style=\"text-align: justify;\">De acordo com o Tribunal Superior Eleitoral (TSE), para a emiss\u00e3o da segunda via do t\u00edtulo o eleitor deve estar quite com a Justi\u00e7a Eleitoral, ou seja, n\u00e3o poder\u00e1 ter d\u00e9bitos pendentes, como multas por aus\u00eancia \u00e0s urnas ou aos trabalhos eleitorais \u2013 como o de mes\u00e1rio \u2013, ou ainda multas em raz\u00e3o de viola\u00e7\u00e3o de dispositivos do C\u00f3digo Eleitoral.<\/p>\n<p style=\"text-align: justify;\">Neste ano, o eleitor com situa\u00e7\u00e3o regular na Justi\u00e7a Eleitoral poder\u00e1 imprimir o t\u00edtulo diretamente na ferramenta Autoatendimento do Eleitor, no Portal do TSE na internet, no campo \u201cImprimir o t\u00edtulo eleitoral\u201d.<\/p>\n<p style=\"text-align: justify;\"><strong>Documentos<\/strong><br \/>O t\u00edtulo eleitoral n\u00e3o \u00e9 o \u00fanico documento que d\u00e1 direito \u00e0 participa\u00e7\u00e3o nas elei\u00e7\u00f5es. As pessoas aptas a votar podem se apresentar \u00e0 mesa de vota\u00e7\u00e3o com qualquer documento oficial com foto, como a carteira de identidade, a carteira de trabalho, a carteira de motorista ou o passaporte, por exemplo.<\/p>\n<p style=\"text-align: justify;\">H\u00e1 ainda a op\u00e7\u00e3o de levar a vers\u00e3o digital do t\u00edtulo eleitoral, o e-T\u00edtulo, que pode ser obtido gratuitamente por meio de aplicativo para dispositivos m\u00f3veis nas lojas virtuais Apple Store e Google Play.<\/p>\n<p style=\"text-align: justify;\">O e-T\u00edtulo tamb\u00e9m possibilita a apresenta\u00e7\u00e3o de justificativa eleitoral e oferece uma s\u00e9rie de servi\u00e7os e informa\u00e7\u00f5es, como a emiss\u00e3o das certid\u00f5es de quita\u00e7\u00e3o eleitoral e de crimes eleitorais; o acesso e a emiss\u00e3o de guia para o pagamento de multas; a consulta ao local de vota\u00e7\u00e3o; e a inscri\u00e7\u00e3o como mes\u00e1rio volunt\u00e1rio, entre outros.<\/p>\n\n\n<p>Informe Baiano<\/p>\n","protected":false},"excerpt":{"rendered":"<p>O eleitor que perdeu o t\u00edtulo eleitoral ou teve o documento extraviado tem at\u00e9 esta quinta-feira (22), 10 dias antes do primeiro turno do pleito, para solicitar a segunda via no cart\u00f3rio eleitoral da zona onde tem cadastro. De acordo com o Tribunal Superior Eleitoral (TSE), para a emiss\u00e3o da segunda via do t\u00edtulo o [&hellip;]<\/p>\n","protected":false},"author":1,"featured_media":42775,"comment_status":"closed","ping_status":"open","sticky":false,"template":"","format":"standard","meta":{"_uag_custom_page_level_css":"","_monsterinsights_skip_tracking":false,"_monsterinsights_sitenote_active":false,"_monsterinsights_sitenote_note":"","_monsterinsights_sitenote_category":0,"jetpack_post_was_ever_published":false,"_jetpack_newsletter_access":"","_jetpack_dont_email_post_to_subs":false,"_jetpack_newsletter_tier_id":0,"_jetpack_memberships_contains_paywalled_content":false,"_jetpack_memberships_contains_paid_content":false,"footnotes":"","jetpack_publicize_message":"","jetpack_publicize_feature_enabled":true,"jetpack_social_post_already_shared":true,"jetpack_social_options":{"image_generator_settings":{"template":"highway","default_image_id":0,"font":"","enabled":false},"version":2}},"categories":[10109],"tags":[],"class_list":["post-42774","post","type-post","status-publish","format-standard","has-post-thumbnail","hentry","category-eleicoes-2022"],"jetpack_publicize_connections":[],"jetpack_featured_media_url":"https:\/\/blogopara.com.br\/wp-content\/uploads\/2022\/09\/WhatsApp-Image-2022-09-20-at-20.04.44.jpg","uagb_featured_image_src":{"full":["https:\/\/blogopara.com.br\/wp-content\/uploads\/2022\/09\/WhatsApp-Image-2022-09-20-at-20.04.44.jpg",500,292,false],"thumbnail":["https:\/\/blogopara.com.br\/wp-content\/uploads\/2022\/09\/WhatsApp-Image-2022-09-20-at-20.04.44-150x150.jpg",150,150,true],"medium":["https:\/\/blogopara.com.br\/wp-content\/uploads\/2022\/09\/WhatsApp-Image-2022-09-20-at-20.04.44-300x175.jpg",300,175,true],"medium_large":["https:\/\/blogopara.com.br\/wp-content\/uploads\/2022\/09\/WhatsApp-Image-2022-09-20-at-20.04.44.jpg",500,292,false],"large":["https:\/\/blogopara.com.br\/wp-content\/uploads\/2022\/09\/WhatsApp-Image-2022-09-20-at-20.04.44.jpg",500,292,false],"1536x1536":["https:\/\/blogopara.com.br\/wp-content\/uploads\/2022\/09\/WhatsApp-Image-2022-09-20-at-20.04.44.jpg",500,292,false],"2048x2048":["https:\/\/blogopara.com.br\/wp-content\/uploads\/2022\/09\/WhatsApp-Image-2022-09-20-at-20.04.44.jpg",500,292,false],"mantranews-slider-large":["https:\/\/blogopara.com.br\/wp-content\/uploads\/2022\/09\/WhatsApp-Image-2022-09-20-at-20.04.44.jpg",500,292,false],"mantranews-featured-medium":["https:\/\/blogopara.com.br\/wp-content\/uploads\/2022\/09\/WhatsApp-Image-2022-09-20-at-20.04.44-420x292.jpg",420,292,true],"mantranews-featured-long":["https:\/\/blogopara.com.br\/wp-content\/uploads\/2022\/09\/WhatsApp-Image-2022-09-20-at-20.04.44-300x292.jpg",300,292,true],"mantranews-block-medium":["https:\/\/blogopara.com.br\/wp-content\/uploads\/2022\/09\/WhatsApp-Image-2022-09-20-at-20.04.44-464x290.jpg",464,290,true],"mantranews-carousel-image":["https:\/\/blogopara.com.br\/wp-content\/uploads\/2022\/09\/WhatsApp-Image-2022-09-20-at-20.04.44.jpg",500,292,false],"mantranews-block-thumb":["https:\/\/blogopara.com.br\/wp-content\/uploads\/2022\/09\/WhatsApp-Image-2022-09-20-at-20.04.44-322x230.jpg",322,230,true],"mantranews-single-large":["https:\/\/blogopara.com.br\/wp-content\/uploads\/2022\/09\/WhatsApp-Image-2022-09-20-at-20.04.44.jpg",500,292,false]},"uagb_author_info":{"display_name":"Reda\u00e7\u00e3o geral","author_link":"https:\/\/blogopara.com.br\/index.php\/author\/blogopara"},"uagb_comment_info":0,"uagb_excerpt":"O eleitor que perdeu o t\u00edtulo eleitoral ou teve o documento extraviado tem at\u00e9 esta quinta-feira (22), 10 dias antes do primeiro turno do pleito, para solicitar a segunda via no cart\u00f3rio eleitoral da zona onde tem cadastro. De acordo com o Tribunal Superior Eleitoral (TSE), para a emiss\u00e3o da segunda via do t\u00edtulo o&hellip;","jetpack_sharing_enabled":true,"jetpack_likes_enabled":true,"_links":{"self":[{"href":"https:\/\/blogopara.com.br\/index.php\/wp-json\/wp\/v2\/posts\/42774","targetHints":{"allow":["GET"]}}],"collection":[{"href":"https:\/\/blogopara.com.br\/index.php\/wp-json\/wp\/v2\/posts"}],"about":[{"href":"https:\/\/blogopara.com.br\/index.php\/wp-json\/wp\/v2\/types\/post"}],"author":[{"embeddable":true,"href":"https:\/\/blogopara.com.br\/index.php\/wp-json\/wp\/v2\/users\/1"}],"replies":[{"embeddable":true,"href":"https:\/\/blogopara.com.br\/index.php\/wp-json\/wp\/v2\/comments?post=42774"}],"version-history":[{"count":1,"href":"https:\/\/blogopara.com.br\/index.php\/wp-json\/wp\/v2\/posts\/42774\/revisions"}],"predecessor-version":[{"id":42776,"href":"https:\/\/blogopara.com.br\/index.php\/wp-json\/wp\/v2\/posts\/42774\/revisions\/42776"}],"wp:featuredmedia":[{"embeddable":true,"href":"https:\/\/blogopara.com.br\/index.php\/wp-json\/wp\/v2\/media\/42775"}],"wp:attachment":[{"href":"https:\/\/blogopara.com.br\/index.php\/wp-json\/wp\/v2\/media?parent=42774"}],"wp:term":[{"taxonomy":"category","embeddable":true,"href":"https:\/\/blogopara.com.br\/index.php\/wp-json\/wp\/v2\/categories?post=42774"},{"taxonomy":"post_tag","embeddable":true,"href":"https:\/\/blogopara.com.br\/index.php\/wp-json\/wp\/v2\/tags?post=42774"}],"curies":[{"name":"wp","href":"https:\/\/api.w.org\/{rel}","templated":true}]}}