{"id":42777,"date":"2022-09-21T13:45:00","date_gmt":"2022-09-21T16:45:00","guid":{"rendered":"https:\/\/blogopara.com.br\/?p=42777"},"modified":"2022-09-20T20:17:05","modified_gmt":"2022-09-20T23:17:05","slug":"ciro-defende-convergencia-estrategica-em-prol-do-desenvolvimento","status":"publish","type":"post","link":"https:\/\/blogopara.com.br\/index.php\/2022\/09\/21\/ciro-defende-convergencia-estrategica-em-prol-do-desenvolvimento","title":{"rendered":"Ciro defende converg\u00eancia estrat\u00e9gica em prol do desenvolvimento"},"content":{"rendered":"<p>Em evento ontem (20), em Campinas (SP), o candidato \u00e0 Presid\u00eancia da Rep\u00fablica pelo PDT, Ciro Gomes, falou em \u201cfazer uma converg\u00eancia estrat\u00e9gica\u201d em prol do desenvolvimento do pa\u00eds. Segundo ele, a China \u00e9 um exemplo disso, junto com os Estados Unidos. Ciro aponta que esses pa\u00edses souberam aliar um Estado e uma iniciativa privada fortes para alcan\u00e7ar o crescimento.<img decoding=\"async\" src=\"https:\/\/agenciabrasil.ebc.com.br\/ebc.png?id=1483460&amp;o=node\" \/><img decoding=\"async\" src=\"https:\/\/agenciabrasil.ebc.com.br\/ebc.gif?id=1483460&amp;o=node\" \/><\/p>\n<p>O candidato disse que \u00e9 preciso \u201cencerrar a batalha ideol\u00f3gica burra que hoje nos impede de raciocinar com nossa pr\u00f3pria intelig\u00eancia\u201d, em uma cr\u00edtica a espectros pol\u00edticos extremos, tanto na direita quanto na esquerda. \u201cO mundo que conseguiu \u00eaxito civilizat\u00f3rio baniu os extremismos ideol\u00f3gicos e conseguiu fazer uma converg\u00eancia estrat\u00e9gica. \u00c0s vezes estrita, como a chinesa, \u00e0s vezes pactuada, como a americana\u201d, disse.<\/p>\n<p>Ciro defendeu esse desenvolvimento na jun\u00e7\u00e3o de um Estado e iniciativa privada fortes, al\u00e9m de uma universidade capaz de produzir as solu\u00e7\u00f5es tecnol\u00f3gicas. Segundo ele, a China passou a crescer economicamente quando \u201cse livra da economia estatista<em> strictu sensu<\/em> e funda uma poderosa iniciativa privada, sem abrir m\u00e3o da tarefa indeclin\u00e1vel do Estado de prover infraestrutura, estabelecer o avan\u00e7o tecnol\u00f3gico\u201d.<\/p>\n<p>Em sabatina realizada pela Associa\u00e7\u00e3o Brasileira de Supermercados (Abras), Ciro tamb\u00e9m defendeu o fortalecimento de investimento nacional. \u201c\u00c9 completamente falsa a ideia de que se a gente cumprir o manual do bom mo\u00e7o internacional, o capital estrangeiro vir\u00e1 socorrer o Brasil. Isto nunca aconteceu na hist\u00f3ria de nenhuma na\u00e7\u00e3o\u201d, disse.<\/p>\n<p>O candidato do PDT tamb\u00e9m criticou o que chamou de \u201cdepend\u00eancia externa\u201d vivida pelo Brasil, e deu o exemplo da \u00e1rea da sa\u00fade. \u201cS\u00f3 na sa\u00fade importamos US$ 17 bilh\u00f5es por ano. Em n\u00fameros redondos, estamos falando de R$ 100 bilh\u00f5es em perda de poupan\u00e7a, financiando emprego para a China, \u00cdndia e na Europa em coisas que o pr\u00f3prio governo paga, compra e distribui aqui como rem\u00e9dios\u201d.<\/p>\n<p>Um maior investimento na produ\u00e7\u00e3o nacional e o fim dos extremismos s\u00e3o parte de um trip\u00e9 proposto por Ciro para aumentar o desenvolvimento do pa\u00eds. O terceiro fator ser\u00e1, segundo Ciro, \u201cinvestimento em gente\u201d.<\/p>\n","protected":false},"excerpt":{"rendered":"<p>Em evento ontem (20), em Campinas (SP), o candidato \u00e0 Presid\u00eancia da Rep\u00fablica pelo PDT, Ciro Gomes, falou em \u201cfazer uma converg\u00eancia estrat\u00e9gica\u201d em prol do desenvolvimento do pa\u00eds. Segundo ele, a China \u00e9 um exemplo disso, junto com os Estados Unidos. Ciro aponta que esses pa\u00edses souberam aliar um Estado e uma iniciativa privada [&hellip;]<\/p>\n","protected":false},"author":1,"featured_media":42778,"comment_status":"closed","ping_status":"open","sticky":false,"template":"","format":"standard","meta":{"_uag_custom_page_level_css":"","_monsterinsights_skip_tracking":false,"_monsterinsights_sitenote_active":false,"_monsterinsights_sitenote_note":"","_monsterinsights_sitenote_category":0,"jetpack_post_was_ever_published":false,"_jetpack_newsletter_access":"","_jetpack_dont_email_post_to_subs":false,"_jetpack_newsletter_tier_id":0,"_jetpack_memberships_contains_paywalled_content":false,"_jetpack_memberships_contains_paid_content":false,"footnotes":"","jetpack_publicize_message":"","jetpack_publicize_feature_enabled":true,"jetpack_social_post_already_shared":true,"jetpack_social_options":{"image_generator_settings":{"template":"highway","default_image_id":0,"font":"","enabled":false},"version":2}},"categories":[197],"tags":[],"class_list":["post-42777","post","type-post","status-publish","format-standard","has-post-thumbnail","hentry","category-politica"],"jetpack_publicize_connections":[],"jetpack_featured_media_url":"https:\/\/blogopara.com.br\/wp-content\/uploads\/2022\/09\/ciro_2.jpg","uagb_featured_image_src":{"full":["https:\/\/blogopara.com.br\/wp-content\/uploads\/2022\/09\/ciro_2.jpg",500,299,false],"thumbnail":["https:\/\/blogopara.com.br\/wp-content\/uploads\/2022\/09\/ciro_2-150x150.jpg",150,150,true],"medium":["https:\/\/blogopara.com.br\/wp-content\/uploads\/2022\/09\/ciro_2-300x179.jpg",300,179,true],"medium_large":["https:\/\/blogopara.com.br\/wp-content\/uploads\/2022\/09\/ciro_2.jpg",500,299,false],"large":["https:\/\/blogopara.com.br\/wp-content\/uploads\/2022\/09\/ciro_2.jpg",500,299,false],"1536x1536":["https:\/\/blogopara.com.br\/wp-content\/uploads\/2022\/09\/ciro_2.jpg",500,299,false],"2048x2048":["https:\/\/blogopara.com.br\/wp-content\/uploads\/2022\/09\/ciro_2.jpg",500,299,false],"mantranews-slider-large":["https:\/\/blogopara.com.br\/wp-content\/uploads\/2022\/09\/ciro_2.jpg",500,299,false],"mantranews-featured-medium":["https:\/\/blogopara.com.br\/wp-content\/uploads\/2022\/09\/ciro_2-420x299.jpg",420,299,true],"mantranews-featured-long":["https:\/\/blogopara.com.br\/wp-content\/uploads\/2022\/09\/ciro_2-300x299.jpg",300,299,true],"mantranews-block-medium":["https:\/\/blogopara.com.br\/wp-content\/uploads\/2022\/09\/ciro_2-464x290.jpg",464,290,true],"mantranews-carousel-image":["https:\/\/blogopara.com.br\/wp-content\/uploads\/2022\/09\/ciro_2.jpg",500,299,false],"mantranews-block-thumb":["https:\/\/blogopara.com.br\/wp-content\/uploads\/2022\/09\/ciro_2-322x230.jpg",322,230,true],"mantranews-single-large":["https:\/\/blogopara.com.br\/wp-content\/uploads\/2022\/09\/ciro_2.jpg",500,299,false]},"uagb_author_info":{"display_name":"Reda\u00e7\u00e3o geral","author_link":"https:\/\/blogopara.com.br\/index.php\/author\/blogopara"},"uagb_comment_info":0,"uagb_excerpt":"Em evento ontem (20), em Campinas (SP), o candidato \u00e0 Presid\u00eancia da Rep\u00fablica pelo PDT, Ciro Gomes, falou em \u201cfazer uma converg\u00eancia estrat\u00e9gica\u201d em prol do desenvolvimento do pa\u00eds. Segundo ele, a China \u00e9 um exemplo disso, junto com os Estados Unidos. Ciro aponta que esses pa\u00edses souberam aliar um Estado e uma iniciativa privada&hellip;","jetpack_sharing_enabled":true,"jetpack_likes_enabled":true,"_links":{"self":[{"href":"https:\/\/blogopara.com.br\/index.php\/wp-json\/wp\/v2\/posts\/42777","targetHints":{"allow":["GET"]}}],"collection":[{"href":"https:\/\/blogopara.com.br\/index.php\/wp-json\/wp\/v2\/posts"}],"about":[{"href":"https:\/\/blogopara.com.br\/index.php\/wp-json\/wp\/v2\/types\/post"}],"author":[{"embeddable":true,"href":"https:\/\/blogopara.com.br\/index.php\/wp-json\/wp\/v2\/users\/1"}],"replies":[{"embeddable":true,"href":"https:\/\/blogopara.com.br\/index.php\/wp-json\/wp\/v2\/comments?post=42777"}],"version-history":[{"count":1,"href":"https:\/\/blogopara.com.br\/index.php\/wp-json\/wp\/v2\/posts\/42777\/revisions"}],"predecessor-version":[{"id":42779,"href":"https:\/\/blogopara.com.br\/index.php\/wp-json\/wp\/v2\/posts\/42777\/revisions\/42779"}],"wp:featuredmedia":[{"embeddable":true,"href":"https:\/\/blogopara.com.br\/index.php\/wp-json\/wp\/v2\/media\/42778"}],"wp:attachment":[{"href":"https:\/\/blogopara.com.br\/index.php\/wp-json\/wp\/v2\/media?parent=42777"}],"wp:term":[{"taxonomy":"category","embeddable":true,"href":"https:\/\/blogopara.com.br\/index.php\/wp-json\/wp\/v2\/categories?post=42777"},{"taxonomy":"post_tag","embeddable":true,"href":"https:\/\/blogopara.com.br\/index.php\/wp-json\/wp\/v2\/tags?post=42777"}],"curies":[{"name":"wp","href":"https:\/\/api.w.org\/{rel}","templated":true}]}}