{"id":4278,"date":"2019-10-29T07:59:20","date_gmt":"2019-10-29T10:59:20","guid":{"rendered":"http:\/\/blogopara.com.br\/?p=4278"},"modified":"2019-10-29T07:59:28","modified_gmt":"2019-10-29T10:59:28","slug":"lula-contraria-setores-do-pt-e-quer-candidaturas-proprias-nas-eleicoes-municipais-de-2020","status":"publish","type":"post","link":"https:\/\/blogopara.com.br\/index.php\/2019\/10\/29\/lula-contraria-setores-do-pt-e-quer-candidaturas-proprias-nas-eleicoes-municipais-de-2020","title":{"rendered":"Lula contraria setores do PT e quer candidaturas pr\u00f3prias nas elei\u00e7\u00f5es municipais de 2020"},"content":{"rendered":"<p style=\"text-align: justify;\">Contrariando parte expressiva do PT que defende priorizar a forma\u00e7\u00e3o de uma frente de esquerda e ceder espa\u00e7o a aliados, o ex-presidente Luiz In\u00e1cio <strong>Lula\u00a0<\/strong>da Silva quer que o partido lance candidaturas pr\u00f3prias a\u00a0<strong>prefeito<\/strong>\u00a0no ano que vem. \u00c0 espera de decis\u00f5es da Justi\u00e7a que podem tir\u00e1-lo da pris\u00e3o, Lula come\u00e7ou a articular a estrat\u00e9gia do\u00a0<strong>PT<\/strong>\u00a0nas\u00a0<strong>elei\u00e7\u00f5es municipais de 2020<\/strong>\u00a0.<\/p>\n<p style=\"text-align: justify;\">Al\u00e9m de tentar recuperar o espa\u00e7o que o partido perdeu nos \u00faltimos anos, Lula quer transformar a disputa do ano que vem em um \u201cplebiscito\u201d sobre o governo Bolsonaro. Apesar de tradicionalmente as campanhas municipais focarem nos problemas locais, o ex-presidente defende a nacionaliza\u00e7\u00e3o da disputa.<\/p>\n<pre>Fonte: Globo<\/pre>\n<aside class=\"article-related-links article-related-links--inside\">\n<div class=\"article-related-links__container\" style=\"text-align: justify;\"><\/div>\n<\/aside>\n","protected":false},"excerpt":{"rendered":"<p>Ex-presidente come\u00e7ou a articular a estrat\u00e9gia do PT nas disputas do ano que vem<\/p>\n","protected":false},"author":1,"featured_media":4279,"comment_status":"open","ping_status":"open","sticky":false,"template":"","format":"standard","meta":{"_uag_custom_page_level_css":"","_monsterinsights_skip_tracking":false,"_monsterinsights_sitenote_active":false,"_monsterinsights_sitenote_note":"","_monsterinsights_sitenote_category":0,"jetpack_post_was_ever_published":false,"_jetpack_newsletter_access":"","_jetpack_dont_email_post_to_subs":false,"_jetpack_newsletter_tier_id":0,"_jetpack_memberships_contains_paywalled_content":false,"_jetpack_memberships_contains_paid_content":false,"footnotes":"","jetpack_publicize_message":"","jetpack_publicize_feature_enabled":true,"jetpack_social_post_already_shared":true,"jetpack_social_options":{"image_generator_settings":{"template":"highway","default_image_id":0,"font":"","enabled":false},"version":2}},"categories":[200],"tags":[772,119,554,52],"class_list":["post-4278","post","type-post","status-publish","format-standard","has-post-thumbnail","hentry","category-brasil","tag-candidatura","tag-eleicoes-2020","tag-lula","tag-pt"],"jetpack_publicize_connections":[],"jetpack_featured_media_url":"https:\/\/blogopara.com.br\/wp-content\/uploads\/2019\/10\/lula.jpg","uagb_featured_image_src":{"full":["https:\/\/blogopara.com.br\/wp-content\/uploads\/2019\/10\/lula.jpg",1086,652,false],"thumbnail":["https:\/\/blogopara.com.br\/wp-content\/uploads\/2019\/10\/lula-150x150.jpg",150,150,true],"medium":["https:\/\/blogopara.com.br\/wp-content\/uploads\/2019\/10\/lula-300x180.jpg",300,180,true],"medium_large":["https:\/\/blogopara.com.br\/wp-content\/uploads\/2019\/10\/lula-768x461.jpg",640,384,true],"large":["https:\/\/blogopara.com.br\/wp-content\/uploads\/2019\/10\/lula-1024x615.jpg",640,384,true],"1536x1536":["https:\/\/blogopara.com.br\/wp-content\/uploads\/2019\/10\/lula.jpg",1086,652,false],"2048x2048":["https:\/\/blogopara.com.br\/wp-content\/uploads\/2019\/10\/lula.jpg",1086,652,false],"mantranews-slider-large":["https:\/\/blogopara.com.br\/wp-content\/uploads\/2019\/10\/lula.jpg",1020,612,false],"mantranews-featured-medium":["https:\/\/blogopara.com.br\/wp-content\/uploads\/2019\/10\/lula.jpg",420,252,false],"mantranews-featured-long":["https:\/\/blogopara.com.br\/wp-content\/uploads\/2019\/10\/lula.jpg",300,180,false],"mantranews-block-medium":["https:\/\/blogopara.com.br\/wp-content\/uploads\/2019\/10\/lula.jpg",464,279,false],"mantranews-carousel-image":["https:\/\/blogopara.com.br\/wp-content\/uploads\/2019\/10\/lula.jpg",600,360,false],"mantranews-block-thumb":["https:\/\/blogopara.com.br\/wp-content\/uploads\/2019\/10\/lula.jpg",322,193,false],"mantranews-single-large":["https:\/\/blogopara.com.br\/wp-content\/uploads\/2019\/10\/lula.jpg",1069,642,false]},"uagb_author_info":{"display_name":"Reda\u00e7\u00e3o geral","author_link":"https:\/\/blogopara.com.br\/index.php\/author\/blogopara"},"uagb_comment_info":0,"uagb_excerpt":"Ex-presidente come\u00e7ou a articular a estrat\u00e9gia do PT nas disputas do ano que vem","jetpack_sharing_enabled":true,"jetpack_likes_enabled":true,"_links":{"self":[{"href":"https:\/\/blogopara.com.br\/index.php\/wp-json\/wp\/v2\/posts\/4278","targetHints":{"allow":["GET"]}}],"collection":[{"href":"https:\/\/blogopara.com.br\/index.php\/wp-json\/wp\/v2\/posts"}],"about":[{"href":"https:\/\/blogopara.com.br\/index.php\/wp-json\/wp\/v2\/types\/post"}],"author":[{"embeddable":true,"href":"https:\/\/blogopara.com.br\/index.php\/wp-json\/wp\/v2\/users\/1"}],"replies":[{"embeddable":true,"href":"https:\/\/blogopara.com.br\/index.php\/wp-json\/wp\/v2\/comments?post=4278"}],"version-history":[{"count":1,"href":"https:\/\/blogopara.com.br\/index.php\/wp-json\/wp\/v2\/posts\/4278\/revisions"}],"predecessor-version":[{"id":4280,"href":"https:\/\/blogopara.com.br\/index.php\/wp-json\/wp\/v2\/posts\/4278\/revisions\/4280"}],"wp:featuredmedia":[{"embeddable":true,"href":"https:\/\/blogopara.com.br\/index.php\/wp-json\/wp\/v2\/media\/4279"}],"wp:attachment":[{"href":"https:\/\/blogopara.com.br\/index.php\/wp-json\/wp\/v2\/media?parent=4278"}],"wp:term":[{"taxonomy":"category","embeddable":true,"href":"https:\/\/blogopara.com.br\/index.php\/wp-json\/wp\/v2\/categories?post=4278"},{"taxonomy":"post_tag","embeddable":true,"href":"https:\/\/blogopara.com.br\/index.php\/wp-json\/wp\/v2\/tags?post=4278"}],"curies":[{"name":"wp","href":"https:\/\/api.w.org\/{rel}","templated":true}]}}