{"id":42780,"date":"2022-09-21T15:37:00","date_gmt":"2022-09-21T18:37:00","guid":{"rendered":"https:\/\/blogopara.com.br\/?p=42780"},"modified":"2022-09-20T20:20:12","modified_gmt":"2022-09-20T23:20:12","slug":"com-equipe-completa-tite-comanda-treino-em-le-havre","status":"publish","type":"post","link":"https:\/\/blogopara.com.br\/index.php\/2022\/09\/21\/com-equipe-completa-tite-comanda-treino-em-le-havre","title":{"rendered":"Com equipe completa, Tite comanda treino em Le Havre"},"content":{"rendered":"<div class=\"post-item-wrap\">\n<p style=\"text-align: justify;\">Contando com todos os 26 jogadores convocados para os amistosos contra Gana e Tun\u00edsia, o t\u00e9cnico Tite comandou um treino nesta ter\u00e7a-feira (20) em Le Havre (Fran\u00e7a). As partidas t\u00eam grande import\u00e2ncia para a sele\u00e7\u00e3o brasileira, pois s\u00e3o as \u00faltimas da equipe antes do in\u00edcio da Copa do Catar, que ter\u00e1 a partida inaugural no dia 20 de novembro.<img decoding=\"async\" src=\"https:\/\/agenciabrasil.ebc.com.br\/ebc.png?id=1483471&amp;o=node\" \/><img decoding=\"async\" src=\"https:\/\/agenciabrasil.ebc.com.br\/ebc.gif?id=1483471&amp;o=node\" \/><\/p>\n<p style=\"text-align: justify;\">Um dos \u00faltimos atletas a se apresentarem foi o atacante Pedro, que participou da derrota de 2 a 1 do Flamengo para o Fluminense pelo Campeonato Brasileiro. E o camisa 9 do Rubro-Negro chegou com a certeza de que a concorr\u00eancia para garantir uma vaga na lista de convocados para o Mundial \u00e9 muito grande.<\/p>\n<p style=\"text-align: justify;\">\u201cSei que a concorr\u00eancia \u00e9 grande, principalmente no ataque, posi\u00e7\u00e3o na qual todos est\u00e3o muito bem preparados. Isso \u00e9 algo que motiva ainda mais, por poder ver que estou entre os selecionados na v\u00e9spera da disputa de uma Copa do Mundo\u201d, declarou Pedro.<\/p>\n<p style=\"text-align: justify;\">A equipe canarinho realizar\u00e1 uma nova atividade na pr\u00f3xima quarta-feira (21), a pen\u00faltima antes da partida contra Gana, na sexta-feira (23), no est\u00e1dio Oc\u00e9ane, em Le Havre. Quatro dias depois a equipe retorna a campo para enfrentar a Tun\u00edsia, no Parque dos Pr\u00edncipes, em Paris.<\/p>\n<\/div>\n","protected":false},"excerpt":{"rendered":"<p>Contando com todos os 26 jogadores convocados para os amistosos contra Gana e Tun\u00edsia, o t\u00e9cnico Tite comandou um treino nesta ter\u00e7a-feira (20) em Le Havre (Fran\u00e7a). As partidas t\u00eam grande import\u00e2ncia para a sele\u00e7\u00e3o brasileira, pois s\u00e3o as \u00faltimas da equipe antes do in\u00edcio da Copa do Catar, que ter\u00e1 a partida inaugural no [&hellip;]<\/p>\n","protected":false},"author":1,"featured_media":42781,"comment_status":"closed","ping_status":"open","sticky":false,"template":"","format":"standard","meta":{"_uag_custom_page_level_css":"","_monsterinsights_skip_tracking":false,"_monsterinsights_sitenote_active":false,"_monsterinsights_sitenote_note":"","_monsterinsights_sitenote_category":0,"jetpack_post_was_ever_published":false,"_jetpack_newsletter_access":"","_jetpack_dont_email_post_to_subs":false,"_jetpack_newsletter_tier_id":0,"_jetpack_memberships_contains_paywalled_content":false,"_jetpack_memberships_contains_paid_content":false,"footnotes":"","jetpack_publicize_message":"","jetpack_publicize_feature_enabled":true,"jetpack_social_post_already_shared":true,"jetpack_social_options":{"image_generator_settings":{"template":"highway","default_image_id":0,"font":"","enabled":false},"version":2}},"categories":[208],"tags":[],"class_list":["post-42780","post","type-post","status-publish","format-standard","has-post-thumbnail","hentry","category-esporte"],"jetpack_publicize_connections":[],"jetpack_featured_media_url":"https:\/\/blogopara.com.br\/wp-content\/uploads\/2022\/09\/52372430159_e6b01570eb_5k.jpg","uagb_featured_image_src":{"full":["https:\/\/blogopara.com.br\/wp-content\/uploads\/2022\/09\/52372430159_e6b01570eb_5k.jpg",500,299,false],"thumbnail":["https:\/\/blogopara.com.br\/wp-content\/uploads\/2022\/09\/52372430159_e6b01570eb_5k-150x150.jpg",150,150,true],"medium":["https:\/\/blogopara.com.br\/wp-content\/uploads\/2022\/09\/52372430159_e6b01570eb_5k-300x179.jpg",300,179,true],"medium_large":["https:\/\/blogopara.com.br\/wp-content\/uploads\/2022\/09\/52372430159_e6b01570eb_5k.jpg",500,299,false],"large":["https:\/\/blogopara.com.br\/wp-content\/uploads\/2022\/09\/52372430159_e6b01570eb_5k.jpg",500,299,false],"1536x1536":["https:\/\/blogopara.com.br\/wp-content\/uploads\/2022\/09\/52372430159_e6b01570eb_5k.jpg",500,299,false],"2048x2048":["https:\/\/blogopara.com.br\/wp-content\/uploads\/2022\/09\/52372430159_e6b01570eb_5k.jpg",500,299,false],"mantranews-slider-large":["https:\/\/blogopara.com.br\/wp-content\/uploads\/2022\/09\/52372430159_e6b01570eb_5k.jpg",500,299,false],"mantranews-featured-medium":["https:\/\/blogopara.com.br\/wp-content\/uploads\/2022\/09\/52372430159_e6b01570eb_5k-420x299.jpg",420,299,true],"mantranews-featured-long":["https:\/\/blogopara.com.br\/wp-content\/uploads\/2022\/09\/52372430159_e6b01570eb_5k-300x299.jpg",300,299,true],"mantranews-block-medium":["https:\/\/blogopara.com.br\/wp-content\/uploads\/2022\/09\/52372430159_e6b01570eb_5k-464x290.jpg",464,290,true],"mantranews-carousel-image":["https:\/\/blogopara.com.br\/wp-content\/uploads\/2022\/09\/52372430159_e6b01570eb_5k.jpg",500,299,false],"mantranews-block-thumb":["https:\/\/blogopara.com.br\/wp-content\/uploads\/2022\/09\/52372430159_e6b01570eb_5k-322x230.jpg",322,230,true],"mantranews-single-large":["https:\/\/blogopara.com.br\/wp-content\/uploads\/2022\/09\/52372430159_e6b01570eb_5k.jpg",500,299,false]},"uagb_author_info":{"display_name":"Reda\u00e7\u00e3o geral","author_link":"https:\/\/blogopara.com.br\/index.php\/author\/blogopara"},"uagb_comment_info":0,"uagb_excerpt":"Contando com todos os 26 jogadores convocados para os amistosos contra Gana e Tun\u00edsia, o t\u00e9cnico Tite comandou um treino nesta ter\u00e7a-feira (20) em Le Havre (Fran\u00e7a). As partidas t\u00eam grande import\u00e2ncia para a sele\u00e7\u00e3o brasileira, pois s\u00e3o as \u00faltimas da equipe antes do in\u00edcio da Copa do Catar, que ter\u00e1 a partida inaugural no&hellip;","jetpack_sharing_enabled":true,"jetpack_likes_enabled":true,"_links":{"self":[{"href":"https:\/\/blogopara.com.br\/index.php\/wp-json\/wp\/v2\/posts\/42780","targetHints":{"allow":["GET"]}}],"collection":[{"href":"https:\/\/blogopara.com.br\/index.php\/wp-json\/wp\/v2\/posts"}],"about":[{"href":"https:\/\/blogopara.com.br\/index.php\/wp-json\/wp\/v2\/types\/post"}],"author":[{"embeddable":true,"href":"https:\/\/blogopara.com.br\/index.php\/wp-json\/wp\/v2\/users\/1"}],"replies":[{"embeddable":true,"href":"https:\/\/blogopara.com.br\/index.php\/wp-json\/wp\/v2\/comments?post=42780"}],"version-history":[{"count":1,"href":"https:\/\/blogopara.com.br\/index.php\/wp-json\/wp\/v2\/posts\/42780\/revisions"}],"predecessor-version":[{"id":42782,"href":"https:\/\/blogopara.com.br\/index.php\/wp-json\/wp\/v2\/posts\/42780\/revisions\/42782"}],"wp:featuredmedia":[{"embeddable":true,"href":"https:\/\/blogopara.com.br\/index.php\/wp-json\/wp\/v2\/media\/42781"}],"wp:attachment":[{"href":"https:\/\/blogopara.com.br\/index.php\/wp-json\/wp\/v2\/media?parent=42780"}],"wp:term":[{"taxonomy":"category","embeddable":true,"href":"https:\/\/blogopara.com.br\/index.php\/wp-json\/wp\/v2\/categories?post=42780"},{"taxonomy":"post_tag","embeddable":true,"href":"https:\/\/blogopara.com.br\/index.php\/wp-json\/wp\/v2\/tags?post=42780"}],"curies":[{"name":"wp","href":"https:\/\/api.w.org\/{rel}","templated":true}]}}