{"id":42798,"date":"2022-09-21T09:24:04","date_gmt":"2022-09-21T12:24:04","guid":{"rendered":"https:\/\/blogopara.com.br\/?p=42798"},"modified":"2022-09-21T09:24:06","modified_gmt":"2022-09-21T12:24:06","slug":"jordavio-ramos-recebera-acm-neto-e-comitiva-nesta-quarta-feira-em-juazeiro-ba-2","status":"publish","type":"post","link":"https:\/\/blogopara.com.br\/index.php\/2022\/09\/21\/jordavio-ramos-recebera-acm-neto-e-comitiva-nesta-quarta-feira-em-juazeiro-ba-2","title":{"rendered":"Jord\u00e1vio Ramos receber\u00e1 Acm Neto e comitiva nesta quarta-feira em Juazeiro (BA)"},"content":{"rendered":"<p class=\"x_MsoNormal\" style=\"text-align: justify;\">O candidato a deputado estadual Jord\u00e1vio Ramos (PSDB), ir\u00e1 receber nesta quarta-feira (21), em Juazeiro (BA), o candidato a governador da Bahia, Acm Neto (UB), o deputado federal Adolfo Viana (PSDB), o candidato ao senado, Caca Le\u00e3o (PP), e l\u00edderes pol\u00edticos da regi\u00e3o e da Bahia. O encontro acontecer\u00e1 \u00e0s 18h, no comit\u00ea da vit\u00f3ria, localizado na Avenida Adolfo Viana. Acm Neto caminhar\u00e1 pela Avenida Adolfo Viana at\u00e9 a Avenida Flaviano Guimar\u00e3es, onde realizar\u00e1 um com\u00edcio. O evento ir\u00e1\u00a0contar\u00a0ainda com a presen\u00e7a da prefeita de Juazeiro, Suzana Ramos (PSDB).<\/p>\n<p class=\"x_MsoNormal\" style=\"text-align: justify;\">\u201cNesta quarta-feira, Juazeiro ir\u00e1 ficar azul, pois o azul \u00e9 a cor da vit\u00f3ria, da vit\u00f3ria do time de Acm Neto. Espero todos l\u00e1, para a gente mostrar a nossa for\u00e7a e dizer que Juazeiro est\u00e1 com Acm Neto, governador; Adolfo Viana, deputado federal; Jord\u00e1vio Ramos, deputado estadual e Cac\u00e1 Le\u00e3o, senador, para fortalecer ainda mais o time da prefeita Suzana Ramos\u201d, disse Jord\u00e1vio Ramos.<\/p>\n<p class=\"x_MsoNormal\" style=\"text-align: justify;\">Ascom &#8211; Jord\u00e1vio Ramos<\/p>\n","protected":false},"excerpt":{"rendered":"<p>O candidato a deputado estadual Jord\u00e1vio Ramos (PSDB), ir\u00e1 receber nesta quarta-feira (21), em Juazeiro (BA), o candidato a governador da Bahia, Acm Neto (UB), o deputado federal Adolfo Viana (PSDB), o candidato ao senado, Caca Le\u00e3o (PP), e l\u00edderes pol\u00edticos da regi\u00e3o e da Bahia. O encontro acontecer\u00e1 \u00e0s 18h, no comit\u00ea da vit\u00f3ria, [&hellip;]<\/p>\n","protected":false},"author":1,"featured_media":42799,"comment_status":"closed","ping_status":"open","sticky":false,"template":"","format":"standard","meta":{"_uag_custom_page_level_css":"","_monsterinsights_skip_tracking":false,"_monsterinsights_sitenote_active":false,"_monsterinsights_sitenote_note":"","_monsterinsights_sitenote_category":0,"jetpack_post_was_ever_published":false,"_jetpack_newsletter_access":"","_jetpack_dont_email_post_to_subs":false,"_jetpack_newsletter_tier_id":0,"_jetpack_memberships_contains_paywalled_content":false,"_jetpack_memberships_contains_paid_content":false,"footnotes":"","jetpack_publicize_message":"","jetpack_publicize_feature_enabled":true,"jetpack_social_post_already_shared":true,"jetpack_social_options":{"image_generator_settings":{"template":"highway","default_image_id":0,"font":"","enabled":false},"version":2}},"categories":[199,10109,203],"tags":[],"class_list":["post-42798","post","type-post","status-publish","format-standard","has-post-thumbnail","hentry","category-bahia","category-eleicoes-2022","category-juazeiro"],"jetpack_publicize_connections":[],"jetpack_featured_media_url":"https:\/\/blogopara.com.br\/wp-content\/uploads\/2022\/09\/thumbnail_WhatsApp-Image-2022-09-20-at-17.25.03.jpg","uagb_featured_image_src":{"full":["https:\/\/blogopara.com.br\/wp-content\/uploads\/2022\/09\/thumbnail_WhatsApp-Image-2022-09-20-at-17.25.03.jpg",500,625,false],"thumbnail":["https:\/\/blogopara.com.br\/wp-content\/uploads\/2022\/09\/thumbnail_WhatsApp-Image-2022-09-20-at-17.25.03-150x150.jpg",150,150,true],"medium":["https:\/\/blogopara.com.br\/wp-content\/uploads\/2022\/09\/thumbnail_WhatsApp-Image-2022-09-20-at-17.25.03-240x300.jpg",240,300,true],"medium_large":["https:\/\/blogopara.com.br\/wp-content\/uploads\/2022\/09\/thumbnail_WhatsApp-Image-2022-09-20-at-17.25.03.jpg",500,625,false],"large":["https:\/\/blogopara.com.br\/wp-content\/uploads\/2022\/09\/thumbnail_WhatsApp-Image-2022-09-20-at-17.25.03.jpg",500,625,false],"1536x1536":["https:\/\/blogopara.com.br\/wp-content\/uploads\/2022\/09\/thumbnail_WhatsApp-Image-2022-09-20-at-17.25.03.jpg",500,625,false],"2048x2048":["https:\/\/blogopara.com.br\/wp-content\/uploads\/2022\/09\/thumbnail_WhatsApp-Image-2022-09-20-at-17.25.03.jpg",500,625,false],"mantranews-slider-large":["https:\/\/blogopara.com.br\/wp-content\/uploads\/2022\/09\/thumbnail_WhatsApp-Image-2022-09-20-at-17.25.03.jpg",500,625,false],"mantranews-featured-medium":["https:\/\/blogopara.com.br\/wp-content\/uploads\/2022\/09\/thumbnail_WhatsApp-Image-2022-09-20-at-17.25.03-420x307.jpg",420,307,true],"mantranews-featured-long":["https:\/\/blogopara.com.br\/wp-content\/uploads\/2022\/09\/thumbnail_WhatsApp-Image-2022-09-20-at-17.25.03-300x443.jpg",300,443,true],"mantranews-block-medium":["https:\/\/blogopara.com.br\/wp-content\/uploads\/2022\/09\/thumbnail_WhatsApp-Image-2022-09-20-at-17.25.03-464x290.jpg",464,290,true],"mantranews-carousel-image":["https:\/\/blogopara.com.br\/wp-content\/uploads\/2022\/09\/thumbnail_WhatsApp-Image-2022-09-20-at-17.25.03-500x500.jpg",500,500,true],"mantranews-block-thumb":["https:\/\/blogopara.com.br\/wp-content\/uploads\/2022\/09\/thumbnail_WhatsApp-Image-2022-09-20-at-17.25.03-322x230.jpg",322,230,true],"mantranews-single-large":["https:\/\/blogopara.com.br\/wp-content\/uploads\/2022\/09\/thumbnail_WhatsApp-Image-2022-09-20-at-17.25.03.jpg",500,625,false]},"uagb_author_info":{"display_name":"Reda\u00e7\u00e3o geral","author_link":"https:\/\/blogopara.com.br\/index.php\/author\/blogopara"},"uagb_comment_info":0,"uagb_excerpt":"O candidato a deputado estadual Jord\u00e1vio Ramos (PSDB), ir\u00e1 receber nesta quarta-feira (21), em Juazeiro (BA), o candidato a governador da Bahia, Acm Neto (UB), o deputado federal Adolfo Viana (PSDB), o candidato ao senado, Caca Le\u00e3o (PP), e l\u00edderes pol\u00edticos da regi\u00e3o e da Bahia. O encontro acontecer\u00e1 \u00e0s 18h, no comit\u00ea da vit\u00f3ria,&hellip;","jetpack_sharing_enabled":true,"jetpack_likes_enabled":true,"_links":{"self":[{"href":"https:\/\/blogopara.com.br\/index.php\/wp-json\/wp\/v2\/posts\/42798","targetHints":{"allow":["GET"]}}],"collection":[{"href":"https:\/\/blogopara.com.br\/index.php\/wp-json\/wp\/v2\/posts"}],"about":[{"href":"https:\/\/blogopara.com.br\/index.php\/wp-json\/wp\/v2\/types\/post"}],"author":[{"embeddable":true,"href":"https:\/\/blogopara.com.br\/index.php\/wp-json\/wp\/v2\/users\/1"}],"replies":[{"embeddable":true,"href":"https:\/\/blogopara.com.br\/index.php\/wp-json\/wp\/v2\/comments?post=42798"}],"version-history":[{"count":1,"href":"https:\/\/blogopara.com.br\/index.php\/wp-json\/wp\/v2\/posts\/42798\/revisions"}],"predecessor-version":[{"id":42800,"href":"https:\/\/blogopara.com.br\/index.php\/wp-json\/wp\/v2\/posts\/42798\/revisions\/42800"}],"wp:featuredmedia":[{"embeddable":true,"href":"https:\/\/blogopara.com.br\/index.php\/wp-json\/wp\/v2\/media\/42799"}],"wp:attachment":[{"href":"https:\/\/blogopara.com.br\/index.php\/wp-json\/wp\/v2\/media?parent=42798"}],"wp:term":[{"taxonomy":"category","embeddable":true,"href":"https:\/\/blogopara.com.br\/index.php\/wp-json\/wp\/v2\/categories?post=42798"},{"taxonomy":"post_tag","embeddable":true,"href":"https:\/\/blogopara.com.br\/index.php\/wp-json\/wp\/v2\/tags?post=42798"}],"curies":[{"name":"wp","href":"https:\/\/api.w.org\/{rel}","templated":true}]}}