{"id":42806,"date":"2022-09-21T10:33:16","date_gmt":"2022-09-21T13:33:16","guid":{"rendered":"https:\/\/blogopara.com.br\/?p=42806"},"modified":"2022-09-21T10:33:18","modified_gmt":"2022-09-21T13:33:18","slug":"ex-prefeito-isaac-carvalho-e-condenado-a-devolver-recursos-da-merenda-escolar-e-pagar-multa-de-r-50-mil-reais","status":"publish","type":"post","link":"https:\/\/blogopara.com.br\/index.php\/2022\/09\/21\/ex-prefeito-isaac-carvalho-e-condenado-a-devolver-recursos-da-merenda-escolar-e-pagar-multa-de-r-50-mil-reais","title":{"rendered":"Ex-prefeito Isaac Carvalho \u00e9 condenado a devolver recursos da Merenda Escolar e pagar multa de R$ 50 mil reais"},"content":{"rendered":"<p style=\"text-align: justify;\">O ex-prefeito de Juazeiro, Isaac Carvalho, foi condenado pelo Tribunal de Contas da Uni\u00e3o a devolver aos cofres do Fundo Nacional de Desenvolvimento da Educa\u00e7\u00e3o (FNDE) aproximadamente R$ 670 mil reais e pagamento de multa de R$ 50 mil reais aos cofres do Tesouro Nacional. A condena\u00e7\u00e3o \u00e9 fruto de uma Tomada de Contas Especial (TCE) instaurada pelo FNDE com base nos autos do Processo N\u00ba 23034.018669\/2021-07 e que foi remetida \u00e0 Auditoria Fiscal e, posteriormente, ao CGU, para an\u00e1lise e envio ao TCU para julgamento, devido a aplica\u00e7\u00e3o parcial de recursos do Programa Nacional de Alimenta\u00e7\u00e3o Escolar.<\/p>\n<p style=\"text-align: justify;\">De acordo com o Ac\u00f3rd\u00e3o N\u00ba 2.740\/2022 os Ministros do TCU julgaram irregulares a presta\u00e7\u00e3o de contas dos recursos apresentados pelo ex-prefeito Isaac Carvalho referente aos recursos dos meses de mar\u00e7o de 2011 (R$ 309.876,00) e de dezembro de 2011 (R$ 364.032,00), ficando Isaac Carvalho condenado a devolver esses valores atualizados monetariamente e com acr\u00e9scimos de juros de mora a partir das datas discriminadas, at\u00e9 a data do pagamento. J\u00e1 a multa de R$ 50 mil reais, tamb\u00e9m deve ter o valor corrigido a partir data base do Ac\u00f3rd\u00e3o que aconteceu na Se\u00e7\u00e3o Ordin\u00e1ria do TCU de 17 de maio de 2022 e foi encaminhado ao FNDE em 1\u00ba de Junho de 2022.<\/p>\n<p style=\"text-align: justify;\">A Se\u00e7\u00e3o Ordin\u00e1ria foi presidida pelo Ministro do TCU Walton Rodrigues, teve como relator o Ministro, Jorge Oliveira e participa\u00e7\u00e3o dos Ministros: BenjaminZymler, Augusto Sherman e Weder Oliveira.<\/p>\n","protected":false},"excerpt":{"rendered":"<p>O ex-prefeito de Juazeiro, Isaac Carvalho, foi condenado pelo Tribunal de Contas da Uni\u00e3o a devolver aos cofres do Fundo Nacional de Desenvolvimento da Educa\u00e7\u00e3o (FNDE) aproximadamente R$ 670 mil reais e pagamento de multa de R$ 50 mil reais aos cofres do Tesouro Nacional. A condena\u00e7\u00e3o \u00e9 fruto de uma Tomada de Contas Especial [&hellip;]<\/p>\n","protected":false},"author":1,"featured_media":15694,"comment_status":"closed","ping_status":"open","sticky":false,"template":"","format":"standard","meta":{"_uag_custom_page_level_css":"","_monsterinsights_skip_tracking":false,"_monsterinsights_sitenote_active":false,"_monsterinsights_sitenote_note":"","_monsterinsights_sitenote_category":0,"jetpack_post_was_ever_published":false,"_jetpack_newsletter_access":"","_jetpack_dont_email_post_to_subs":false,"_jetpack_newsletter_tier_id":0,"_jetpack_memberships_contains_paywalled_content":false,"_jetpack_memberships_contains_paid_content":false,"footnotes":"","jetpack_publicize_message":"","jetpack_publicize_feature_enabled":true,"jetpack_social_post_already_shared":true,"jetpack_social_options":{"image_generator_settings":{"template":"highway","default_image_id":0,"font":"","enabled":false},"version":2}},"categories":[203,210],"tags":[37,2062],"class_list":["post-42806","post","type-post","status-publish","format-standard","has-post-thumbnail","hentry","category-juazeiro","category-justica","tag-isaac-carvalho","tag-merenda-escolar"],"jetpack_publicize_connections":[],"jetpack_featured_media_url":"https:\/\/blogopara.com.br\/wp-content\/uploads\/2020\/10\/isaac-revoltado.jpg","uagb_featured_image_src":{"full":["https:\/\/blogopara.com.br\/wp-content\/uploads\/2020\/10\/isaac-revoltado.jpg",640,410,false],"thumbnail":["https:\/\/blogopara.com.br\/wp-content\/uploads\/2020\/10\/isaac-revoltado-150x150.jpg",150,150,true],"medium":["https:\/\/blogopara.com.br\/wp-content\/uploads\/2020\/10\/isaac-revoltado-300x192.jpg",300,192,true],"medium_large":["https:\/\/blogopara.com.br\/wp-content\/uploads\/2020\/10\/isaac-revoltado.jpg",640,410,false],"large":["https:\/\/blogopara.com.br\/wp-content\/uploads\/2020\/10\/isaac-revoltado.jpg",640,410,false],"1536x1536":["https:\/\/blogopara.com.br\/wp-content\/uploads\/2020\/10\/isaac-revoltado.jpg",640,410,false],"2048x2048":["https:\/\/blogopara.com.br\/wp-content\/uploads\/2020\/10\/isaac-revoltado.jpg",640,410,false],"mantranews-slider-large":["https:\/\/blogopara.com.br\/wp-content\/uploads\/2020\/10\/isaac-revoltado.jpg",640,410,false],"mantranews-featured-medium":["https:\/\/blogopara.com.br\/wp-content\/uploads\/2020\/10\/isaac-revoltado-420x307.jpg",420,307,true],"mantranews-featured-long":["https:\/\/blogopara.com.br\/wp-content\/uploads\/2020\/10\/isaac-revoltado-300x410.jpg",300,410,true],"mantranews-block-medium":["https:\/\/blogopara.com.br\/wp-content\/uploads\/2020\/10\/isaac-revoltado-464x290.jpg",464,290,true],"mantranews-carousel-image":["https:\/\/blogopara.com.br\/wp-content\/uploads\/2020\/10\/isaac-revoltado-600x410.jpg",600,410,true],"mantranews-block-thumb":["https:\/\/blogopara.com.br\/wp-content\/uploads\/2020\/10\/isaac-revoltado-322x230.jpg",322,230,true],"mantranews-single-large":["https:\/\/blogopara.com.br\/wp-content\/uploads\/2020\/10\/isaac-revoltado.jpg",640,410,false]},"uagb_author_info":{"display_name":"Reda\u00e7\u00e3o geral","author_link":"https:\/\/blogopara.com.br\/index.php\/author\/blogopara"},"uagb_comment_info":0,"uagb_excerpt":"O ex-prefeito de Juazeiro, Isaac Carvalho, foi condenado pelo Tribunal de Contas da Uni\u00e3o a devolver aos cofres do Fundo Nacional de Desenvolvimento da Educa\u00e7\u00e3o (FNDE) aproximadamente R$ 670 mil reais e pagamento de multa de R$ 50 mil reais aos cofres do Tesouro Nacional. A condena\u00e7\u00e3o \u00e9 fruto de uma Tomada de Contas Especial&hellip;","jetpack_sharing_enabled":true,"jetpack_likes_enabled":true,"_links":{"self":[{"href":"https:\/\/blogopara.com.br\/index.php\/wp-json\/wp\/v2\/posts\/42806","targetHints":{"allow":["GET"]}}],"collection":[{"href":"https:\/\/blogopara.com.br\/index.php\/wp-json\/wp\/v2\/posts"}],"about":[{"href":"https:\/\/blogopara.com.br\/index.php\/wp-json\/wp\/v2\/types\/post"}],"author":[{"embeddable":true,"href":"https:\/\/blogopara.com.br\/index.php\/wp-json\/wp\/v2\/users\/1"}],"replies":[{"embeddable":true,"href":"https:\/\/blogopara.com.br\/index.php\/wp-json\/wp\/v2\/comments?post=42806"}],"version-history":[{"count":1,"href":"https:\/\/blogopara.com.br\/index.php\/wp-json\/wp\/v2\/posts\/42806\/revisions"}],"predecessor-version":[{"id":42807,"href":"https:\/\/blogopara.com.br\/index.php\/wp-json\/wp\/v2\/posts\/42806\/revisions\/42807"}],"wp:featuredmedia":[{"embeddable":true,"href":"https:\/\/blogopara.com.br\/index.php\/wp-json\/wp\/v2\/media\/15694"}],"wp:attachment":[{"href":"https:\/\/blogopara.com.br\/index.php\/wp-json\/wp\/v2\/media?parent=42806"}],"wp:term":[{"taxonomy":"category","embeddable":true,"href":"https:\/\/blogopara.com.br\/index.php\/wp-json\/wp\/v2\/categories?post=42806"},{"taxonomy":"post_tag","embeddable":true,"href":"https:\/\/blogopara.com.br\/index.php\/wp-json\/wp\/v2\/tags?post=42806"}],"curies":[{"name":"wp","href":"https:\/\/api.w.org\/{rel}","templated":true}]}}