{"id":42815,"date":"2022-09-22T19:35:00","date_gmt":"2022-09-22T22:35:00","guid":{"rendered":"https:\/\/blogopara.com.br\/?p=42815"},"modified":"2022-09-21T21:08:50","modified_gmt":"2022-09-22T00:08:50","slug":"juazeiro-promove-plantao-neste-sabado-para-atualizacao-de-dados-no-cadunico-convocacao-e-para-pessoas-que-realizaram-procedimento-pela-ultima-vez-em-2016-ou-2017","status":"publish","type":"post","link":"https:\/\/blogopara.com.br\/index.php\/2022\/09\/22\/juazeiro-promove-plantao-neste-sabado-para-atualizacao-de-dados-no-cadunico-convocacao-e-para-pessoas-que-realizaram-procedimento-pela-ultima-vez-em-2016-ou-2017","title":{"rendered":"Juazeiro promove plant\u00e3o neste s\u00e1bado para atualiza\u00e7\u00e3o de dados no Cad\u00danico; convoca\u00e7\u00e3o \u00e9 para pessoas que realizaram procedimento pela \u00faltima vez em 2016 ou 2017"},"content":{"rendered":"<p dir=\"ltr\" style=\"text-align: justify;\">Com o intuito de promover a atualiza\u00e7\u00e3o cadastral no sistema do Cadastro \u00danico (Cad\u00danico), para as pessoas que realizaram a \u00faltima atualiza\u00e7\u00e3o nos anos de 2016 e 2017, a Prefeitura de Juazeiro, atrav\u00e9s da Secretaria de Desenvolvimento Social, Mulher e Diversidade (Sedes), realizar\u00e1 um plant\u00e3o de atendimento neste s\u00e1bado (24), das 08h \u00e0s 13h, na sede do Cad\u00danico, que fica localizada na Rua do Para\u00edso, n\u00ba 253, bairro Santo Ant\u00f4nio.<\/p>\n<p dir=\"ltr\" style=\"text-align: justify;\">Cada pessoa respons\u00e1vel familiar, dever\u00e1 levar os documentos originais dos familiares que est\u00e3o inseridos no cadastro, para que seja feita a atualiza\u00e7\u00e3o cadastral. Caso o benefici\u00e1rio tenha mudado de endere\u00e7o, ser\u00e1 necess\u00e1rio tamb\u00e9m a apresenta\u00e7\u00e3o do novo comprovante de resid\u00eancia.&nbsp;<\/p>\n<p dir=\"ltr\" style=\"text-align: justify;\">Para verificar se o nome consta na lista, para fazer a atualiza\u00e7\u00e3o, o benefici\u00e1rio pode comparecer na sede do Cad\u00danico ou em qualquer uma das unidades do Centro de Refer\u00eancia da Assist\u00eancia Social (Cras). Durante o plant\u00e3o, al\u00e9m da atualiza\u00e7\u00e3o, ser\u00e3o realizadas pesagem do Aux\u00edlio Brasil, orienta\u00e7\u00f5es nutricionais, vacina\u00e7\u00e3o contra a Covid-19, entre outros servi\u00e7os.<\/p>\n\n\n<p>Ascom PMJ<\/p>\n","protected":false},"excerpt":{"rendered":"<p>Com o intuito de promover a atualiza\u00e7\u00e3o cadastral no sistema do Cadastro \u00danico (Cad\u00danico), para as pessoas que realizaram a \u00faltima atualiza\u00e7\u00e3o nos anos de 2016 e 2017, a Prefeitura de Juazeiro, atrav\u00e9s da Secretaria de Desenvolvimento Social, Mulher e Diversidade (Sedes), realizar\u00e1 um plant\u00e3o de atendimento neste s\u00e1bado (24), das 08h \u00e0s 13h, na [&hellip;]<\/p>\n","protected":false},"author":1,"featured_media":42816,"comment_status":"closed","ping_status":"open","sticky":false,"template":"","format":"standard","meta":{"_uag_custom_page_level_css":"","_monsterinsights_skip_tracking":false,"_monsterinsights_sitenote_active":false,"_monsterinsights_sitenote_note":"","_monsterinsights_sitenote_category":0,"jetpack_post_was_ever_published":false,"_jetpack_newsletter_access":"","_jetpack_dont_email_post_to_subs":false,"_jetpack_newsletter_tier_id":0,"_jetpack_memberships_contains_paywalled_content":false,"_jetpack_memberships_contains_paid_content":false,"footnotes":"","jetpack_publicize_message":"","jetpack_publicize_feature_enabled":true,"jetpack_social_post_already_shared":true,"jetpack_social_options":{"image_generator_settings":{"template":"highway","default_image_id":0,"font":"","enabled":false},"version":2}},"categories":[203],"tags":[],"class_list":["post-42815","post","type-post","status-publish","format-standard","has-post-thumbnail","hentry","category-juazeiro"],"jetpack_publicize_connections":[],"jetpack_featured_media_url":"https:\/\/blogopara.com.br\/wp-content\/uploads\/2022\/09\/Plantao-CadUnico.jpg","uagb_featured_image_src":{"full":["https:\/\/blogopara.com.br\/wp-content\/uploads\/2022\/09\/Plantao-CadUnico.jpg",500,500,false],"thumbnail":["https:\/\/blogopara.com.br\/wp-content\/uploads\/2022\/09\/Plantao-CadUnico-150x150.jpg",150,150,true],"medium":["https:\/\/blogopara.com.br\/wp-content\/uploads\/2022\/09\/Plantao-CadUnico-300x300.jpg",300,300,true],"medium_large":["https:\/\/blogopara.com.br\/wp-content\/uploads\/2022\/09\/Plantao-CadUnico.jpg",500,500,false],"large":["https:\/\/blogopara.com.br\/wp-content\/uploads\/2022\/09\/Plantao-CadUnico.jpg",500,500,false],"1536x1536":["https:\/\/blogopara.com.br\/wp-content\/uploads\/2022\/09\/Plantao-CadUnico.jpg",500,500,false],"2048x2048":["https:\/\/blogopara.com.br\/wp-content\/uploads\/2022\/09\/Plantao-CadUnico.jpg",500,500,false],"mantranews-slider-large":["https:\/\/blogopara.com.br\/wp-content\/uploads\/2022\/09\/Plantao-CadUnico.jpg",500,500,false],"mantranews-featured-medium":["https:\/\/blogopara.com.br\/wp-content\/uploads\/2022\/09\/Plantao-CadUnico-420x307.jpg",420,307,true],"mantranews-featured-long":["https:\/\/blogopara.com.br\/wp-content\/uploads\/2022\/09\/Plantao-CadUnico-300x443.jpg",300,443,true],"mantranews-block-medium":["https:\/\/blogopara.com.br\/wp-content\/uploads\/2022\/09\/Plantao-CadUnico-464x290.jpg",464,290,true],"mantranews-carousel-image":["https:\/\/blogopara.com.br\/wp-content\/uploads\/2022\/09\/Plantao-CadUnico.jpg",500,500,false],"mantranews-block-thumb":["https:\/\/blogopara.com.br\/wp-content\/uploads\/2022\/09\/Plantao-CadUnico-322x230.jpg",322,230,true],"mantranews-single-large":["https:\/\/blogopara.com.br\/wp-content\/uploads\/2022\/09\/Plantao-CadUnico.jpg",500,500,false]},"uagb_author_info":{"display_name":"Reda\u00e7\u00e3o geral","author_link":"https:\/\/blogopara.com.br\/index.php\/author\/blogopara"},"uagb_comment_info":0,"uagb_excerpt":"Com o intuito de promover a atualiza\u00e7\u00e3o cadastral no sistema do Cadastro \u00danico (Cad\u00danico), para as pessoas que realizaram a \u00faltima atualiza\u00e7\u00e3o nos anos de 2016 e 2017, a Prefeitura de Juazeiro, atrav\u00e9s da Secretaria de Desenvolvimento Social, Mulher e Diversidade (Sedes), realizar\u00e1 um plant\u00e3o de atendimento neste s\u00e1bado (24), das 08h \u00e0s 13h, na&hellip;","jetpack_sharing_enabled":true,"jetpack_likes_enabled":true,"_links":{"self":[{"href":"https:\/\/blogopara.com.br\/index.php\/wp-json\/wp\/v2\/posts\/42815","targetHints":{"allow":["GET"]}}],"collection":[{"href":"https:\/\/blogopara.com.br\/index.php\/wp-json\/wp\/v2\/posts"}],"about":[{"href":"https:\/\/blogopara.com.br\/index.php\/wp-json\/wp\/v2\/types\/post"}],"author":[{"embeddable":true,"href":"https:\/\/blogopara.com.br\/index.php\/wp-json\/wp\/v2\/users\/1"}],"replies":[{"embeddable":true,"href":"https:\/\/blogopara.com.br\/index.php\/wp-json\/wp\/v2\/comments?post=42815"}],"version-history":[{"count":2,"href":"https:\/\/blogopara.com.br\/index.php\/wp-json\/wp\/v2\/posts\/42815\/revisions"}],"predecessor-version":[{"id":42821,"href":"https:\/\/blogopara.com.br\/index.php\/wp-json\/wp\/v2\/posts\/42815\/revisions\/42821"}],"wp:featuredmedia":[{"embeddable":true,"href":"https:\/\/blogopara.com.br\/index.php\/wp-json\/wp\/v2\/media\/42816"}],"wp:attachment":[{"href":"https:\/\/blogopara.com.br\/index.php\/wp-json\/wp\/v2\/media?parent=42815"}],"wp:term":[{"taxonomy":"category","embeddable":true,"href":"https:\/\/blogopara.com.br\/index.php\/wp-json\/wp\/v2\/categories?post=42815"},{"taxonomy":"post_tag","embeddable":true,"href":"https:\/\/blogopara.com.br\/index.php\/wp-json\/wp\/v2\/tags?post=42815"}],"curies":[{"name":"wp","href":"https:\/\/api.w.org\/{rel}","templated":true}]}}