{"id":42839,"date":"2022-09-22T20:25:00","date_gmt":"2022-09-22T23:25:00","guid":{"rendered":"https:\/\/blogopara.com.br\/?p=42839"},"modified":"2022-09-21T21:59:35","modified_gmt":"2022-09-22T00:59:35","slug":"pl-que-obriga-planos-a-cobrirem-tratamentos-fora-do-rol-e-sancionado","status":"publish","type":"post","link":"https:\/\/blogopara.com.br\/index.php\/2022\/09\/22\/pl-que-obriga-planos-a-cobrirem-tratamentos-fora-do-rol-e-sancionado","title":{"rendered":"PL que obriga planos a cobrirem tratamentos fora do rol \u00e9 sancionado"},"content":{"rendered":"<p style=\"text-align: justify;\">Foi sancionado, nesta quarta-feira, 21, pelo presidente Jair Bolsonaro (PL), o projeto de lei que obriga os planos de sa\u00fade a cobrirem tratamentos e exames n\u00e3o previstos na lista da Ag\u00eancia Nacional de Sa\u00fade Suplementar (ANS). Segundo a Secretaria-Geral da Presid\u00eancia, n\u00e3o houve vetos \u00e0 proposta.<\/p>\n<p style=\"text-align: justify;\">O ato, que acaba com o chamado \u201crol taxativo\u201d da ag\u00eancia, deve ser publicado no Di\u00e1rio Oficial da Uni\u00e3o (DOU) desta quinta-feira, 22.<\/p>\n<p style=\"text-align: justify;\">A proposi\u00e7\u00e3o foi aprovada em vota\u00e7\u00e3o simb\u00f3lica, no fim de agosto, pelo Senado Federal, sendo avalizada antes na C\u00e2mara dos Deputados. Na Casa, os parlamentares reverteram uma decis\u00e3o do Superior Tribunal de Justi\u00e7a (STJ) que havia retirado a obriga\u00e7\u00e3o das operadoras de pagarem por procedimentos n\u00e3o listados no rol.<\/p>\n<p style=\"text-align: justify;\">Com isso, a proposta altera a legisla\u00e7\u00e3o vigente para possibilitar a cobertura de exames ou tratamentos n\u00e3o inclu\u00eddos na lista estabelecida da ANS, se houver comprova\u00e7\u00e3o da efic\u00e1cia, recomenda\u00e7\u00f5es pela Comiss\u00e3o Nacional de Incorpora\u00e7\u00e3o de Tecnologias no SUS; e recomenda\u00e7\u00e3o de, no m\u00ednimo, um \u00f3rg\u00e3o de avalia\u00e7\u00e3o de tecnologias em sa\u00fade que tenha renome internacional, desde que sejam aprovadas tamb\u00e9m para os seus \u00f3rg\u00e3os nacionais.<\/p>\n<p style=\"text-align: justify;\">A proposta define ainda que as operadoras se sujeitem \u00e0 Lei de Prote\u00e7\u00e3o do Consumidor, al\u00e9m da Lei de Planos.<\/p>\n<p style=\"text-align: justify;\">Antes disso, se um paciente precisasse de algum procedimento que n\u00e3o estava na lista, deveria recorrer \u00e0 Justi\u00e7a.<\/p>\n<p>A Tarde<\/p>\n","protected":false},"excerpt":{"rendered":"<p>Foi sancionado, nesta quarta-feira, 21, pelo presidente Jair Bolsonaro (PL), o projeto de lei que obriga os planos de sa\u00fade a cobrirem tratamentos e exames n\u00e3o previstos na lista da Ag\u00eancia Nacional de Sa\u00fade Suplementar (ANS). Segundo a Secretaria-Geral da Presid\u00eancia, n\u00e3o houve vetos \u00e0 proposta. O ato, que acaba com o chamado \u201crol taxativo\u201d [&hellip;]<\/p>\n","protected":false},"author":1,"featured_media":39574,"comment_status":"closed","ping_status":"open","sticky":false,"template":"","format":"standard","meta":{"_uag_custom_page_level_css":"","_monsterinsights_skip_tracking":false,"_monsterinsights_sitenote_active":false,"_monsterinsights_sitenote_note":"","_monsterinsights_sitenote_category":0,"jetpack_post_was_ever_published":false,"_jetpack_newsletter_access":"","_jetpack_dont_email_post_to_subs":false,"_jetpack_newsletter_tier_id":0,"_jetpack_memberships_contains_paywalled_content":false,"_jetpack_memberships_contains_paid_content":false,"footnotes":"","jetpack_publicize_message":"","jetpack_publicize_feature_enabled":true,"jetpack_social_post_already_shared":true,"jetpack_social_options":{"image_generator_settings":{"template":"highway","default_image_id":0,"font":"","enabled":false},"version":2}},"categories":[205],"tags":[],"class_list":["post-42839","post","type-post","status-publish","format-standard","has-post-thumbnail","hentry","category-saude"],"jetpack_publicize_connections":[],"jetpack_featured_media_url":"https:\/\/blogopara.com.br\/wp-content\/uploads\/2022\/07\/plano-de-saude.jpg","uagb_featured_image_src":{"full":["https:\/\/blogopara.com.br\/wp-content\/uploads\/2022\/07\/plano-de-saude.jpg",500,370,false],"thumbnail":["https:\/\/blogopara.com.br\/wp-content\/uploads\/2022\/07\/plano-de-saude-150x150.jpg",150,150,true],"medium":["https:\/\/blogopara.com.br\/wp-content\/uploads\/2022\/07\/plano-de-saude-300x222.jpg",300,222,true],"medium_large":["https:\/\/blogopara.com.br\/wp-content\/uploads\/2022\/07\/plano-de-saude.jpg",500,370,false],"large":["https:\/\/blogopara.com.br\/wp-content\/uploads\/2022\/07\/plano-de-saude.jpg",500,370,false],"1536x1536":["https:\/\/blogopara.com.br\/wp-content\/uploads\/2022\/07\/plano-de-saude.jpg",500,370,false],"2048x2048":["https:\/\/blogopara.com.br\/wp-content\/uploads\/2022\/07\/plano-de-saude.jpg",500,370,false],"mantranews-slider-large":["https:\/\/blogopara.com.br\/wp-content\/uploads\/2022\/07\/plano-de-saude.jpg",500,370,false],"mantranews-featured-medium":["https:\/\/blogopara.com.br\/wp-content\/uploads\/2022\/07\/plano-de-saude-420x307.jpg",420,307,true],"mantranews-featured-long":["https:\/\/blogopara.com.br\/wp-content\/uploads\/2022\/07\/plano-de-saude-300x370.jpg",300,370,true],"mantranews-block-medium":["https:\/\/blogopara.com.br\/wp-content\/uploads\/2022\/07\/plano-de-saude-464x290.jpg",464,290,true],"mantranews-carousel-image":["https:\/\/blogopara.com.br\/wp-content\/uploads\/2022\/07\/plano-de-saude.jpg",500,370,false],"mantranews-block-thumb":["https:\/\/blogopara.com.br\/wp-content\/uploads\/2022\/07\/plano-de-saude-322x230.jpg",322,230,true],"mantranews-single-large":["https:\/\/blogopara.com.br\/wp-content\/uploads\/2022\/07\/plano-de-saude.jpg",500,370,false]},"uagb_author_info":{"display_name":"Reda\u00e7\u00e3o geral","author_link":"https:\/\/blogopara.com.br\/index.php\/author\/blogopara"},"uagb_comment_info":0,"uagb_excerpt":"Foi sancionado, nesta quarta-feira, 21, pelo presidente Jair Bolsonaro (PL), o projeto de lei que obriga os planos de sa\u00fade a cobrirem tratamentos e exames n\u00e3o previstos na lista da Ag\u00eancia Nacional de Sa\u00fade Suplementar (ANS). Segundo a Secretaria-Geral da Presid\u00eancia, n\u00e3o houve vetos \u00e0 proposta. O ato, que acaba com o chamado \u201crol taxativo\u201d&hellip;","jetpack_sharing_enabled":true,"jetpack_likes_enabled":true,"_links":{"self":[{"href":"https:\/\/blogopara.com.br\/index.php\/wp-json\/wp\/v2\/posts\/42839","targetHints":{"allow":["GET"]}}],"collection":[{"href":"https:\/\/blogopara.com.br\/index.php\/wp-json\/wp\/v2\/posts"}],"about":[{"href":"https:\/\/blogopara.com.br\/index.php\/wp-json\/wp\/v2\/types\/post"}],"author":[{"embeddable":true,"href":"https:\/\/blogopara.com.br\/index.php\/wp-json\/wp\/v2\/users\/1"}],"replies":[{"embeddable":true,"href":"https:\/\/blogopara.com.br\/index.php\/wp-json\/wp\/v2\/comments?post=42839"}],"version-history":[{"count":1,"href":"https:\/\/blogopara.com.br\/index.php\/wp-json\/wp\/v2\/posts\/42839\/revisions"}],"predecessor-version":[{"id":42840,"href":"https:\/\/blogopara.com.br\/index.php\/wp-json\/wp\/v2\/posts\/42839\/revisions\/42840"}],"wp:featuredmedia":[{"embeddable":true,"href":"https:\/\/blogopara.com.br\/index.php\/wp-json\/wp\/v2\/media\/39574"}],"wp:attachment":[{"href":"https:\/\/blogopara.com.br\/index.php\/wp-json\/wp\/v2\/media?parent=42839"}],"wp:term":[{"taxonomy":"category","embeddable":true,"href":"https:\/\/blogopara.com.br\/index.php\/wp-json\/wp\/v2\/categories?post=42839"},{"taxonomy":"post_tag","embeddable":true,"href":"https:\/\/blogopara.com.br\/index.php\/wp-json\/wp\/v2\/tags?post=42839"}],"curies":[{"name":"wp","href":"https:\/\/api.w.org\/{rel}","templated":true}]}}