{"id":42848,"date":"2022-09-22T16:45:00","date_gmt":"2022-09-22T19:45:00","guid":{"rendered":"https:\/\/blogopara.com.br\/?p=42848"},"modified":"2022-09-21T22:17:49","modified_gmt":"2022-09-22T01:17:49","slug":"delivery-de-sucesso-sera-tema-da-proxima-oficina-preparatoria-do-festival-gastronomico-sabores-de-juazeiro","status":"publish","type":"post","link":"https:\/\/blogopara.com.br\/index.php\/2022\/09\/22\/delivery-de-sucesso-sera-tema-da-proxima-oficina-preparatoria-do-festival-gastronomico-sabores-de-juazeiro","title":{"rendered":"\u201cDelivery de Sucesso\u201d ser\u00e1 tema da pr\u00f3xima oficina preparat\u00f3ria do Festival Gastron\u00f4mico Sabores de Juazeiro"},"content":{"rendered":"<p style=\"text-align: justify;\">Faltando menos de um m\u00eas para o in\u00edcio da \u00a0segunda edi\u00e7\u00e3o do Festival Gastron\u00f4mico \u2018Sabores de Juazeiro\u2019, os 64 estabelecimentos cadastrados t\u00eam realizado diversas etapas at\u00e9 a abertura do evento no dia 14 de outubro. Nesta quinta-feira (22), a partir das 9h, na sede do Sebrae, em Juazeiro, os participantes ter\u00e3o mais uma oficina preparat\u00f3ria, com o tema: \u201cDelivery de Sucesso\u201d, com Waldir J\u00fanior, do aplicativo Pede A\u00ed, parceiro do festival.<\/p>\n<p>Com o tema \u201cOs Frutos do S\u00e3o Francisco\u201d, o festival visa valorizar a rica produ\u00e7\u00e3o local, principalmente da fruticultura, pesca, ovinocultura e tamb\u00e9m da caprinocultura. Os propriet\u00e1rios j\u00e1 passaram por tr\u00eas oficinas: \u00a0\u201cUso e Valoriza\u00e7\u00e3o dos ingredientes locais\u201d, \u201cElabora\u00e7\u00e3o de Coquet\u00e9is\u201d e \u201cConte\u00fado Digital para neg\u00f3cios de Gastronomia\u201d.<\/p>\n<p>De acordo com a secret\u00e1ria executiva do Sebrae, entidade organizadora do festival, Sara Brand\u00e3o, as oficinas s\u00e3o uma etapa essencial para o sucesso do evento. \u201cA partir das oficinas, os participantes conseguem ter novas ideias, ver o potencial de produtos e assim se especializar na apresenta\u00e7\u00e3o dos pratos durante o festival em outubro\u201d, diz.<\/p>\n<p><b>Apoio<\/b><\/p>\n<p>A Prefeitura de Juazeiro \u00e9 parceira do Festival Gastron\u00f4mico, atrav\u00e9s da Secretaria de Cultura, Turismo e Esportes (Seculte) e Ag\u00eancia de Desenvolvimento Econ\u00f4mico, Agricultura e Pecu\u00e1ria (Adeap), e j\u00e1 incluiu o evento no calend\u00e1rio oficial da cidade. \u201cO Festival Gastron\u00f4mico, que ir\u00e1 acontecer de 14 a 30 de outubro, \u00e9 uma excelente oportunidade para que as empresas do setor possam mostrar seus pratos \u00e0 popula\u00e7\u00e3o e aos turistas, alavancando assim a economia e o turismo local, uma vez que muita gente procura saborear as del\u00edcias peculiares da nossa terra. Esperamos que todos os propriet\u00e1rios cadastrados possam participar das oficinas, que s\u00e3o importantes para a culmin\u00e2ncia do Festival\u201d, destaca o secret\u00e1rio de Cultura, Turismo e Esportes, S\u00e9rgio Fernandes.<\/p>\n","protected":false},"excerpt":{"rendered":"<p>Faltando menos de um m\u00eas para o in\u00edcio da \u00a0segunda edi\u00e7\u00e3o do Festival Gastron\u00f4mico \u2018Sabores de Juazeiro\u2019, os 64 estabelecimentos cadastrados t\u00eam realizado diversas etapas at\u00e9 a abertura do evento no dia 14 de outubro. Nesta quinta-feira (22), a partir das 9h, na sede do Sebrae, em Juazeiro, os participantes ter\u00e3o mais uma oficina preparat\u00f3ria, [&hellip;]<\/p>\n","protected":false},"author":1,"featured_media":0,"comment_status":"closed","ping_status":"open","sticky":false,"template":"","format":"standard","meta":{"_uag_custom_page_level_css":"","_monsterinsights_skip_tracking":false,"_monsterinsights_sitenote_active":false,"_monsterinsights_sitenote_note":"","_monsterinsights_sitenote_category":0,"jetpack_post_was_ever_published":false,"_jetpack_newsletter_access":"","_jetpack_dont_email_post_to_subs":false,"_jetpack_newsletter_tier_id":0,"_jetpack_memberships_contains_paywalled_content":false,"_jetpack_memberships_contains_paid_content":false,"footnotes":"","jetpack_publicize_message":"","jetpack_publicize_feature_enabled":true,"jetpack_social_post_already_shared":true,"jetpack_social_options":{"image_generator_settings":{"template":"highway","default_image_id":0,"font":"","enabled":false},"version":2}},"categories":[1784],"tags":[],"class_list":["post-42848","post","type-post","status-publish","format-standard","hentry","category-cultura-2"],"jetpack_publicize_connections":[],"jetpack_featured_media_url":"","uagb_featured_image_src":{"full":false,"thumbnail":false,"medium":false,"medium_large":false,"large":false,"1536x1536":false,"2048x2048":false,"mantranews-slider-large":false,"mantranews-featured-medium":false,"mantranews-featured-long":false,"mantranews-block-medium":false,"mantranews-carousel-image":false,"mantranews-block-thumb":false,"mantranews-single-large":false},"uagb_author_info":{"display_name":"Reda\u00e7\u00e3o geral","author_link":"https:\/\/blogopara.com.br\/index.php\/author\/blogopara"},"uagb_comment_info":0,"uagb_excerpt":"Faltando menos de um m\u00eas para o in\u00edcio da \u00a0segunda edi\u00e7\u00e3o do Festival Gastron\u00f4mico \u2018Sabores de Juazeiro\u2019, os 64 estabelecimentos cadastrados t\u00eam realizado diversas etapas at\u00e9 a abertura do evento no dia 14 de outubro. Nesta quinta-feira (22), a partir das 9h, na sede do Sebrae, em Juazeiro, os participantes ter\u00e3o mais uma oficina preparat\u00f3ria,&hellip;","jetpack_sharing_enabled":true,"jetpack_likes_enabled":true,"_links":{"self":[{"href":"https:\/\/blogopara.com.br\/index.php\/wp-json\/wp\/v2\/posts\/42848","targetHints":{"allow":["GET"]}}],"collection":[{"href":"https:\/\/blogopara.com.br\/index.php\/wp-json\/wp\/v2\/posts"}],"about":[{"href":"https:\/\/blogopara.com.br\/index.php\/wp-json\/wp\/v2\/types\/post"}],"author":[{"embeddable":true,"href":"https:\/\/blogopara.com.br\/index.php\/wp-json\/wp\/v2\/users\/1"}],"replies":[{"embeddable":true,"href":"https:\/\/blogopara.com.br\/index.php\/wp-json\/wp\/v2\/comments?post=42848"}],"version-history":[{"count":1,"href":"https:\/\/blogopara.com.br\/index.php\/wp-json\/wp\/v2\/posts\/42848\/revisions"}],"predecessor-version":[{"id":42850,"href":"https:\/\/blogopara.com.br\/index.php\/wp-json\/wp\/v2\/posts\/42848\/revisions\/42850"}],"wp:attachment":[{"href":"https:\/\/blogopara.com.br\/index.php\/wp-json\/wp\/v2\/media?parent=42848"}],"wp:term":[{"taxonomy":"category","embeddable":true,"href":"https:\/\/blogopara.com.br\/index.php\/wp-json\/wp\/v2\/categories?post=42848"},{"taxonomy":"post_tag","embeddable":true,"href":"https:\/\/blogopara.com.br\/index.php\/wp-json\/wp\/v2\/tags?post=42848"}],"curies":[{"name":"wp","href":"https:\/\/api.w.org\/{rel}","templated":true}]}}