{"id":42856,"date":"2022-09-22T19:45:00","date_gmt":"2022-09-22T22:45:00","guid":{"rendered":"https:\/\/blogopara.com.br\/?p=42856"},"modified":"2022-09-22T20:00:00","modified_gmt":"2022-09-22T23:00:00","slug":"prefeita-suzana-ramos-leva-multidao-as-ruas-de-juazeiro-e-mostra-sua-forca-politica-em-apoio-a-candidatura-de-acm-neto","status":"publish","type":"post","link":"https:\/\/blogopara.com.br\/index.php\/2022\/09\/22\/prefeita-suzana-ramos-leva-multidao-as-ruas-de-juazeiro-e-mostra-sua-forca-politica-em-apoio-a-candidatura-de-acm-neto","title":{"rendered":"Prefeita Suzana Ramos leva multid\u00e3o as ruas de Juazeiro e mostra sua for\u00e7a pol\u00edtica em apoio \u00e0 candidatura de ACM Neto"},"content":{"rendered":"<p style=\"text-align: justify;\">Uma verdadeira onda azul tomou conta das avenidas centrais de Juazeiro na noite desta quarta-feira (21), para receber a Caravana do candidato ao Governo do Estado, ACM Neto. O ato organizado pela Prefeita Suzana Ramos mostrou que Juazeiro j\u00e1 escolheu seus candidatos e refor\u00e7ou a for\u00e7a pol\u00edtica da gestora do munic\u00edpio baiano.<\/p>\n<p style=\"text-align: justify;\">O grande arrast\u00e3o teve in\u00edcio na Avenida Adolfo Viana, percorreu ruas centrais da cidade e finalizou na Avenida Flaviano Guimar\u00e3es, com um grande com\u00edcio. Durante o percurso, o candidato ACM Neto, acompanhado dos componentes da sua coliga\u00e7\u00e3o: Ana Coelho, candidata a vice-governadora; Cac\u00e1 Le\u00e3o, candidato a Senador; o candidato a Deputado Federal, Adolfo Viana; e o candidato a Deputado Estadual, Jordavio Ramos, foram conduzidos pela prefeita Suzana Ramos e por uma popula\u00e7\u00e3o euf\u00f3rica para demonstrar o seu carinho e apoio ao grupo pol\u00edtico.<\/p>\n<p style=\"text-align: justify;\">&#8220;O sentimento que resume o dia de hoje \u00e9: Gratid\u00e3o. Me alegra poder andar nas ruas de Juazeiro ao lado do povo. Esse \u00e9 o melhor term\u00f4metro da aprova\u00e7\u00e3o da nossa gest\u00e3o, quando vamos para as ruas e recebemos esse carinho t\u00e3o grande das pessoas, que nos abra\u00e7am, tiram fotos, balan\u00e7am as bandeiras, colocam o santinho dos nossos candidatos no peito. \u00c9 muito bom ver todo esse povo reconhecendo o nosso trabalho e nos dando mais um voto de confian\u00e7a ao acompanhar os candidatos que estamos apresentando&#8221;, afirmou a prefeita Suzana Ramos.&nbsp;<\/p>\n<p style=\"text-align: justify;\">Em sua fala durante o ato pol\u00edtico a prefeita Suzana Ramos destacou que a sua aprova\u00e7\u00e3o, junto ao povo de Juazeiro, se d\u00e1 pelo desenvolvimento de uma gest\u00e3o focada e comprometida com a busca de melhorias para a cidade.<\/p>\n<p style=\"text-align: justify;\">\u201cHoje Juazeiro vive um novo tempo, estamos trabalhando duro para reconstruir a nossa cidade, s\u00e3o mais de 100 ruas pavimentadas, 37 escolas reformadas e ampliadas entregues a popula\u00e7\u00e3o e at\u00e9 o final do ano ser\u00e3o 60; a sa\u00fade hoje conta com uma nova Policlinica municipal, com uma estrutura e oferta de servi\u00e7os nunca vista antes na rede municipal; 9 pra\u00e7as totalmente recuperaras j\u00e1 inauguradas e outras 6 em constru\u00e7\u00e3o, e tem muito mais a\u00e7\u00e3o desenvolvida em apenas um ano e 9 meses de gest\u00e3o, e tudo com recurso pr\u00f3prio do munic\u00edpio. Agora imaginem tendo um governador que ser\u00e1 ACM Neto, um deputado estadual, Jordavio Ramos que \u00e9 meu filho e ter\u00e1 muito mais compromisso em trabalhar por sua cidade natal, um deputado federal, Adolfo Viana, e um senador que ser\u00e1 Cac\u00e1 Le\u00e3o? Vamos eleger esse time para que a reconstru\u00e7\u00e3o de Juazeiro continue acontecendo e com ainda mais celeridade, pois sozinha e\u201d. Finalizou Suzana Ramos.<\/p>\n\n\n<p><\/p>\n","protected":false},"excerpt":{"rendered":"<p>Uma verdadeira onda azul tomou conta das avenidas centrais de Juazeiro na noite desta quarta-feira (21), para receber a Caravana do candidato ao Governo do Estado, ACM Neto. O ato organizado pela Prefeita Suzana Ramos mostrou que Juazeiro j\u00e1 escolheu seus candidatos e refor\u00e7ou a for\u00e7a pol\u00edtica da gestora do munic\u00edpio baiano. O grande arrast\u00e3o [&hellip;]<\/p>\n","protected":false},"author":1,"featured_media":42857,"comment_status":"closed","ping_status":"open","sticky":false,"template":"","format":"standard","meta":{"_uag_custom_page_level_css":"","_monsterinsights_skip_tracking":false,"_monsterinsights_sitenote_active":false,"_monsterinsights_sitenote_note":"","_monsterinsights_sitenote_category":0,"jetpack_post_was_ever_published":false,"_jetpack_newsletter_access":"","_jetpack_dont_email_post_to_subs":false,"_jetpack_newsletter_tier_id":0,"_jetpack_memberships_contains_paywalled_content":false,"_jetpack_memberships_contains_paid_content":false,"footnotes":"","jetpack_publicize_message":"","jetpack_publicize_feature_enabled":true,"jetpack_social_post_already_shared":true,"jetpack_social_options":{"image_generator_settings":{"template":"highway","default_image_id":0,"font":"","enabled":false},"version":2}},"categories":[10109,203],"tags":[1327,340,320],"class_list":["post-42856","post","type-post","status-publish","format-standard","has-post-thumbnail","hentry","category-eleicoes-2022","category-juazeiro","tag-eleicoes-2022","tag-prefeitura-de-juazeiro","tag-sou-mais-juazeiro"],"jetpack_publicize_connections":[],"jetpack_featured_media_url":"https:\/\/blogopara.com.br\/wp-content\/uploads\/2022\/09\/WhatsApp-Image-2022-09-22-at-18.51.30.jpg","uagb_featured_image_src":{"full":["https:\/\/blogopara.com.br\/wp-content\/uploads\/2022\/09\/WhatsApp-Image-2022-09-22-at-18.51.30.jpg",500,281,false],"thumbnail":["https:\/\/blogopara.com.br\/wp-content\/uploads\/2022\/09\/WhatsApp-Image-2022-09-22-at-18.51.30-150x150.jpg",150,150,true],"medium":["https:\/\/blogopara.com.br\/wp-content\/uploads\/2022\/09\/WhatsApp-Image-2022-09-22-at-18.51.30-300x169.jpg",300,169,true],"medium_large":["https:\/\/blogopara.com.br\/wp-content\/uploads\/2022\/09\/WhatsApp-Image-2022-09-22-at-18.51.30.jpg",500,281,false],"large":["https:\/\/blogopara.com.br\/wp-content\/uploads\/2022\/09\/WhatsApp-Image-2022-09-22-at-18.51.30.jpg",500,281,false],"1536x1536":["https:\/\/blogopara.com.br\/wp-content\/uploads\/2022\/09\/WhatsApp-Image-2022-09-22-at-18.51.30.jpg",500,281,false],"2048x2048":["https:\/\/blogopara.com.br\/wp-content\/uploads\/2022\/09\/WhatsApp-Image-2022-09-22-at-18.51.30.jpg",500,281,false],"mantranews-slider-large":["https:\/\/blogopara.com.br\/wp-content\/uploads\/2022\/09\/WhatsApp-Image-2022-09-22-at-18.51.30.jpg",500,281,false],"mantranews-featured-medium":["https:\/\/blogopara.com.br\/wp-content\/uploads\/2022\/09\/WhatsApp-Image-2022-09-22-at-18.51.30-420x281.jpg",420,281,true],"mantranews-featured-long":["https:\/\/blogopara.com.br\/wp-content\/uploads\/2022\/09\/WhatsApp-Image-2022-09-22-at-18.51.30-300x281.jpg",300,281,true],"mantranews-block-medium":["https:\/\/blogopara.com.br\/wp-content\/uploads\/2022\/09\/WhatsApp-Image-2022-09-22-at-18.51.30-464x281.jpg",464,281,true],"mantranews-carousel-image":["https:\/\/blogopara.com.br\/wp-content\/uploads\/2022\/09\/WhatsApp-Image-2022-09-22-at-18.51.30.jpg",500,281,false],"mantranews-block-thumb":["https:\/\/blogopara.com.br\/wp-content\/uploads\/2022\/09\/WhatsApp-Image-2022-09-22-at-18.51.30-322x230.jpg",322,230,true],"mantranews-single-large":["https:\/\/blogopara.com.br\/wp-content\/uploads\/2022\/09\/WhatsApp-Image-2022-09-22-at-18.51.30.jpg",500,281,false]},"uagb_author_info":{"display_name":"Reda\u00e7\u00e3o geral","author_link":"https:\/\/blogopara.com.br\/index.php\/author\/blogopara"},"uagb_comment_info":0,"uagb_excerpt":"Uma verdadeira onda azul tomou conta das avenidas centrais de Juazeiro na noite desta quarta-feira (21), para receber a Caravana do candidato ao Governo do Estado, ACM Neto. O ato organizado pela Prefeita Suzana Ramos mostrou que Juazeiro j\u00e1 escolheu seus candidatos e refor\u00e7ou a for\u00e7a pol\u00edtica da gestora do munic\u00edpio baiano. O grande arrast\u00e3o&hellip;","jetpack_sharing_enabled":true,"jetpack_likes_enabled":true,"_links":{"self":[{"href":"https:\/\/blogopara.com.br\/index.php\/wp-json\/wp\/v2\/posts\/42856","targetHints":{"allow":["GET"]}}],"collection":[{"href":"https:\/\/blogopara.com.br\/index.php\/wp-json\/wp\/v2\/posts"}],"about":[{"href":"https:\/\/blogopara.com.br\/index.php\/wp-json\/wp\/v2\/types\/post"}],"author":[{"embeddable":true,"href":"https:\/\/blogopara.com.br\/index.php\/wp-json\/wp\/v2\/users\/1"}],"replies":[{"embeddable":true,"href":"https:\/\/blogopara.com.br\/index.php\/wp-json\/wp\/v2\/comments?post=42856"}],"version-history":[{"count":2,"href":"https:\/\/blogopara.com.br\/index.php\/wp-json\/wp\/v2\/posts\/42856\/revisions"}],"predecessor-version":[{"id":42860,"href":"https:\/\/blogopara.com.br\/index.php\/wp-json\/wp\/v2\/posts\/42856\/revisions\/42860"}],"wp:featuredmedia":[{"embeddable":true,"href":"https:\/\/blogopara.com.br\/index.php\/wp-json\/wp\/v2\/media\/42857"}],"wp:attachment":[{"href":"https:\/\/blogopara.com.br\/index.php\/wp-json\/wp\/v2\/media?parent=42856"}],"wp:term":[{"taxonomy":"category","embeddable":true,"href":"https:\/\/blogopara.com.br\/index.php\/wp-json\/wp\/v2\/categories?post=42856"},{"taxonomy":"post_tag","embeddable":true,"href":"https:\/\/blogopara.com.br\/index.php\/wp-json\/wp\/v2\/tags?post=42856"}],"curies":[{"name":"wp","href":"https:\/\/api.w.org\/{rel}","templated":true}]}}