{"id":42864,"date":"2022-09-23T12:34:00","date_gmt":"2022-09-23T15:34:00","guid":{"rendered":"https:\/\/blogopara.com.br\/?p=42864"},"modified":"2022-09-22T22:01:47","modified_gmt":"2022-09-23T01:01:47","slug":"acm-neto-e-o-primeiro-politico-da-bahia-a-ter-1-milhao-de-seguidores-no-instagram","status":"publish","type":"post","link":"https:\/\/blogopara.com.br\/index.php\/2022\/09\/23\/acm-neto-e-o-primeiro-politico-da-bahia-a-ter-1-milhao-de-seguidores-no-instagram","title":{"rendered":"ACM Neto \u00e9 o primeiro pol\u00edtico da Bahia a ter 1 milh\u00e3o de seguidores no Instagram"},"content":{"rendered":"<p style=\"text-align: justify;\">O candidato a governador ACM Neto (Uni\u00e3o Brasil) \u00e9 o primeiro pol\u00edtico na Bahia a ter 1 milh\u00e3o de seguidores no Instagram (@acmnetooficial). A marca foi atingida na tarde desta quinta-feira (22), pouco depois do ex-prefeito de Salvador fazer a postagem de n\u00famero 6.159.<\/p>\n<p style=\"text-align: justify;\">\u201cAs redes sociais transformaram a comunica\u00e7\u00e3o e levaram nossas a\u00e7\u00f5es, o trabalho e os momentos de lazer em tempo real para milhares de pessoas espalhadas pelo mundo. Fico muito feliz por mais esta conquista e quero parabenizar toda a minha equipe de trabalho pelo excelente resultado\u201d, afirmou ACM Neto, em Itamaraju, no Extremo Sul da Bahia.<\/p>\n<p style=\"text-align: justify;\">Al\u00e9m do Instagram, ACM Neto tem milhares de seguidores em outras duas redes: Facebook (@acmnetooficial, com 550 mil) e Twitter (@acmneto_, com 475 mil). \u201cDesde que minhas redes foram criadas, costumo postar com muita frequ\u00eancia porque tenho respeito pelos seguidores. Tamb\u00e9m leio as sugest\u00f5es, as cr\u00edticas e, sempre que posso, estou interagindo\u201d, afirmou Neto.<\/p>\n<p style=\"text-align: justify;\">Na \u00faltima semana, Neto criticou a retirada dos seus programas eleitorais na TV, e come\u00e7ou a utilizar os espa\u00e7os das redes digitais oficiais para defender, tamb\u00e9m, as ideias que seriam divulgadas no espa\u00e7o eleitoral obrigat\u00f3rio.<\/p>\n<p style=\"text-align: justify;\">\u201cNada vai silenciar o desejo de mudan\u00e7a dos baianos. Se n\u00e3o estamos na TV, vamos mandar nossas mensagens nas redes, no zap, nas ruas. Vamos comigo nessa corrente pra mudar a Bahia. Nada ser\u00e1 mais forte do que a vontade do povo\u201d, postou o candidato.<\/p>\n\n\n<p>Ascom ACM Neto<\/p>\n","protected":false},"excerpt":{"rendered":"<p>O candidato a governador ACM Neto (Uni\u00e3o Brasil) \u00e9 o primeiro pol\u00edtico na Bahia a ter 1 milh\u00e3o de seguidores no Instagram (@acmnetooficial). A marca foi atingida na tarde desta quinta-feira (22), pouco depois do ex-prefeito de Salvador fazer a postagem de n\u00famero 6.159. \u201cAs redes sociais transformaram a comunica\u00e7\u00e3o e levaram nossas a\u00e7\u00f5es, o [&hellip;]<\/p>\n","protected":false},"author":1,"featured_media":42865,"comment_status":"closed","ping_status":"open","sticky":false,"template":"","format":"standard","meta":{"_uag_custom_page_level_css":"","_monsterinsights_skip_tracking":false,"_monsterinsights_sitenote_active":false,"_monsterinsights_sitenote_note":"","_monsterinsights_sitenote_category":0,"jetpack_post_was_ever_published":false,"_jetpack_newsletter_access":"","_jetpack_dont_email_post_to_subs":false,"_jetpack_newsletter_tier_id":0,"_jetpack_memberships_contains_paywalled_content":false,"_jetpack_memberships_contains_paid_content":false,"footnotes":"","jetpack_publicize_message":"","jetpack_publicize_feature_enabled":true,"jetpack_social_post_already_shared":true,"jetpack_social_options":{"image_generator_settings":{"template":"highway","default_image_id":0,"font":"","enabled":false},"version":2}},"categories":[197],"tags":[],"class_list":["post-42864","post","type-post","status-publish","format-standard","has-post-thumbnail","hentry","category-politica"],"jetpack_publicize_connections":[],"jetpack_featured_media_url":"https:\/\/blogopara.com.br\/wp-content\/uploads\/2022\/09\/WhatsApp-Image-2022-09-22-at-20.58.24.jpg","uagb_featured_image_src":{"full":["https:\/\/blogopara.com.br\/wp-content\/uploads\/2022\/09\/WhatsApp-Image-2022-09-22-at-20.58.24.jpg",500,325,false],"thumbnail":["https:\/\/blogopara.com.br\/wp-content\/uploads\/2022\/09\/WhatsApp-Image-2022-09-22-at-20.58.24-150x150.jpg",150,150,true],"medium":["https:\/\/blogopara.com.br\/wp-content\/uploads\/2022\/09\/WhatsApp-Image-2022-09-22-at-20.58.24-300x195.jpg",300,195,true],"medium_large":["https:\/\/blogopara.com.br\/wp-content\/uploads\/2022\/09\/WhatsApp-Image-2022-09-22-at-20.58.24.jpg",500,325,false],"large":["https:\/\/blogopara.com.br\/wp-content\/uploads\/2022\/09\/WhatsApp-Image-2022-09-22-at-20.58.24.jpg",500,325,false],"1536x1536":["https:\/\/blogopara.com.br\/wp-content\/uploads\/2022\/09\/WhatsApp-Image-2022-09-22-at-20.58.24.jpg",500,325,false],"2048x2048":["https:\/\/blogopara.com.br\/wp-content\/uploads\/2022\/09\/WhatsApp-Image-2022-09-22-at-20.58.24.jpg",500,325,false],"mantranews-slider-large":["https:\/\/blogopara.com.br\/wp-content\/uploads\/2022\/09\/WhatsApp-Image-2022-09-22-at-20.58.24.jpg",500,325,false],"mantranews-featured-medium":["https:\/\/blogopara.com.br\/wp-content\/uploads\/2022\/09\/WhatsApp-Image-2022-09-22-at-20.58.24-420x307.jpg",420,307,true],"mantranews-featured-long":["https:\/\/blogopara.com.br\/wp-content\/uploads\/2022\/09\/WhatsApp-Image-2022-09-22-at-20.58.24-300x325.jpg",300,325,true],"mantranews-block-medium":["https:\/\/blogopara.com.br\/wp-content\/uploads\/2022\/09\/WhatsApp-Image-2022-09-22-at-20.58.24-464x290.jpg",464,290,true],"mantranews-carousel-image":["https:\/\/blogopara.com.br\/wp-content\/uploads\/2022\/09\/WhatsApp-Image-2022-09-22-at-20.58.24.jpg",500,325,false],"mantranews-block-thumb":["https:\/\/blogopara.com.br\/wp-content\/uploads\/2022\/09\/WhatsApp-Image-2022-09-22-at-20.58.24-322x230.jpg",322,230,true],"mantranews-single-large":["https:\/\/blogopara.com.br\/wp-content\/uploads\/2022\/09\/WhatsApp-Image-2022-09-22-at-20.58.24.jpg",500,325,false]},"uagb_author_info":{"display_name":"Reda\u00e7\u00e3o geral","author_link":"https:\/\/blogopara.com.br\/index.php\/author\/blogopara"},"uagb_comment_info":0,"uagb_excerpt":"O candidato a governador ACM Neto (Uni\u00e3o Brasil) \u00e9 o primeiro pol\u00edtico na Bahia a ter 1 milh\u00e3o de seguidores no Instagram (@acmnetooficial). A marca foi atingida na tarde desta quinta-feira (22), pouco depois do ex-prefeito de Salvador fazer a postagem de n\u00famero 6.159. \u201cAs redes sociais transformaram a comunica\u00e7\u00e3o e levaram nossas a\u00e7\u00f5es, o&hellip;","jetpack_sharing_enabled":true,"jetpack_likes_enabled":true,"_links":{"self":[{"href":"https:\/\/blogopara.com.br\/index.php\/wp-json\/wp\/v2\/posts\/42864","targetHints":{"allow":["GET"]}}],"collection":[{"href":"https:\/\/blogopara.com.br\/index.php\/wp-json\/wp\/v2\/posts"}],"about":[{"href":"https:\/\/blogopara.com.br\/index.php\/wp-json\/wp\/v2\/types\/post"}],"author":[{"embeddable":true,"href":"https:\/\/blogopara.com.br\/index.php\/wp-json\/wp\/v2\/users\/1"}],"replies":[{"embeddable":true,"href":"https:\/\/blogopara.com.br\/index.php\/wp-json\/wp\/v2\/comments?post=42864"}],"version-history":[{"count":1,"href":"https:\/\/blogopara.com.br\/index.php\/wp-json\/wp\/v2\/posts\/42864\/revisions"}],"predecessor-version":[{"id":42866,"href":"https:\/\/blogopara.com.br\/index.php\/wp-json\/wp\/v2\/posts\/42864\/revisions\/42866"}],"wp:featuredmedia":[{"embeddable":true,"href":"https:\/\/blogopara.com.br\/index.php\/wp-json\/wp\/v2\/media\/42865"}],"wp:attachment":[{"href":"https:\/\/blogopara.com.br\/index.php\/wp-json\/wp\/v2\/media?parent=42864"}],"wp:term":[{"taxonomy":"category","embeddable":true,"href":"https:\/\/blogopara.com.br\/index.php\/wp-json\/wp\/v2\/categories?post=42864"},{"taxonomy":"post_tag","embeddable":true,"href":"https:\/\/blogopara.com.br\/index.php\/wp-json\/wp\/v2\/tags?post=42864"}],"curies":[{"name":"wp","href":"https:\/\/api.w.org\/{rel}","templated":true}]}}