{"id":42905,"date":"2022-09-23T20:25:00","date_gmt":"2022-09-23T23:25:00","guid":{"rendered":"https:\/\/blogopara.com.br\/?p=42905"},"modified":"2022-09-23T14:04:23","modified_gmt":"2022-09-23T17:04:23","slug":"inchaco-nos-dedos-pode-ser-sinal-de-doencas-cronicas","status":"publish","type":"post","link":"https:\/\/blogopara.com.br\/index.php\/2022\/09\/23\/inchaco-nos-dedos-pode-ser-sinal-de-doencas-cronicas","title":{"rendered":"Incha\u00e7o nos dedos pode ser sinal de doen\u00e7as cr\u00f4nicas"},"content":{"rendered":"<div class=\"fonteNoticia\">\n<div style=\"text-align: justify;\">Na \u00faltima semana, durante a cerim\u00f4nia de proclama\u00e7\u00e3o do novo rei do Reino Unido, Charles III, os \u201cdedos de salsichas\u201d do monarca roubaram a aten\u00e7\u00e3o do p\u00fablico e o tema foi destaque nas redes sociais. Esta n\u00e3o foi a primeira vez que os dedos inchados do rei viraram not\u00edcia, mas oficialmente, nenhum problema de sa\u00fade espec\u00edfico foi divulgado pelo Pal\u00e1cio de Buckingham. O edema, termo m\u00e9dico e cient\u00edfico para o incha\u00e7o, pode ser um sinal de doen\u00e7as cr\u00f4nicas renais, reum\u00e1ticas, vasculares e ortop\u00e9dicas, hipertens\u00e3o arterial descontrolada, infec\u00e7\u00f5es e at\u00e9 traumas.<\/div>\n<div style=\"text-align: justify;\"><\/div>\n<div style=\"text-align: justify;\">Segundo o Chefe de Servi\u00e7o de Cirurgia Vascular do Hospital Jayme da Fonte, Esdras Marques, o incha\u00e7o tamb\u00e9m pode ser causado por outros fatores n\u00e3o relacionados a doen\u00e7as cr\u00f4nicas. \u201cUma alimenta\u00e7\u00e3o rica em sal pode causar uma maior reten\u00e7\u00e3o de l\u00edquido em pessoas que apresentam disposi\u00e7\u00e3o gen\u00e9tica e em hipertensos. Al\u00e9m disso, algumas posturas podem causar o edema nas m\u00e3os, como por exemplo: permanecer um longo per\u00edodo com o antebra\u00e7o flexionado\u201d, explicou.<\/div>\n<div style=\"text-align: justify;\"><\/div>\n<div style=\"text-align: justify;\">O incha\u00e7o pode provocar dor, sensa\u00e7\u00e3o de peso na regi\u00e3o causando desconforto e diminuindo a qualidade de vida do paciente, com limita\u00e7\u00f5es no movimento dos dedos e das m\u00e3os. Em alguns casos, o edema pode evoluir para outras partes do corpo: rosto, pernas e at\u00e9 na regi\u00e3o genital. O recomendado ao perceber os sintomas \u00e9 procurar um m\u00e9dico especialista, como angiologista, nefrologista, cardiologista ou reumatologista, para identificar a causa e iniciar o tratamento mais adequado de acordo com o diagn\u00f3stico, j\u00e1 que as doen\u00e7as ocorrem em sua maioria de forma silenciosa.<\/div>\n<div style=\"text-align: justify;\"><\/div>\n<div style=\"text-align: justify;\">Com a interven\u00e7\u00e3o m\u00e9dica e com fisioterapia para alguns casos, os dedos podem voltar ao normal, mas \u00e9 importante que o paciente mantenha h\u00e1bitos saud\u00e1veis para evitar a volta do edema. \u201c\u00c9 necess\u00e1rio controlar a press\u00e3o arterial com medicamentos, exerc\u00edcios f\u00edsicos aer\u00f3bicos e dieta com pouco sal. Em casos de doen\u00e7as reum\u00e1ticas, o uso medicamentos \u00e9 essencial, assim como a fisioterapia no diagn\u00f3stico de edema linf\u00e1tico. \u00c9 necess\u00e1rio beber \u00e1gua frequentemente para estimular o trabalho renal e evitar manter os membros superiores em posi\u00e7\u00e3o de flex\u00e3o por per\u00edodo prolongado (dormir com os membros fletidos)\u201d, finalizou Esdras Marques.<\/div>\n<div style=\"text-align: justify;\"><\/div>\n<div style=\"text-align: justify;\">Para uma identifica\u00e7\u00e3o correta e melhor forma de tratamento dos edemas, os pacientes devem procurar centros m\u00e9dicos refer\u00eancia em atendimento de angiologia, cardiologia, nefrologia e reumatologia, como o Hospital Jayme da Fonte, que possui m\u00e9dicos especializados da \u00e1rea. O atendimento tamb\u00e9m \u00e9 oferecido pelo Sistema \u00danico de Sa\u00fade (SUS).<\/div>\n<div id=\"smartclipDiv\" style=\"text-align: justify;\"><\/div>\n<\/div>\n<div class=\"w-100 d-block float-end mb-3\">\n<div id=\"st-2\" class=\"sharethis-inline-share-buttons st-right  st-inline-share-buttons st-animated\">\n<div class=\"st-btn st-first\" style=\"text-align: justify;\" data-network=\"facebook\"><img decoding=\"async\" src=\"https:\/\/platform-cdn.sharethis.com\/img\/facebook.svg\" alt=\"facebook sharing button\" \/>Di\u00e1rio de Pernambuco<\/div>\n<\/div>\n<\/div>\n","protected":false},"excerpt":{"rendered":"<p>Na \u00faltima semana, durante a cerim\u00f4nia de proclama\u00e7\u00e3o do novo rei do Reino Unido, Charles III, os \u201cdedos de salsichas\u201d do monarca roubaram a aten\u00e7\u00e3o do p\u00fablico e o tema foi destaque nas redes sociais. Esta n\u00e3o foi a primeira vez que os dedos inchados do rei viraram not\u00edcia, mas oficialmente, nenhum problema de sa\u00fade [&hellip;]<\/p>\n","protected":false},"author":1,"featured_media":42906,"comment_status":"closed","ping_status":"open","sticky":false,"template":"","format":"standard","meta":{"_uag_custom_page_level_css":"","_monsterinsights_skip_tracking":false,"_monsterinsights_sitenote_active":false,"_monsterinsights_sitenote_note":"","_monsterinsights_sitenote_category":0,"jetpack_post_was_ever_published":false,"_jetpack_newsletter_access":"","_jetpack_dont_email_post_to_subs":false,"_jetpack_newsletter_tier_id":0,"_jetpack_memberships_contains_paywalled_content":false,"_jetpack_memberships_contains_paid_content":false,"footnotes":"","jetpack_publicize_message":"","jetpack_publicize_feature_enabled":true,"jetpack_social_post_already_shared":true,"jetpack_social_options":{"image_generator_settings":{"template":"highway","default_image_id":0,"font":"","enabled":false},"version":2}},"categories":[205],"tags":[],"class_list":["post-42905","post","type-post","status-publish","format-standard","has-post-thumbnail","hentry","category-saude"],"jetpack_publicize_connections":[],"jetpack_featured_media_url":"https:\/\/blogopara.com.br\/wp-content\/uploads\/2022\/09\/WhatsApp-Image-2022-09-23-at-14.02.48.jpg","uagb_featured_image_src":{"full":["https:\/\/blogopara.com.br\/wp-content\/uploads\/2022\/09\/WhatsApp-Image-2022-09-23-at-14.02.48.jpg",500,381,false],"thumbnail":["https:\/\/blogopara.com.br\/wp-content\/uploads\/2022\/09\/WhatsApp-Image-2022-09-23-at-14.02.48-150x150.jpg",150,150,true],"medium":["https:\/\/blogopara.com.br\/wp-content\/uploads\/2022\/09\/WhatsApp-Image-2022-09-23-at-14.02.48-300x229.jpg",300,229,true],"medium_large":["https:\/\/blogopara.com.br\/wp-content\/uploads\/2022\/09\/WhatsApp-Image-2022-09-23-at-14.02.48.jpg",500,381,false],"large":["https:\/\/blogopara.com.br\/wp-content\/uploads\/2022\/09\/WhatsApp-Image-2022-09-23-at-14.02.48.jpg",500,381,false],"1536x1536":["https:\/\/blogopara.com.br\/wp-content\/uploads\/2022\/09\/WhatsApp-Image-2022-09-23-at-14.02.48.jpg",500,381,false],"2048x2048":["https:\/\/blogopara.com.br\/wp-content\/uploads\/2022\/09\/WhatsApp-Image-2022-09-23-at-14.02.48.jpg",500,381,false],"mantranews-slider-large":["https:\/\/blogopara.com.br\/wp-content\/uploads\/2022\/09\/WhatsApp-Image-2022-09-23-at-14.02.48.jpg",500,381,false],"mantranews-featured-medium":["https:\/\/blogopara.com.br\/wp-content\/uploads\/2022\/09\/WhatsApp-Image-2022-09-23-at-14.02.48-420x307.jpg",420,307,true],"mantranews-featured-long":["https:\/\/blogopara.com.br\/wp-content\/uploads\/2022\/09\/WhatsApp-Image-2022-09-23-at-14.02.48-300x381.jpg",300,381,true],"mantranews-block-medium":["https:\/\/blogopara.com.br\/wp-content\/uploads\/2022\/09\/WhatsApp-Image-2022-09-23-at-14.02.48-464x290.jpg",464,290,true],"mantranews-carousel-image":["https:\/\/blogopara.com.br\/wp-content\/uploads\/2022\/09\/WhatsApp-Image-2022-09-23-at-14.02.48.jpg",500,381,false],"mantranews-block-thumb":["https:\/\/blogopara.com.br\/wp-content\/uploads\/2022\/09\/WhatsApp-Image-2022-09-23-at-14.02.48-322x230.jpg",322,230,true],"mantranews-single-large":["https:\/\/blogopara.com.br\/wp-content\/uploads\/2022\/09\/WhatsApp-Image-2022-09-23-at-14.02.48.jpg",500,381,false]},"uagb_author_info":{"display_name":"Reda\u00e7\u00e3o geral","author_link":"https:\/\/blogopara.com.br\/index.php\/author\/blogopara"},"uagb_comment_info":0,"uagb_excerpt":"Na \u00faltima semana, durante a cerim\u00f4nia de proclama\u00e7\u00e3o do novo rei do Reino Unido, Charles III, os \u201cdedos de salsichas\u201d do monarca roubaram a aten\u00e7\u00e3o do p\u00fablico e o tema foi destaque nas redes sociais. Esta n\u00e3o foi a primeira vez que os dedos inchados do rei viraram not\u00edcia, mas oficialmente, nenhum problema de sa\u00fade&hellip;","jetpack_sharing_enabled":true,"jetpack_likes_enabled":true,"_links":{"self":[{"href":"https:\/\/blogopara.com.br\/index.php\/wp-json\/wp\/v2\/posts\/42905","targetHints":{"allow":["GET"]}}],"collection":[{"href":"https:\/\/blogopara.com.br\/index.php\/wp-json\/wp\/v2\/posts"}],"about":[{"href":"https:\/\/blogopara.com.br\/index.php\/wp-json\/wp\/v2\/types\/post"}],"author":[{"embeddable":true,"href":"https:\/\/blogopara.com.br\/index.php\/wp-json\/wp\/v2\/users\/1"}],"replies":[{"embeddable":true,"href":"https:\/\/blogopara.com.br\/index.php\/wp-json\/wp\/v2\/comments?post=42905"}],"version-history":[{"count":1,"href":"https:\/\/blogopara.com.br\/index.php\/wp-json\/wp\/v2\/posts\/42905\/revisions"}],"predecessor-version":[{"id":42907,"href":"https:\/\/blogopara.com.br\/index.php\/wp-json\/wp\/v2\/posts\/42905\/revisions\/42907"}],"wp:featuredmedia":[{"embeddable":true,"href":"https:\/\/blogopara.com.br\/index.php\/wp-json\/wp\/v2\/media\/42906"}],"wp:attachment":[{"href":"https:\/\/blogopara.com.br\/index.php\/wp-json\/wp\/v2\/media?parent=42905"}],"wp:term":[{"taxonomy":"category","embeddable":true,"href":"https:\/\/blogopara.com.br\/index.php\/wp-json\/wp\/v2\/categories?post=42905"},{"taxonomy":"post_tag","embeddable":true,"href":"https:\/\/blogopara.com.br\/index.php\/wp-json\/wp\/v2\/tags?post=42905"}],"curies":[{"name":"wp","href":"https:\/\/api.w.org\/{rel}","templated":true}]}}