{"id":4294,"date":"2019-10-30T08:03:11","date_gmt":"2019-10-30T11:03:11","guid":{"rendered":"http:\/\/blogopara.com.br\/?p=4294"},"modified":"2019-10-30T08:03:21","modified_gmt":"2019-10-30T11:03:21","slug":"citacao-no-caso-marielle-gera-reacao-de-bolsonaro","status":"publish","type":"post","link":"https:\/\/blogopara.com.br\/index.php\/2019\/10\/30\/citacao-no-caso-marielle-gera-reacao-de-bolsonaro","title":{"rendered":"Cita\u00e7\u00e3o no Caso Marielle gera rea\u00e7\u00e3o de Bolsonaro"},"content":{"rendered":"<div class=\"article-paragraph\">\n<p style=\"text-align: justify;\">Registros da portaria do Condom\u00ednio Vivendas da Barra, no Rio de Janeiro, indicam que dois acusados de\u00a0<a href=\"https:\/\/gauchazh.clicrbs.com.br\/ultimas-noticias\/tag\/marielle-franco\/\"><strong>assassinar a vereadora Marielle Franco (PSOL)<\/strong><\/a>\u00a0e o motorista Anderson Gomes se reuniram no local antes do crime, em 14 de mar\u00e7o de 2018. Um deles, ao chegar, afirmou ao porteiro que iria \u00e0 casa de<a href=\"https:\/\/gauchazh.clicrbs.com.br\/ultimas-noticias\/tag\/jair-bolsonaro\/\"><strong>\u00a0Jair Bolsonaro<\/strong><\/a>, que tem resid\u00eancia no condom\u00ednio e \u00e0 \u00e9poca era deputado federal. Naquele dia, a lista de presen\u00e7a da C\u00e2mara mostra que Bolsonaro estava em Bras\u00edlia, e n\u00e3o no Rio. As informa\u00e7\u00f5es\u00a0<a href=\"https:\/\/g1.globo.com\/rj\/rio-de-janeiro\/noticia\/2019\/10\/29\/suspeito-da-morte-de-marielle-se-reuniu-com-outro-acusado-no-condominio-de-bolsonaro-antes-do-crime-ao-entrar-alegou-que-ia-para-a-casa-do-presidente-segundo-porteiro.ghtml\" target=\"_blank\" rel=\"noopener noreferrer\"><strong>foram divulgadas pelo\u00a0<\/strong><em><strong>Jornal Nacional<\/strong><\/em><strong>\u00a0nesta ter\u00e7a-feira (29).\u00a0<\/strong><\/a>Como houve cita\u00e7\u00e3o ao nome do presidente, a lei prev\u00ea que o\u00a0<a href=\"https:\/\/gauchazh.clicrbs.com.br\/ultimas-noticias\/tag\/STF\/\"><strong>Supremo Tribunal Federal (STF)\u00a0<\/strong><\/a>analise a situa\u00e7\u00e3o.<\/p>\n<\/div>\n<div class=\"article-paragraph\" style=\"text-align: justify;\">\n<p>No condom\u00ednio, mora Ronnie Lessa, suspeito de atirar na vereadora. O porteiro contou \u00e0 pol\u00edcia que, horas antes do assassinato, o outro suspeito, \u00c9lcio de Queiroz, entrou no condom\u00ednio e disse que iria para a casa de Bolsonaro. \u00c0s 17h10min, ele escreveu no livro de visitantes o nome de quem entrou, \u00c9lcio, o carro, um Logan, a placa, AGH 8202, e a casa que o visitante iria, a de n\u00famero 58. \u00c9lcio \u00e9 acusado de ser o motorista do carro usado no crime.<\/p>\n<\/div>\n<div class=\"article-paragraph\" style=\"text-align: justify;\">\n<p>Segundo o\u00a0<em>JN<\/em>, o porteiro contou que, depois que \u00c9lcio se identificou na portaria e disse para onde iria, ligou para a casa 58 para confirmar se o visitante tinha autoriza\u00e7\u00e3o para entrar. Disse tamb\u00e9m que identificou a voz de quem atendeu como sendo a do &#8220;seu Jair&#8221;, e afirmou isso nos dois depoimentos. No registro geral de im\u00f3veis, consta que a casa 58 pertence a Bolsonaro. O presidente tamb\u00e9m \u00e9 dono da casa 36, onde vive um dos filhos, o vereador do Rio Carlos Bolsonaro (PSC).<\/p>\n<\/div>\n<div class=\"article-paragraph\" style=\"text-align: justify;\">\n<p>O porteiro explicou que, depois que \u00c9lcio entrou, ele acompanhou a movimenta\u00e7\u00e3o do carro pelas c\u00e2meras de seguran\u00e7a e viu que o ve\u00edculo tinha ido para a casa 66, onde morava Ronnie Lessa. O porteiro disse que ligou de novo para a casa 58, e que o homem identificado por ele como &#8220;seu Jair&#8221; teria dito que sabia para onde \u00c9lcio estava indo.<\/p>\n<\/div>\n<div class=\"article-paragraph\" style=\"text-align: justify;\">\n<p>O\u00a0<em>JN<\/em>\u00a0pesquisou os registros da C\u00e2mara e encontrou contradi\u00e7\u00e3o no depoimento do porteiro. Bolsonaro estava em Bras\u00edlia nesse dia, como mostram os registros de presen\u00e7a em duas vota\u00e7\u00f5es no plen\u00e1rio: \u00e0s 14h e \u00e0s 20h30min. N\u00e3o poderia, portanto, estar no Rio. No mesmo dia, Bolsonaro tamb\u00e9m postou v\u00eddeos nas redes sociais do lado de fora e dentro do gabinete em Bras\u00edlia.<\/p>\n<\/div>\n<div class=\"article-paragraph\" style=\"text-align: justify;\">\n<p>Segundo o JN, a guarita do condom\u00ednio tem equipamentos que gravam as conversas pelo interfone. Os investigadores est\u00e3o recuperando os arquivos de \u00e1udio para saber com quem, de fato, o porteiro conversou naquele dia e quem estava na casa 58.<\/p>\n<\/div>\n<div class=\"article-paragraph\" style=\"text-align: justify;\">\n<p>A pol\u00edcia prendeu os dois suspeitos de matar Marielle e Anderson no dia 12 de mar\u00e7o deste ano. Lessa \u00e9 sargento aposentado da Pol\u00edcia Militar e foi preso quando tentava fugir de casa, no Condom\u00ednio Vivendas da Barra. \u00c9lcio de Queiroz \u00e9 ex-policial militar e foi expulso da PM em 2015 por envolvimento com a contraven\u00e7\u00e3o.<\/p>\n<\/div>\n<div class=\"article-paragraph\" style=\"text-align: justify;\">\n<p>O\u00a0<em>Jornal Nacional<\/em>\u00a0informou que, depois de saber das informa\u00e7\u00f5es envolvendo a casa do presidente nas investiga\u00e7\u00f5es, representantes do Minist\u00e9rio P\u00fablico do Rio foram at\u00e9 Bras\u00edlia no dia 17 para fazer consulta ao presidente do Supremo Tribunal Federal, o ministro Dias Toffoli. Eles questionaram se podem continuar a investiga\u00e7\u00e3o depois que apareceu o nome do presidente. Toffoli ainda n\u00e3o respondeu.<\/p>\n<\/div>\n<div class=\"article-paragraph\" style=\"text-align: justify;\">\n<p>As defesas de Ronnie Lessa e \u00c9lcio de Queiroz n\u00e3o responderam \u00e0s tentativas de contato do\u00a0<em>JN<\/em>. O advogado de Bolsonaro, Frederick Wassef, contestou o depoimento do porteiro e afirmou que seria tentativa de atacar a imagem do presidente:<\/p>\n<\/div>\n<div class=\"article-paragraph\" style=\"text-align: justify;\">\n<p>\u2014 Nego isso. Isso \u00e9 uma mentira. Deve ser um erro de digita\u00e7\u00e3o, alguma coisa. \u00c9 o caso de uma investiga\u00e7\u00e3o por esse falso testemunho.<\/p>\n<\/div>\n<div class=\"article-paragraph\" style=\"text-align: justify;\">\n<p>Em\u00a0<a href=\"https:\/\/gauchazh.clicrbs.com.br\/politica\/noticia\/2019\/10\/bolsonaro-acusa-witzel-de-ter-vazado-processo-sobre-a-morte-de-marielle-para-a-globo-ck2cmogou0aw001r2ktdhhrk3.html\"><strong>transmiss\u00e3o ao vivo<\/strong><\/a>\u00a0pelo Facebook, Bolsonaro disse que foi &#8220;surpreendido&#8221; e defendeu, aos gritos, que o processo sobre a morte, que corre em segredo de Justi\u00e7a, foi vazado para a Globo pelo governador do\u00a0<a href=\"https:\/\/gauchazh.clicrbs.com.br\/ultimas-noticias\/tag\/rio-de-janeiro\/\"><u><strong>Rio de Janeiro<\/strong><\/u><\/a>, Wilson Witzel.<\/p>\n<\/div>\n<div class=\"article-paragraph\" style=\"text-align: justify;\">\n<p>\u2014 Esse processo est\u00e1 em segredo de Justi\u00e7a. Como chega na Globo? Quem vazou? Segundo a Veja, quem vazou esse processo para a Globo foi o seu governador Witzel. Eu n\u00e3o quero bater o martelo, mas o que parece? Ou porteiro mentiu ou induziram o porteiro a cometer falso testemunho ou escreveram algo que ele n\u00e3o leu e assinou.<\/p>\n<\/div>\n<div class=\"article-paragraph\">\n<p style=\"text-align: justify;\">Ap\u00f3s a veicula\u00e7\u00e3o da reportagem, a conta de Bolsonaro no Twitter exibiu uma imagem que associa a marca da Rede Globo a um esgoto, junto da palavra &#8220;canalhas&#8221;.<\/p>\n<pre>Fonte: gauchazh<\/pre>\n<\/div>\n","protected":false},"excerpt":{"rendered":"<p>Em depoimento, divulgado pelo Jornal Nacional, porteiro disse ter falado com o presidente em sua casa no Rio, mas registros da C\u00e2mara dos Deputados comprovam que ele estava em Bras\u00edlia. Como houve cita\u00e7\u00e3o ao nome do chefe do Executivo, a lei prev\u00ea que STF analise situa\u00e7\u00e3o<\/p>\n","protected":false},"author":1,"featured_media":4295,"comment_status":"open","ping_status":"open","sticky":false,"template":"","format":"standard","meta":{"_uag_custom_page_level_css":"","_monsterinsights_skip_tracking":false,"_monsterinsights_sitenote_active":false,"_monsterinsights_sitenote_note":"","_monsterinsights_sitenote_category":0,"jetpack_post_was_ever_published":false,"_jetpack_newsletter_access":"","_jetpack_dont_email_post_to_subs":false,"_jetpack_newsletter_tier_id":0,"_jetpack_memberships_contains_paywalled_content":false,"_jetpack_memberships_contains_paid_content":false,"footnotes":"","jetpack_publicize_message":"","jetpack_publicize_feature_enabled":true,"jetpack_social_post_already_shared":true,"jetpack_social_options":{"image_generator_settings":{"template":"highway","default_image_id":0,"font":"","enabled":false},"version":2}},"categories":[200],"tags":[672,21,1052],"class_list":["post-4294","post","type-post","status-publish","format-standard","has-post-thumbnail","hentry","category-brasil","tag-assassinato","tag-bolsonaro","tag-marielle"],"jetpack_publicize_connections":[],"jetpack_featured_media_url":"https:\/\/blogopara.com.br\/wp-content\/uploads\/2019\/10\/25095039.jpg","uagb_featured_image_src":{"full":["https:\/\/blogopara.com.br\/wp-content\/uploads\/2019\/10\/25095039.jpg",700,466,false],"thumbnail":["https:\/\/blogopara.com.br\/wp-content\/uploads\/2019\/10\/25095039-150x150.jpg",150,150,true],"medium":["https:\/\/blogopara.com.br\/wp-content\/uploads\/2019\/10\/25095039-300x200.jpg",300,200,true],"medium_large":["https:\/\/blogopara.com.br\/wp-content\/uploads\/2019\/10\/25095039.jpg",640,426,false],"large":["https:\/\/blogopara.com.br\/wp-content\/uploads\/2019\/10\/25095039.jpg",640,426,false],"1536x1536":["https:\/\/blogopara.com.br\/wp-content\/uploads\/2019\/10\/25095039.jpg",700,466,false],"2048x2048":["https:\/\/blogopara.com.br\/wp-content\/uploads\/2019\/10\/25095039.jpg",700,466,false],"mantranews-slider-large":["https:\/\/blogopara.com.br\/wp-content\/uploads\/2019\/10\/25095039.jpg",700,466,false],"mantranews-featured-medium":["https:\/\/blogopara.com.br\/wp-content\/uploads\/2019\/10\/25095039.jpg",420,280,false],"mantranews-featured-long":["https:\/\/blogopara.com.br\/wp-content\/uploads\/2019\/10\/25095039.jpg",300,200,false],"mantranews-block-medium":["https:\/\/blogopara.com.br\/wp-content\/uploads\/2019\/10\/25095039.jpg",436,290,false],"mantranews-carousel-image":["https:\/\/blogopara.com.br\/wp-content\/uploads\/2019\/10\/25095039.jpg",600,399,false],"mantranews-block-thumb":["https:\/\/blogopara.com.br\/wp-content\/uploads\/2019\/10\/25095039.jpg",322,214,false],"mantranews-single-large":["https:\/\/blogopara.com.br\/wp-content\/uploads\/2019\/10\/25095039.jpg",700,466,false]},"uagb_author_info":{"display_name":"Reda\u00e7\u00e3o geral","author_link":"https:\/\/blogopara.com.br\/index.php\/author\/blogopara"},"uagb_comment_info":0,"uagb_excerpt":"Em depoimento, divulgado pelo Jornal Nacional, porteiro disse ter falado com o presidente em sua casa no Rio, mas registros da C\u00e2mara dos Deputados comprovam que ele estava em Bras\u00edlia. Como houve cita\u00e7\u00e3o ao nome do chefe do Executivo, a lei prev\u00ea que STF analise situa\u00e7\u00e3o","jetpack_sharing_enabled":true,"jetpack_likes_enabled":true,"_links":{"self":[{"href":"https:\/\/blogopara.com.br\/index.php\/wp-json\/wp\/v2\/posts\/4294","targetHints":{"allow":["GET"]}}],"collection":[{"href":"https:\/\/blogopara.com.br\/index.php\/wp-json\/wp\/v2\/posts"}],"about":[{"href":"https:\/\/blogopara.com.br\/index.php\/wp-json\/wp\/v2\/types\/post"}],"author":[{"embeddable":true,"href":"https:\/\/blogopara.com.br\/index.php\/wp-json\/wp\/v2\/users\/1"}],"replies":[{"embeddable":true,"href":"https:\/\/blogopara.com.br\/index.php\/wp-json\/wp\/v2\/comments?post=4294"}],"version-history":[{"count":1,"href":"https:\/\/blogopara.com.br\/index.php\/wp-json\/wp\/v2\/posts\/4294\/revisions"}],"predecessor-version":[{"id":4296,"href":"https:\/\/blogopara.com.br\/index.php\/wp-json\/wp\/v2\/posts\/4294\/revisions\/4296"}],"wp:featuredmedia":[{"embeddable":true,"href":"https:\/\/blogopara.com.br\/index.php\/wp-json\/wp\/v2\/media\/4295"}],"wp:attachment":[{"href":"https:\/\/blogopara.com.br\/index.php\/wp-json\/wp\/v2\/media?parent=4294"}],"wp:term":[{"taxonomy":"category","embeddable":true,"href":"https:\/\/blogopara.com.br\/index.php\/wp-json\/wp\/v2\/categories?post=4294"},{"taxonomy":"post_tag","embeddable":true,"href":"https:\/\/blogopara.com.br\/index.php\/wp-json\/wp\/v2\/tags?post=4294"}],"curies":[{"name":"wp","href":"https:\/\/api.w.org\/{rel}","templated":true}]}}